{"id":2333,"date":"2025-06-30T20:30:06","date_gmt":"2025-07-01T00:30:06","guid":{"rendered":"https:\/\/radiopoloniawinnipeg.com\/index.php\/2025\/06\/30\/grozby-steinbach-w-odpowiedzi-na-wpis-polaka\/"},"modified":"2025-06-30T20:30:06","modified_gmt":"2025-07-01T00:30:06","slug":"grozby-steinbach-w-odpowiedzi-na-wpis-polaka","status":"publish","type":"post","link":"https:\/\/radiopoloniawinnipeg.com\/index.php\/2025\/06\/30\/grozby-steinbach-w-odpowiedzi-na-wpis-polaka\/","title":{"rendered":"Gro\u017aby Steinbach w odpowiedzi na wpis Polaka"},"content":{"rendered":"<div id=\"attachment_216437\" style=\"width: 646px\" class=\"wp-caption aligncenter\"><img decoding=\"async\" loading=\"lazy\" aria-describedby=\"caption-attachment-216437\" class=\"size-custom-full-size wp-image-216437\" src=\"https:\/\/bejsment.com\/wp-content\/uploads\/2025\/06\/aasteinbach-636x358.jpg\" alt=\"\" width=\"636\" height=\"358\" \/><\/p>\n<p id=\"caption-attachment-216437\" class=\"wp-caption-text\">Erika Steinbach<\/p>\n<\/div>\n<p><strong>By\u0142a przewodnicz\u0105ca Zwi\u0105zku Wyp\u0119dzonych i polityk skrajnie prawicowej AfD Erika Steinbach stwierdzi\u0142a, \u017ce Polska nie ma \u017cadnych praw do otrzymania reparacji wojennych od Niemiec. Jednocze\u015bnie uzna\u0142a, \u017ce kwestia odszkodowa\u0144 dla Niemc\u00f3w wyw\u0142aszczonych po wojnie z tzw. Ziem Odzyskanych pozostaje nierozwi\u0105zana.<\/strong><\/p>\n<p>Wypowied\u017a Steinbach pojawi\u0142a si\u0119 na platformie X (dawny Twitter) w odpowiedzi na post m\u0142odego dzia\u0142acza polskiej lewicy, kt\u00f3ry zarzuci\u0142 jej wieloletnie deprecjonowanie polskich roszcze\u0144 reparacyjnych oraz podwa\u017canie legalno\u015bci przy\u0142\u0105czenia do Polski ziem na zachodzie kraju po II wojnie \u015bwiatowej.<\/p>\n<p>\u201eNie ma \u017cadnych uzasadnionych polskich roszcze\u0144 reparacyjnych. Ta kwestia zosta\u0142a uregulowana zgodnie z prawem mi\u0119dzynarodowym\u201d \u2013 napisa\u0142a Steinbach. Doda\u0142a jednak, \u017ce \u201ewyw\u0142aszczenia Niemc\u00f3w z dzisiejszej Polski, kt\u00f3re naruszaj\u0105 prawo mi\u0119dzynarodowe, trwaj\u0105\u201d i \u017ce \u201erachunek nadal nie zosta\u0142 wyr\u00f3wnany\u201d.<\/p>\n<p>Na te s\u0142owa zareagowa\u0142 minister obrony narodowej W\u0142adys\u0142aw Kosiniak-Kamysz. \u201eNiemcy wci\u0105\u017c nie rozliczy\u0142y si\u0119 za zbrodnie dokonane w trakcie II wojny \u015bwiatowej. Zado\u015b\u0107uczynienie, jakie powinno zosta\u0107 wyp\u0142acone Polsce, to jedyny rachunek do wyr\u00f3wnania\u201d \u2013 napisa\u0142 w mediach spo\u0142eczno\u015bciowych.<\/p>\n<h3><strong>Gro\u017aby wobec Polski<\/strong><\/h3>\n<p>Niemiecki dziennik \u201eDie Welt\u201d przypomnia\u0142 ostatnio deklaracj\u0119 prezesa IPN Karola Nawrockiego, kandydata PiS w nadchodz\u0105cych wyborach prezydenckich, kt\u00f3ry zapowiedzia\u0142 walk\u0119 o niemieckie reparacje od pierwszego dnia ewentualnej prezydentury.<\/p>\n<p>Ta zapowied\u017a nie spodoba\u0142a si\u0119 Erice Steinbach. W kolejnym wpisie zagrozi\u0142a Polsce: \u201eDla Polski mo\u017ce to by\u0107 kosztowne, je\u015bli Niemcy za\u017c\u0105daj\u0105 odszkodowania za wyw\u0142aszczenie niemieckich wyp\u0119dzonych, kt\u00f3re by\u0142o niezgodne z prawem mi\u0119dzynarodowym. Do dzi\u015b kwestia ta nie zosta\u0142a uregulowana!\u201d.<\/p>\n<p>Wypowiedzi niemieckiej polityk wywo\u0142a\u0142y ostr\u0105 krytyk\u0119 w polskich mediach i w\u015br\u00f3d polityk\u00f3w obozu rz\u0105dz\u0105cego.<\/p>\n<p style=\"text-align: right\"><em>Na podst. ND<\/em><\/p>\n","protected":false},"excerpt":{"rendered":"<p>Erika Steinbach By\u0142a przewodnicz\u0105ca Zwi\u0105zku Wyp\u0119dzonych i polityk skrajnie prawicowej AfD Erika Steinbach stwierdzi\u0142a, \u017ce Polska nie ma \u017cadnych praw do otrzymania reparacji wojennych od&hellip;<\/p>\n","protected":false},"author":3,"featured_media":2334,"comment_status":"open","ping_status":"open","sticky":false,"template":"","format":"standard","meta":{"footnotes":""},"categories":[15,18],"tags":[],"class_list":["post-2333","post","type-post","status-publish","format-standard","has-post-thumbnail","hentry","category-swiat","category-top-news"],"_links":{"self":[{"href":"https:\/\/radiopoloniawinnipeg.com\/index.php\/wp-json\/wp\/v2\/posts\/2333","targetHints":{"allow":["GET"]}}],"collection":[{"href":"https:\/\/radiopoloniawinnipeg.com\/index.php\/wp-json\/wp\/v2\/posts"}],"about":[{"href":"https:\/\/radiopoloniawinnipeg.com\/index.php\/wp-json\/wp\/v2\/types\/post"}],"author":[{"embeddable":true,"href":"https:\/\/radiopoloniawinnipeg.com\/index.php\/wp-json\/wp\/v2\/users\/3"}],"replies":[{"embeddable":true,"href":"https:\/\/radiopoloniawinnipeg.com\/index.php\/wp-json\/wp\/v2\/comments?post=2333"}],"version-history":[{"count":0,"href":"https:\/\/radiopoloniawinnipeg.com\/index.php\/wp-json\/wp\/v2\/posts\/2333\/revisions"}],"wp:featuredmedia":[{"embeddable":true,"href":"https:\/\/radiopoloniawinnipeg.com\/index.php\/wp-json\/wp\/v2\/media\/2334"}],"wp:attachment":[{"href":"https:\/\/radiopoloniawinnipeg.com\/index.php\/wp-json\/wp\/v2\/media?parent=2333"}],"wp:term":[{"taxonomy":"category","embeddable":true,"href":"https:\/\/radiopoloniawinnipeg.com\/index.php\/wp-json\/wp\/v2\/categories?post=2333"},{"taxonomy":"post_tag","embeddable":true,"href":"https:\/\/radiopoloniawinnipeg.com\/index.php\/wp-json\/wp\/v2\/tags?post=2333"}],"curies":[{"name":"wp","href":"https:\/\/api.w.org\/{rel}","templated":true}]}}