{"id":2347,"date":"2025-07-01T12:15:07","date_gmt":"2025-07-01T16:15:07","guid":{"rendered":"https:\/\/radiopoloniawinnipeg.com\/index.php\/2025\/07\/01\/polak-bohaterem-w-irlandii\/"},"modified":"2025-07-01T12:15:07","modified_gmt":"2025-07-01T16:15:07","slug":"polak-bohaterem-w-irlandii","status":"publish","type":"post","link":"https:\/\/radiopoloniawinnipeg.com\/index.php\/2025\/07\/01\/polak-bohaterem-w-irlandii\/","title":{"rendered":"Polak bohaterem w Irlandii"},"content":{"rendered":"<p><img decoding=\"async\" loading=\"lazy\" class=\"aligncenter size-custom-full-size wp-image-216490\" src=\"https:\/\/bejsment.com\/wp-content\/uploads\/2025\/07\/aaciezarowka-636x358.jpg\" alt=\"\" width=\"636\" height=\"358\" \/><\/p>\n<p><strong>Kierowca ci\u0119\u017car\u00f3wki uratowa\u0142 m\u0119\u017cczyzn\u0119 z p\u0142on\u0105cego mieszkania<\/strong><\/p>\n<p>Dzi\u0119ki zimnej krwi i szybkiej reakcji Tomasza Zar\u0119by, polskiego kierowcy pracuj\u0105cego w Irlandii, uda\u0142o si\u0119 ocali\u0107 \u017cycie m\u0119\u017cczyzny uwi\u0119zionego w p\u0142on\u0105cym mieszkaniu w Dublinie. Polak ustawi\u0142 ci\u0119\u017car\u00f3wk\u0119 tak, by poszkodowany m\u00f3g\u0142 zeskoczy\u0107 na jej dach i unikn\u0105\u0107 \u015bmierci.<\/p>\n<h3><strong>Po\u017car w centrum Dublina<\/strong><\/h3>\n<p>Do dramatycznego zdarzenia dosz\u0142o w poniedzia\u0142kowy poranek w dzielnicy Granby Row w stolicy Irlandii. Z okien jednego z mieszka\u0144 na drugim pi\u0119trze zacz\u0105\u0142 wydobywa\u0107 si\u0119 g\u0119sty, czarny dym. Wkr\u00f3tce pojawi\u0142y si\u0119 te\u017c p\u0142omienie i krzyki o pomoc.<\/p>\n<p>Na miejsce przypadkiem trafi\u0142 Tomasz Zar\u0119ba \u2013 kierowca z Polski, kt\u00f3ry rozwozi\u0142 towar po centrum Dublina. Kiedy zobaczy\u0142 dramat rozgrywaj\u0105cy si\u0119 na jego oczach, natychmiast ruszy\u0142 do dzia\u0142ania.<\/p>\n<h3><strong>Dach ci\u0119\u017car\u00f3wki zamiast chodnika<\/strong><\/h3>\n<p>\u2013 Pomy\u015bla\u0142em, \u017ce b\u0119dzie dla niego o wiele bezpieczniej, je\u015bli zeskoczy na ci\u0119\u017car\u00f3wk\u0119, a nie na chodnik \u2013 powiedzia\u0142 Zar\u0119ba w rozmowie z dziennikarzami.<\/p>\n<p>M\u0119\u017cczyzna, kt\u00f3ry wcze\u015bniej wyskoczy\u0142 z budynku, le\u017ca\u0142 ju\u017c na chodniku \u2013 najprawdopodobniej ze z\u0142amanymi nogami. Drugi, wci\u0105\u017c uwi\u0119ziony w mieszkaniu, nie wiedzia\u0142, co robi\u0107 \u2013 za nim p\u0142on\u0119\u0142o mieszkanie, a przed nim by\u0142a przepa\u015b\u0107.<\/p>\n<h3><strong>Brawurowa akcja ratunkowa<\/strong><\/h3>\n<p>Polski kierowca wycofa\u0142 ci\u0119\u017car\u00f3wk\u0119 i ustawi\u0142 j\u0105 tu\u017c pod oknem, z kt\u00f3rego wo\u0142a\u0142 o pomoc przera\u017cony m\u0119\u017cczyzna. \u2013 Cofn\u0105\u0142em ci\u0119\u017car\u00f3wk\u0119 tak blisko, jak tylko by\u0142o to bezpieczne. Potem wszyscy z do\u0142u krzykn\u0119li, \u017ceby skaka\u0142 \u2013 relacjonowa\u0142 Tomasz Zar\u0119ba.<\/p>\n<p>Zdesperowany m\u0119\u017cczyzna zeskoczy\u0142 na dach pojazdu, unikaj\u0105c \u015bmierci. Na miejsce dotarli stra\u017cacy, kt\u00f3rzy ugasili po\u017car i udzielili pomocy rannym.<\/p>\n<h3><strong>Pochwa\u0142y i podzi\u0119kowania<\/strong><\/h3>\n<p>Postawa Polaka zosta\u0142a natychmiast zauwa\u017cona i doceniona \u2013 zar\u00f3wno przez s\u0142u\u017cby ratunkowe, jak i jego pracodawc\u00f3w. Irlandzkie media podkre\u015blaj\u0105, \u017ce bez jego pomocy sytuacja mog\u0142aby zako\u0144czy\u0107 si\u0119 tragicznie.<\/p>\n<p>Dziennik \u201e<em>Irish Times\u201d<\/em> podkre\u015bla, \u017ce Zar\u0119ba by\u0142 kierowc\u0105 Eurospar, kt\u00f3ry od 1998 r. mieszka i pracuje w Irlandii. W rozmowie z gazet\u0105 powiedzia\u0142:<\/p>\n<p>\u201eOne guy was lying on the footpath. He had blood on his face\u2026 Another was screaming from the window\u2026 I reversed the lorry as close as I safely could to the window\u201d<\/p>\n<p>Ponadto doda\u0142:<\/p>\n<p>\u201eHe was okay, I think\u2026 I waited in case maybe somebody else would need to jump from the window\u201d<\/p>\n<h3><strong>Pochwa\u0142y od pracodawcy<\/strong><\/h3>\n<p>Joanne Mellon, dyrektor logistyki BWG Foods (Eurospar), wyrazi\u0142a podziw:<\/p>\n<p>\u201eIt was an incredibly brave intervention, with the assistance of others who were in the area\u2026 We hope those who were caught up in the incident make a full recovery\u201d<\/p>\n<p>Zwyk\u0142y dzie\u0144 pracy Tomasza Zar\u0119by zamieni\u0142 si\u0119 w heroiczn\u0105 akcj\u0119 ratunkow\u0105, kt\u00f3rej fina\u0142 m\u00f3g\u0142by \u015bmia\u0142o trafi\u0107 na pierwsze strony gazet \u2013 i w\u0142a\u015bnie tam trafi\u0142.<\/p>\n<p style=\"text-align: right\"><em>Na podst. BBC<\/em><\/p>\n","protected":false},"excerpt":{"rendered":"<p>Kierowca ci\u0119\u017car\u00f3wki uratowa\u0142 m\u0119\u017cczyzn\u0119 z p\u0142on\u0105cego mieszkania Dzi\u0119ki zimnej krwi i szybkiej reakcji Tomasza Zar\u0119by, polskiego kierowcy pracuj\u0105cego w Irlandii, uda\u0142o si\u0119 ocali\u0107 \u017cycie m\u0119\u017cczyzny&hellip;<\/p>\n","protected":false},"author":3,"featured_media":2348,"comment_status":"open","ping_status":"open","sticky":false,"template":"","format":"standard","meta":{"footnotes":""},"categories":[15,18],"tags":[],"class_list":["post-2347","post","type-post","status-publish","format-standard","has-post-thumbnail","hentry","category-swiat","category-top-news"],"_links":{"self":[{"href":"https:\/\/radiopoloniawinnipeg.com\/index.php\/wp-json\/wp\/v2\/posts\/2347","targetHints":{"allow":["GET"]}}],"collection":[{"href":"https:\/\/radiopoloniawinnipeg.com\/index.php\/wp-json\/wp\/v2\/posts"}],"about":[{"href":"https:\/\/radiopoloniawinnipeg.com\/index.php\/wp-json\/wp\/v2\/types\/post"}],"author":[{"embeddable":true,"href":"https:\/\/radiopoloniawinnipeg.com\/index.php\/wp-json\/wp\/v2\/users\/3"}],"replies":[{"embeddable":true,"href":"https:\/\/radiopoloniawinnipeg.com\/index.php\/wp-json\/wp\/v2\/comments?post=2347"}],"version-history":[{"count":0,"href":"https:\/\/radiopoloniawinnipeg.com\/index.php\/wp-json\/wp\/v2\/posts\/2347\/revisions"}],"wp:featuredmedia":[{"embeddable":true,"href":"https:\/\/radiopoloniawinnipeg.com\/index.php\/wp-json\/wp\/v2\/media\/2348"}],"wp:attachment":[{"href":"https:\/\/radiopoloniawinnipeg.com\/index.php\/wp-json\/wp\/v2\/media?parent=2347"}],"wp:term":[{"taxonomy":"category","embeddable":true,"href":"https:\/\/radiopoloniawinnipeg.com\/index.php\/wp-json\/wp\/v2\/categories?post=2347"},{"taxonomy":"post_tag","embeddable":true,"href":"https:\/\/radiopoloniawinnipeg.com\/index.php\/wp-json\/wp\/v2\/tags?post=2347"}],"curies":[{"name":"wp","href":"https:\/\/api.w.org\/{rel}","templated":true}]}}