{"id":2357,"date":"2025-07-01T19:15:04","date_gmt":"2025-07-01T23:15:04","guid":{"rendered":"https:\/\/radiopoloniawinnipeg.com\/index.php\/2025\/07\/01\/wycofanie-sie-z-podatku-od-uslug-cyfrowych-to-element-szerszych-negocjacji\/"},"modified":"2025-07-01T19:15:04","modified_gmt":"2025-07-01T23:15:04","slug":"wycofanie-sie-z-podatku-od-uslug-cyfrowych-to-element-szerszych-negocjacji","status":"publish","type":"post","link":"https:\/\/radiopoloniawinnipeg.com\/index.php\/2025\/07\/01\/wycofanie-sie-z-podatku-od-uslug-cyfrowych-to-element-szerszych-negocjacji\/","title":{"rendered":"Wycofanie si\u0119 z podatku od us\u0142ug cyfrowych to &#8220;element szerszych negocjacji&#8221;"},"content":{"rendered":"<p><img decoding=\"async\" loading=\"lazy\" class=\"aligncenter size-custom-full-size wp-image-216511\" src=\"https:\/\/bejsment.com\/wp-content\/uploads\/2025\/07\/aacarneytrump-636x399.jpg\" alt=\"\" width=\"636\" height=\"399\" \/><\/p>\n<p><strong>Premier Mark Carney poinformowa\u0142, \u017ce decyzja jego rz\u0105du o wycofaniu si\u0119 z podatku od us\u0142ug cyfrowych (Digital Services Tax, DST) to element szerszych negocjacji handlowych ze Stanami Zjednoczonymi. Wycofanie nast\u0105pi\u0142o tu\u017c przed terminem pierwszej p\u0142atno\u015bci, a kilka dni po tym, jak prezydent USA Donald Trump zawiesi\u0142 rozmowy handlowe z Kanad\u0105 w\u0142a\u015bnie z powodu planowanego podatku.<\/strong><\/p>\n<p>\u2013 To co\u015b, czego spodziewali\u015bmy si\u0119 w szerszym sensie, \u017ce b\u0119dzie cz\u0119\u015bci\u0105 ostatecznego porozumienia \u2013 powiedzia\u0142 Carney, komentuj\u0105c nag\u0142e wycofanie podatku. Rozmowy handlowe pomi\u0119dzy Kanad\u0105 i USA zosta\u0142y wznowione w poniedzia\u0142ek rano.<\/p>\n<p>W niedziel\u0119 wieczorem, na zako\u0144czenie intensywnych konsultacji trwaj\u0105cych ca\u0142y weekend, Carney zadzwoni\u0142 do Donalda Trumpa, by poinformowa\u0107 go o decyzji. Podatek mia\u0142 obj\u0105\u0107 m.in. firmy Amazon, Google, Meta, Uber i Airbnb, a jego retroaktywne zastosowanie do 2022 roku mog\u0142o kosztowa\u0107 ameryka\u0144skie korporacje nawet 2 miliardy dolar\u00f3w.<\/p>\n<h3><strong>Waszyngton: \u201eCarney ugi\u0105\u0142 si\u0119 przed Trumpem\u201d<\/strong><\/h3>\n<p>Bia\u0142y Dom zareagowa\u0142 entuzjastycznie. Rzeczniczka Karoline Leavitt stwierdzi\u0142a, \u017ce premier Carney \u201eugi\u0105\u0142 si\u0119 przed prezydentem Trumpem i Stanami Zjednoczonymi\u201d. \u2013 To wielkie zwyci\u0119stwo dla naszych firm technologicznych i pracownik\u00f3w \u2013 podkre\u015bli\u0142a.<\/p>\n<h3><strong>Krytyka opozycji: kapitulacja i chaos<\/strong><\/h3>\n<p>Decyzja Carneya spotka\u0142a si\u0119 z ostr\u0105 krytyk\u0105 kanadyjskiej opozycji. Tymczasowy lider NDP Don Davies nazwa\u0142 j\u0105 \u201eczystym ugi\u0119ciem si\u0119 pod naciskiem Trumpa i jego przyjaci\u00f3\u0142 miliarder\u00f3w\u201d. Jego zdaniem Kanada rezygnuje z prawa do suwerennej polityki podatkowej.<\/p>\n<p>Lider Bloku Quebecu Yves-Fran\u00e7ois Blanchet napisa\u0142 w mediach spo\u0142eczno\u015bciowych, \u017ce Carney zgadza si\u0119 na ust\u0119pstwa \u2013 m.in. w sprawach obronno\u015bci czy ce\u0142 \u2013 bez osi\u0105gania realnych korzy\u015bci.<\/p>\n<p>Z kolei Pierre Poilievre, lider Partii Konserwatywnej, zauwa\u017cy\u0142, \u017ce decyzja o wycofaniu DST zapad\u0142a zaledwie kilka dni po zapewnieniach ministra finans\u00f3w Fran\u00e7ois-Philippe\u2019a Champagne\u2019a, \u017ce podatek wejdzie w \u017cycie zgodnie z planem. \u2013 Premier najpierw zaj\u0105\u0142 tward\u0105 pozycj\u0119, a p\u00f3\u017aniej si\u0119 wycofa\u0142 \u2013 skwitowa\u0142 Poilievre, wzywaj\u0105c do uzyskania realnych ust\u0119pstw ze strony USA, zw\u0142aszcza w sprawie ce\u0142 na drewno iglaste.<\/p>\n<h3><strong>Zamieszanie w\u015br\u00f3d firm<\/strong><\/h3>\n<p>Cho\u0107 decyzj\u0119 podj\u0119to zaledwie kilka godzin przed wymaganym terminem, wiele firm ju\u017c rozpocz\u0119\u0142o procedury p\u0142atno\u015bci. Tariq Nasir z EY Canada poinformowa\u0142, \u017ce cz\u0119\u015b\u0107 z nich zd\u0105\u017cy\u0142a nawet przekaza\u0107 \u015brodki, cho\u0107 Kanadyjska Agencja Podatkowa nie przetworzy\u0142a jeszcze p\u0142atno\u015bci. Firmy zastanawiaj\u0105 si\u0119 teraz, jak je rozliczy\u0107 i odzyska\u0107.<\/p>\n<h3><strong>Co dalej?<\/strong><\/h3>\n<p>Premier Carney zapewnia, \u017ce zniesienie DST to element szerszego planu i nie oznacza rezygnacji z ochrony interes\u00f3w Kanady. \u2013 Nie ma sensu pobiera\u0107 od ludzi podatk\u00f3w, a potem je zwraca\u0107 \u2013 powiedzia\u0142.<\/p>\n<p>Jednak dla wielu obserwator\u00f3w ta decyzja to co\u015b wi\u0119cej ni\u017c tylko zmiana kursu podatkowego \u2013 to test dyplomatycznej si\u0142y nowego rz\u0105du w relacjach z Waszyngtonem.<\/p>\n<p style=\"text-align: right\"><em>Na podst. Canadian Press<\/em><\/p>\n","protected":false},"excerpt":{"rendered":"<p>Premier Mark Carney poinformowa\u0142, \u017ce decyzja jego rz\u0105du o wycofaniu si\u0119 z podatku od us\u0142ug cyfrowych (Digital Services Tax, DST) to element szerszych negocjacji handlowych&hellip;<\/p>\n","protected":false},"author":3,"featured_media":2358,"comment_status":"open","ping_status":"open","sticky":false,"template":"","format":"standard","meta":{"footnotes":""},"categories":[12,18],"tags":[],"class_list":["post-2357","post","type-post","status-publish","format-standard","has-post-thumbnail","hentry","category-kanada","category-top-news"],"_links":{"self":[{"href":"https:\/\/radiopoloniawinnipeg.com\/index.php\/wp-json\/wp\/v2\/posts\/2357","targetHints":{"allow":["GET"]}}],"collection":[{"href":"https:\/\/radiopoloniawinnipeg.com\/index.php\/wp-json\/wp\/v2\/posts"}],"about":[{"href":"https:\/\/radiopoloniawinnipeg.com\/index.php\/wp-json\/wp\/v2\/types\/post"}],"author":[{"embeddable":true,"href":"https:\/\/radiopoloniawinnipeg.com\/index.php\/wp-json\/wp\/v2\/users\/3"}],"replies":[{"embeddable":true,"href":"https:\/\/radiopoloniawinnipeg.com\/index.php\/wp-json\/wp\/v2\/comments?post=2357"}],"version-history":[{"count":0,"href":"https:\/\/radiopoloniawinnipeg.com\/index.php\/wp-json\/wp\/v2\/posts\/2357\/revisions"}],"wp:featuredmedia":[{"embeddable":true,"href":"https:\/\/radiopoloniawinnipeg.com\/index.php\/wp-json\/wp\/v2\/media\/2358"}],"wp:attachment":[{"href":"https:\/\/radiopoloniawinnipeg.com\/index.php\/wp-json\/wp\/v2\/media?parent=2357"}],"wp:term":[{"taxonomy":"category","embeddable":true,"href":"https:\/\/radiopoloniawinnipeg.com\/index.php\/wp-json\/wp\/v2\/categories?post=2357"},{"taxonomy":"post_tag","embeddable":true,"href":"https:\/\/radiopoloniawinnipeg.com\/index.php\/wp-json\/wp\/v2\/tags?post=2357"}],"curies":[{"name":"wp","href":"https:\/\/api.w.org\/{rel}","templated":true}]}}