{"id":2363,"date":"2025-07-02T08:30:03","date_gmt":"2025-07-02T12:30:03","guid":{"rendered":"https:\/\/radiopoloniawinnipeg.com\/index.php\/2025\/07\/02\/karol-nawrocki-spotkal-sie-z-szefem-nato\/"},"modified":"2025-07-02T08:30:03","modified_gmt":"2025-07-02T12:30:03","slug":"karol-nawrocki-spotkal-sie-z-szefem-nato","status":"publish","type":"post","link":"https:\/\/radiopoloniawinnipeg.com\/index.php\/2025\/07\/02\/karol-nawrocki-spotkal-sie-z-szefem-nato\/","title":{"rendered":"Karol Nawrocki spotka\u0142 si\u0119 z szefem NATO"},"content":{"rendered":"<p><img decoding=\"async\" loading=\"lazy\" class=\"aligncenter size-custom-full-size wp-image-216595\" src=\"https:\/\/bejsment.com\/wp-content\/uploads\/2025\/07\/aanawrockinato-636x478.jpg\" alt=\"\" width=\"636\" height=\"478\" \/><\/p>\n<p><strong>Karol Nawrocki, prezydent elekt RP, rozpocz\u0105\u0142 swoj\u0105 aktywno\u015b\u0107 dyplomatyczn\u0105 od wizyty w Brukseli, gdzie spotka\u0142 si\u0119 z nowym sekretarzem generalnym NATO Markiem Rutte. To jego pierwsze oficjalne rozmowy zagraniczne w roli przysz\u0142ej g\u0142owy pa\u0144stwa.<\/strong><\/p>\n<p>\u201eOdpowiadaj\u0105c na zaproszenie, spotka\u0142em si\u0119 dzi\u015b w Brukseli z Sekretarzem Generalnym Sojuszu P\u00f3\u0142nocnoatlantyckiego Markiem Rutte. Rozmawiali\u015bmy o wsp\u00f3\u0142pracy w ramach NATO\u201d \u2013 poinformowa\u0142 Nawrocki we wtorkowy wiecz\u00f3r na portalu X. W swoim wpisie podkre\u015bli\u0142, \u017ce \u201egwarancja bezpiecze\u0144stwa oraz wzajemne zrozumienie potrzeb stanowi\u0105 fundament silnych i odpowiedzialnych relacji mi\u0119dzynarodowych\u201d. Podzi\u0119kowa\u0142 tak\u017ce szefowi NATO za \u2013 jak to uj\u0105\u0142 \u2013 \u201ebardzo dobr\u0105 rozmow\u0119 o powa\u017cnych sprawach w \u017cyczliwej atmosferze\u201d.<\/p>\n<blockquote class=\"twitter-tweet\" data-width=\"550\" data-dnt=\"true\">\n<p lang=\"pl\" dir=\"ltr\">Odpowiadaj\u0105c na zaproszenie, spotka\u0142em si\u0119 dzi\u015b w Brukseli z Sekretarzem Generalnym Sojuszu P\u00f3\u0142nocnoatlantyckiego Markiem Rutte. Rozmawiali\u015bmy o wsp\u00f3\u0142pracy w ramach NATO. Gwarancja bezpiecze\u0144stwa oraz wzajemne zrozumienie potrzeb stanowi\u0105 fundament silnych i odpowiedzialnych\u2026 <a href=\"https:\/\/t.co\/JXXQOuEhdL\">pic.twitter.com\/JXXQOuEhdL<\/a><\/p>\n<p>&mdash; Karol Nawrocki (@NawrockiKn) <a href=\"https:\/\/twitter.com\/NawrockiKn\/status\/1940116072742473919?ref_src=twsrc%5Etfw\">July 1, 2025<\/a><\/p>\n<\/blockquote>\n<p>O dyplomatycznym debiucie Nawrockiego m\u00f3wi\u0142 r\u00f3wnie\u017c pose\u0142 PiS Marcin Przydacz, kt\u00f3ry w przysz\u0142ej kancelarii prezydenta ma odpowiada\u0107 za sprawy zagraniczne. Jak zaznaczy\u0142, to spotkanie w Brukseli by\u0142o symbolicznym pocz\u0105tkiem mi\u0119dzynarodowej aktywno\u015bci prezydenta elekta.<\/p>\n<h3><strong>Nowe zobowi\u0105zania NATO. 5 proc. PKB na bezpiecze\u0144stwo do 2035 roku<\/strong><\/h3>\n<p>W tle wizyty Nawrockiego znajduje si\u0119 zesz\u0142otygodniowy szczyt NATO w Hadze, podczas kt\u00f3rego przyw\u00f3dcy pa\u0144stw cz\u0142onkowskich przyj\u0119li nowy, ambitny cel wydatkowy na obronno\u015b\u0107. Zgodnie z deklaracj\u0105, do 2035 roku kraje NATO b\u0119d\u0105 przeznacza\u0107 a\u017c 5 proc. PKB rocznie na potrzeby bezpiecze\u0144stwa i obrony.<\/p>\n<p>Nowy model zak\u0142ada, \u017ce 3,5 proc. ma trafi\u0107 na podstawow\u0105 obron\u0119 \u2013 tak\u0105 jak utrzymanie si\u0142 zbrojnych czy zakup uzbrojenia \u2013 a pozosta\u0142e 1,5 proc. na dzia\u0142ania wspieraj\u0105ce, takie jak cyberbezpiecze\u0144stwo, ochrona infrastruktury energetycznej, modernizacja most\u00f3w i dr\u00f3g do transportu wojskowego. To radykalne zwi\u0119kszenie zobowi\u0105za\u0144 w stosunku do dotychczasowego celu wynosz\u0105cego 2 proc. PKB.<\/p>\n<p>Liderzy NATO potwierdzili tak\u017ce swoje przywi\u0105zanie do art. 5 Traktatu Waszyngto\u0144skiego, kt\u00f3ry gwarantuje, \u017ce atak na jedno pa\u0144stwo cz\u0142onkowskie traktowany b\u0119dzie jako atak na ca\u0142y Sojusz. Wzmacnianie tej zasady, tak\u017ce finansowo, to wyra\u017any sygna\u0142 jedno\u015bci i gotowo\u015bci do odpowiedzi na zagro\u017cenia \u2013 zar\u00f3wno klasyczne, jak i hybrydowe.<\/p>\n<p><em>Na podst. DRz<\/em><\/p>\n","protected":false},"excerpt":{"rendered":"<p>Karol Nawrocki, prezydent elekt RP, rozpocz\u0105\u0142 swoj\u0105 aktywno\u015b\u0107 dyplomatyczn\u0105 od wizyty w Brukseli, gdzie spotka\u0142 si\u0119 z nowym sekretarzem generalnym NATO Markiem Rutte. To jego&hellip;<\/p>\n","protected":false},"author":3,"featured_media":2364,"comment_status":"open","ping_status":"open","sticky":false,"template":"","format":"standard","meta":{"footnotes":""},"categories":[15,18],"tags":[],"class_list":["post-2363","post","type-post","status-publish","format-standard","has-post-thumbnail","hentry","category-swiat","category-top-news"],"_links":{"self":[{"href":"https:\/\/radiopoloniawinnipeg.com\/index.php\/wp-json\/wp\/v2\/posts\/2363","targetHints":{"allow":["GET"]}}],"collection":[{"href":"https:\/\/radiopoloniawinnipeg.com\/index.php\/wp-json\/wp\/v2\/posts"}],"about":[{"href":"https:\/\/radiopoloniawinnipeg.com\/index.php\/wp-json\/wp\/v2\/types\/post"}],"author":[{"embeddable":true,"href":"https:\/\/radiopoloniawinnipeg.com\/index.php\/wp-json\/wp\/v2\/users\/3"}],"replies":[{"embeddable":true,"href":"https:\/\/radiopoloniawinnipeg.com\/index.php\/wp-json\/wp\/v2\/comments?post=2363"}],"version-history":[{"count":0,"href":"https:\/\/radiopoloniawinnipeg.com\/index.php\/wp-json\/wp\/v2\/posts\/2363\/revisions"}],"wp:featuredmedia":[{"embeddable":true,"href":"https:\/\/radiopoloniawinnipeg.com\/index.php\/wp-json\/wp\/v2\/media\/2364"}],"wp:attachment":[{"href":"https:\/\/radiopoloniawinnipeg.com\/index.php\/wp-json\/wp\/v2\/media?parent=2363"}],"wp:term":[{"taxonomy":"category","embeddable":true,"href":"https:\/\/radiopoloniawinnipeg.com\/index.php\/wp-json\/wp\/v2\/categories?post=2363"},{"taxonomy":"post_tag","embeddable":true,"href":"https:\/\/radiopoloniawinnipeg.com\/index.php\/wp-json\/wp\/v2\/tags?post=2363"}],"curies":[{"name":"wp","href":"https:\/\/api.w.org\/{rel}","templated":true}]}}