{"id":2383,"date":"2025-07-03T07:30:06","date_gmt":"2025-07-03T11:30:06","guid":{"rendered":"https:\/\/radiopoloniawinnipeg.com\/index.php\/2025\/07\/03\/nowa-partia-na-horyzoncie\/"},"modified":"2025-07-03T07:30:06","modified_gmt":"2025-07-03T11:30:06","slug":"nowa-partia-na-horyzoncie","status":"publish","type":"post","link":"https:\/\/radiopoloniawinnipeg.com\/index.php\/2025\/07\/03\/nowa-partia-na-horyzoncie\/","title":{"rendered":"Nowa partia na horyzoncie"},"content":{"rendered":"<div id=\"attachment_216660\" style=\"width: 646px\" class=\"wp-caption aligncenter\"><img decoding=\"async\" loading=\"lazy\" aria-describedby=\"caption-attachment-216660\" class=\"size-custom-full-size wp-image-216660\" src=\"https:\/\/bejsment.com\/wp-content\/uploads\/2025\/07\/aamus-636x477.jpg\" alt=\"\" width=\"636\" height=\"477\" \/><\/p>\n<p id=\"caption-attachment-216660\" class=\"wp-caption-text\">Miliarder Arkadiusz Mu\u015b<\/p>\n<\/div>\n<p><strong>Narastaj\u0105ce rozczarowanie \u015brodowisk przedsi\u0119biorc\u00f3w rz\u0105dami Donalda Tuska mo\u017ce przynie\u015b\u0107 istotne przetasowania na polskiej scenie politycznej. Jak informuje \u201eRzeczpospolita\u201d, w kr\u0119gach zwi\u0105zanych z biznesem \u2013 m.in. z miliarderem Arkadiuszem Musiem \u2013 trwaj\u0105 prace nad utworzeniem nowej, liberalnej i pro-biznesowej partii politycznej. R\u00f3wnolegle w\u0142asny projekt polityczny rozwija\u0107 ma senator Wadim Tyszkiewicz, skupiaj\u0105c si\u0119 na wzmocnieniu roli samorz\u0105d\u00f3w i obronie przed autorytarnym dryfem.<\/strong><\/p>\n<p>Wielu przedsi\u0119biorc\u00f3w, kt\u00f3rzy z nadziej\u0105 patrzyli na powr\u00f3t Donalda Tuska do w\u0142adzy, dzi\u015b otwarcie m\u00f3wi o zawodzie. \u2013 Mia\u0142 by\u0107 rok prze\u0142omu, a jest jak zwykle: du\u017co zapowiedzi, a na koniec wygrywa urz\u0119dnicze lobby \u2013 mia\u0142 powiedzie\u0107 jeden z rozm\u00f3wc\u00f3w \u201eRz\u201d, zwi\u0105zany ze \u015brodowiskiem Arkadiusza Musia.<\/p>\n<p>W\u015br\u00f3d g\u0142\u00f3wnych zarzut\u00f3w wobec obecnego rz\u0105du wymienia si\u0119 brak konkretnych reform, nieprzejrzyste regulacje oraz polityczne rozgrywki, kt\u00f3re parali\u017cuj\u0105 decyzje wa\u017cne dla gospodarki. Sam Mu\u015b w styczniowej rozmowie z \u201eGazet\u0105 Wyborcz\u0105\u201d ocenia\u0142, \u017ce cho\u0107 Tusk wygra\u0142 na sprzeciwie wobec PiS, to w kwestiach gospodarczych \u201eidzie ich \u015bladem\u201d.<\/p>\n<h3><strong>\u201eKonfederacja light\u201d \u2013 nowy wehiku\u0142 polityczny?<\/strong><\/h3>\n<p>Z informacji \u201eRzeczpospolitej\u201d wynika, \u017ce twarz\u0105 nowej formacji mia\u0142by zosta\u0107 w\u0142a\u015bnie Arkadiusz Mu\u015b \u2013 za\u0142o\u017cyciel i prezes Press Glass, firmy b\u0119d\u0105cej europejskim liderem w produkcji szyb zespolonych. Nowa partia mia\u0142aby trafi\u0107 do rozczarowanych wyborc\u00f3w \u015brodka, szczeg\u00f3lnie m\u0142odego pokolenia, kt\u00f3re w wyborach prezydenckich stawia\u0142o na kandydat\u00f3w spoza g\u0142\u00f3wnego nurtu, takich jak Adrian Zandberg czy S\u0142awomir Mentzen.<\/p>\n<p>Nieoficjalnie m\u00f3wi si\u0119, \u017ce nowa inicjatywa mog\u0142aby po\u0142\u0105czy\u0107 wolnorynkowe podej\u015bcie z nowoczesn\u0105 form\u0105 komunikacji i \u015bwie\u017cymi twarzami, unikaj\u0105c przy tym radykalizmu charakterystycznego dla Konfederacji. St\u0105d pojawiaj\u0105 si\u0119 por\u00f3wnania do \u201eKonfederacji w wersji light\u201d \u2013 liberalnej gospodarczo, ale bez skrajnie prawicowych hase\u0142.<\/p>\n<h3><strong>Tyszkiewicz stawia na samorz\u0105d<\/strong><\/h3>\n<p>R\u00f3wnolegle w\u0142asny projekt polityczny rozwija senator Wadim Tyszkiewicz \u2013 by\u0142y prezydent Nowej Soli, dzi\u015b zwi\u0105zany z Ruchem Samorz\u0105dowym TAK! Dla Polski. W jego za\u0142o\u017ceniu nowa formacja nie b\u0119dzie mia\u0142a jednego lidera, a jej trzonem ma by\u0107 w\u0142a\u015bnie samorz\u0105dno\u015b\u0107 i przekonanie, \u017ce lokalne wsp\u00f3lnoty powinny mie\u0107 wi\u0119kszy wp\u0142yw na krajow\u0105 polityk\u0119.<\/p>\n<div id=\"attachment_216663\" style=\"width: 646px\" class=\"wp-caption aligncenter\"><img decoding=\"async\" loading=\"lazy\" aria-describedby=\"caption-attachment-216663\" class=\"size-custom-full-size wp-image-216663\" src=\"https:\/\/bejsment.com\/wp-content\/uploads\/2025\/07\/aawadimtyszkiewicz-636x398.jpg\" alt=\"\" width=\"636\" height=\"398\" \/><\/p>\n<p id=\"caption-attachment-216663\" class=\"wp-caption-text\">Wadim Tyszkiewicz<\/p>\n<\/div>\n<p>Celem nowego ugrupowania Tyszkiewicza ma by\u0107 przeciwdzia\u0142anie ewentualnemu przej\u0119ciu w\u0142adzy przez skrajn\u0105 prawic\u0119 i konserwatyst\u00f3w, a tak\u017ce niedopuszczenie do scenariusza w\u0119gierskiego, w kt\u00f3rym partia rz\u0105dz\u0105ca mog\u0142aby zmonopolizowa\u0107 instytucje pa\u0144stwowe i zmieni\u0107 ustr\u00f3j.<\/p>\n<p>\u2013 Nie mo\u017cemy dopu\u015bci\u0107, by Polska powt\u00f3rzy\u0142a drog\u0119 Viktora Orb\u00e1na \u2013 przestrzega senator, wskazuj\u0105c na zagro\u017cenie ze strony ugrupowa\u0144 takich jak PiS, Konfederacja czy partia Grzegorza Brauna, kt\u00f3re \u2013 jego zdaniem \u2013 mog\u0105 pchn\u0105\u0107 pa\u0144stwo w kierunku autorytaryzmu.<\/p>\n<p style=\"text-align: right\"><em>Na podst. Rzeczpospolita, i.Pl<\/em><\/p>\n","protected":false},"excerpt":{"rendered":"<p>Miliarder Arkadiusz Mu\u015b Narastaj\u0105ce rozczarowanie \u015brodowisk przedsi\u0119biorc\u00f3w rz\u0105dami Donalda Tuska mo\u017ce przynie\u015b\u0107 istotne przetasowania na polskiej scenie politycznej. Jak informuje \u201eRzeczpospolita\u201d, w kr\u0119gach zwi\u0105zanych z&hellip;<\/p>\n","protected":false},"author":3,"featured_media":2384,"comment_status":"open","ping_status":"open","sticky":false,"template":"","format":"standard","meta":{"footnotes":""},"categories":[14,18],"tags":[],"class_list":["post-2383","post","type-post","status-publish","format-standard","has-post-thumbnail","hentry","category-polska","category-top-news"],"_links":{"self":[{"href":"https:\/\/radiopoloniawinnipeg.com\/index.php\/wp-json\/wp\/v2\/posts\/2383","targetHints":{"allow":["GET"]}}],"collection":[{"href":"https:\/\/radiopoloniawinnipeg.com\/index.php\/wp-json\/wp\/v2\/posts"}],"about":[{"href":"https:\/\/radiopoloniawinnipeg.com\/index.php\/wp-json\/wp\/v2\/types\/post"}],"author":[{"embeddable":true,"href":"https:\/\/radiopoloniawinnipeg.com\/index.php\/wp-json\/wp\/v2\/users\/3"}],"replies":[{"embeddable":true,"href":"https:\/\/radiopoloniawinnipeg.com\/index.php\/wp-json\/wp\/v2\/comments?post=2383"}],"version-history":[{"count":0,"href":"https:\/\/radiopoloniawinnipeg.com\/index.php\/wp-json\/wp\/v2\/posts\/2383\/revisions"}],"wp:featuredmedia":[{"embeddable":true,"href":"https:\/\/radiopoloniawinnipeg.com\/index.php\/wp-json\/wp\/v2\/media\/2384"}],"wp:attachment":[{"href":"https:\/\/radiopoloniawinnipeg.com\/index.php\/wp-json\/wp\/v2\/media?parent=2383"}],"wp:term":[{"taxonomy":"category","embeddable":true,"href":"https:\/\/radiopoloniawinnipeg.com\/index.php\/wp-json\/wp\/v2\/categories?post=2383"},{"taxonomy":"post_tag","embeddable":true,"href":"https:\/\/radiopoloniawinnipeg.com\/index.php\/wp-json\/wp\/v2\/tags?post=2383"}],"curies":[{"name":"wp","href":"https:\/\/api.w.org\/{rel}","templated":true}]}}