{"id":2398,"date":"2025-07-03T17:30:05","date_gmt":"2025-07-03T21:30:05","guid":{"rendered":"https:\/\/radiopoloniawinnipeg.com\/index.php\/2025\/07\/03\/stolica-kolumbii-brytyjskiej-reaguje-na-fale-przemocy\/"},"modified":"2025-07-03T17:30:05","modified_gmt":"2025-07-03T21:30:05","slug":"stolica-kolumbii-brytyjskiej-reaguje-na-fale-przemocy","status":"publish","type":"post","link":"https:\/\/radiopoloniawinnipeg.com\/index.php\/2025\/07\/03\/stolica-kolumbii-brytyjskiej-reaguje-na-fale-przemocy\/","title":{"rendered":"Stolica Kolumbii Brytyjskiej reaguje na fal\u0119 przemocy"},"content":{"rendered":"<div id=\"attachment_216696\" style=\"width: 646px\" class=\"wp-caption aligncenter\"><img decoding=\"async\" loading=\"lazy\" aria-describedby=\"caption-attachment-216696\" class=\"size-custom-full-size wp-image-216696\" src=\"https:\/\/bejsment.com\/wp-content\/uploads\/2025\/07\/aaalto-636x358.jpg\" alt=\"\" width=\"636\" height=\"358\" \/><\/p>\n<p id=\"caption-attachment-216696\" class=\"wp-caption-text\">Burmistrz Victorii Marianne Alto<\/p>\n<\/div>\n<p><strong>Po serii gwa\u0142townych incydent\u00f3w w centrum Victorii, w\u0142adze miasta zapowiedzia\u0142y wdro\u017cenie kompleksowego planu poprawy bezpiecze\u0144stwa i dobrostanu spo\u0142eczno\u015bci. W ramach wieloetapowej strategii, zatwierdzonej w czerwcu, miasto zrealokuje 10,35 mln dolar\u00f3w, z czego najwi\u0119ksza cz\u0119\u015b\u0107 trafi do Departamentu Policji i na dzia\u0142ania egzekucyjne.<\/strong><\/p>\n<p>\u2013 Nie mam w\u0105tpliwo\u015bci, \u017ce to najwa\u017cniejsza decyzja, jak\u0105 podj\u0119\u0142a rada \u2013 powiedzia\u0142a burmistrz Marianne Alto. \u2013 Musimy to zrobi\u0107. Musimy.<\/p>\n<h3><strong>Seria atak\u00f3w i decyzja w\u0142adz<\/strong><\/h3>\n<p>Bezpo\u015brednim impulsem do og\u0142oszenia planu by\u0142a seria incydent\u00f3w, do kt\u00f3rych dosz\u0142o w ci\u0105gu zaledwie 12 godzin w miniony weekend. M.in. w\u0142a\u015bciciel sklepu rowerowego Tyson Schley zosta\u0142 zaatakowany przez nieznanego m\u0119\u017cczyzn\u0119, a w osobnym przypadku uzbrojony napastnik zagrozi\u0142 stra\u017cakom przy Queens Avenue, blokuj\u0105c dost\u0119p do budynku.<\/p>\n<div id=\"attachment_216695\" style=\"width: 646px\" class=\"wp-caption aligncenter\"><img decoding=\"async\" loading=\"lazy\" aria-describedby=\"caption-attachment-216695\" class=\"size-custom-full-size wp-image-216695\" src=\"https:\/\/bejsment.com\/wp-content\/uploads\/2025\/07\/aatyson-636x425.jpg\" alt=\"\" width=\"636\" height=\"425\" \/><\/p>\n<p id=\"caption-attachment-216695\" class=\"wp-caption-text\">Tyson Schley zosta\u0142 w niedziel\u0119 wieczorem zaatakowany przez m\u0119\u017cczyzn\u0119.<\/p>\n<\/div>\n<p>W niedziel\u0119 wieczorem kolejny m\u0119\u017cczyzna zosta\u0142 zaatakowany ostrym narz\u0119dziem na ulicy Yates. Ofiara szuka\u0142a schronienia w pobliskiej aptece, a sprawca zosta\u0142 aresztowany.<\/p>\n<p>\u2013 Ci ludzie wiedz\u0105, \u017ce mog\u0105 robi\u0107, co chc\u0105 \u2013 powiedzia\u0142 Schley. \u2013 Ja by\u0142em ich ofiar\u0105.<\/p>\n<div id=\"attachment_216694\" style=\"width: 646px\" class=\"wp-caption aligncenter\"><img decoding=\"async\" loading=\"lazy\" aria-describedby=\"caption-attachment-216694\" class=\"size-custom-full-size wp-image-216694\" src=\"https:\/\/bejsment.com\/wp-content\/uploads\/2025\/07\/aasklep-636x425.jpg\" alt=\"\" width=\"636\" height=\"425\" \/><\/p>\n<p id=\"caption-attachment-216694\" class=\"wp-caption-text\">Schley jest w\u0142a\u015bcicielem sklepu rowerowego Giant w Victorii.<\/p>\n<\/div>\n<h3><strong>Policja dostanie wi\u0119cej funkcjonariuszy<\/strong><\/h3>\n<p>Z planowanego bud\u017cetu 1,35 mln dolar\u00f3w rocznie trafi do Departamentu Policji Victorii, a 1,9 mln przeznaczono na zatrudnienie kilkunastu nowych pracownik\u00f3w terenowych w najbardziej nara\u017conych dzielnicach \u2013 Pandory, Princess i centrum miasta.<\/p>\n<p>\u2013 Nasz departament od dawna boryka si\u0119 z niedoborami. Potrzebujemy 44 funkcjonariuszy wi\u0119cej, by sprosta\u0107 rosn\u0105cej liczbie ludno\u015bci \u2013 powiedzia\u0142 szef policji Del Manak, zapowiadaj\u0105c intensywny program rekrutacji.<\/p>\n<p>Policja otrzyma te\u017c jednorazow\u0105 dotacj\u0119 w wysoko\u015bci 220 tys. dolar\u00f3w z miejskiego bud\u017cetu, kt\u00f3r\u0105 wyr\u00f3wna prowincjonalny program C-STEP.<\/p>\n<h3><strong>Nie tylko si\u0142a. Tak\u017ce wsparcie<\/strong><\/h3>\n<p>Plan bezpiecze\u0144stwa zawiera r\u00f3wnie\u017c elementy pomocy spo\u0142ecznej. Przewiduje m.in. rozszerzenie us\u0142ug mieszkaniowych i interwencyjnych poprzez przekierowanie funduszy z innych obszar\u00f3w miejskiego bud\u017cetu.<\/p>\n<p>W\u015br\u00f3d dzia\u0142a\u0144:<\/p>\n<ul>\n<li><strong>1,95 mln dolar\u00f3w<\/strong> na utworzenie maksymalnie dw\u00f3ch bezpiecznych i zarz\u0105dzanych miejsc tymczasowego schronienia<\/li>\n<li><strong>850 tys. dolar\u00f3w<\/strong> na ich funkcjonowanie<\/li>\n<li><strong>300 tys. dolar\u00f3w<\/strong> na wynajem nieruchomo\u015bci<\/li>\n<li><strong>624 tys. dolar\u00f3w<\/strong> dla organizacji non-profit zajmuj\u0105cych si\u0119 relokacj\u0105 os\u00f3b w kryzysie bezdomno\u015bci<\/li>\n<\/ul>\n<p>Miasto ma tak\u017ce stworzy\u0107 <strong>plan transportowy<\/strong>, by oceni\u0107 potrzeby os\u00f3b \u017cyj\u0105cych poza centrum i umo\u017cliwi\u0107 im dost\u0119p do us\u0142ug.<\/p>\n<p>\u2013 Je\u015bli nie zainterweniujemy przynajmniej na kilka lat, ci ludzie b\u0119d\u0105 po prostu gni\u0107 tam, gdzie s\u0105 \u2013 powiedzia\u0142a burmistrz Alto.<\/p>\n<h3><strong>G\u0142osy mieszka\u0144c\u00f3w: empatia, nie tylko kontrola<\/strong><\/h3>\n<div id=\"attachment_216693\" style=\"width: 646px\" class=\"wp-caption aligncenter\"><img decoding=\"async\" loading=\"lazy\" aria-describedby=\"caption-attachment-216693\" class=\"size-custom-full-size wp-image-216693\" src=\"https:\/\/bejsment.com\/wp-content\/uploads\/2025\/07\/aasasha-636x358.jpg\" alt=\"\" width=\"636\" height=\"358\" \/><\/p>\n<p id=\"caption-attachment-216693\" class=\"wp-caption-text\">Mieszkanka Victorii, Sasha Santana m\u00f3wi o poczuciu braku bezpiecze\u0144stwa w mie\u015bcie.<\/p>\n<\/div>\n<p>\u2013 Niewa\u017cne, czy jest \u015brodek dnia, czy noc. Zdarza\u0142y mi si\u0119 sytuacje, kt\u00f3re wydawa\u0142y si\u0119 naprawd\u0119 niebezpieczne \u2013 m\u00f3wi mieszkanka Sasha Santana. Jej zdaniem problem jest z\u0142o\u017cony i dotyczy przede wszystkim zdrowia psychicznego oraz uzale\u017cnie\u0144.<\/p>\n<p>Podobnego zdania jest Priyanka Singh, kt\u00f3ra uwa\u017ca, \u017ce kryzys w Victorii wymaga nie tyle wi\u0119cej policji, co g\u0142\u0119bszego zrozumienia. \u2013 Nie widz\u0119 tego jako problemu bezpiecze\u0144stwa, tylko wsp\u00f3\u0142czucia. Musimy si\u0119 zastanowi\u0107, jak traktujemy ludzi i jak mo\u017cemy zapobiega\u0107 takim sytuacjom \u2013 zaznacza.<\/p>\n<h3><strong>\u201eTo nie jest reakcja, to przemy\u015blany plan\u201d<\/strong><\/h3>\n<p>Cho\u0107 wprowadzenie planu zbieg\u0142o si\u0119 z seri\u0105 dramatycznych wydarze\u0144 podczas obchod\u00f3w Dnia Kanady, burmistrz podkre\u015bla, \u017ce dzia\u0142ania nie s\u0105 dora\u017ane.<\/p>\n<p>\u2013 To, co widzicie, to przemy\u015blany i dojrza\u0142y plan. Pracowali\u015bmy nad nim od miesi\u0119cy \u2013 zapewnia Alto.<\/p>\n<p style=\"text-align: right\"><em>Na podst. CBC<\/em><\/p>\n","protected":false},"excerpt":{"rendered":"<p>Burmistrz Victorii Marianne Alto Po serii gwa\u0142townych incydent\u00f3w w centrum Victorii, w\u0142adze miasta zapowiedzia\u0142y wdro\u017cenie kompleksowego planu poprawy bezpiecze\u0144stwa i dobrostanu spo\u0142eczno\u015bci. W ramach wieloetapowej&hellip;<\/p>\n","protected":false},"author":3,"featured_media":2399,"comment_status":"open","ping_status":"open","sticky":false,"template":"","format":"standard","meta":{"footnotes":""},"categories":[12,18],"tags":[],"class_list":["post-2398","post","type-post","status-publish","format-standard","has-post-thumbnail","hentry","category-kanada","category-top-news"],"_links":{"self":[{"href":"https:\/\/radiopoloniawinnipeg.com\/index.php\/wp-json\/wp\/v2\/posts\/2398","targetHints":{"allow":["GET"]}}],"collection":[{"href":"https:\/\/radiopoloniawinnipeg.com\/index.php\/wp-json\/wp\/v2\/posts"}],"about":[{"href":"https:\/\/radiopoloniawinnipeg.com\/index.php\/wp-json\/wp\/v2\/types\/post"}],"author":[{"embeddable":true,"href":"https:\/\/radiopoloniawinnipeg.com\/index.php\/wp-json\/wp\/v2\/users\/3"}],"replies":[{"embeddable":true,"href":"https:\/\/radiopoloniawinnipeg.com\/index.php\/wp-json\/wp\/v2\/comments?post=2398"}],"version-history":[{"count":0,"href":"https:\/\/radiopoloniawinnipeg.com\/index.php\/wp-json\/wp\/v2\/posts\/2398\/revisions"}],"wp:featuredmedia":[{"embeddable":true,"href":"https:\/\/radiopoloniawinnipeg.com\/index.php\/wp-json\/wp\/v2\/media\/2399"}],"wp:attachment":[{"href":"https:\/\/radiopoloniawinnipeg.com\/index.php\/wp-json\/wp\/v2\/media?parent=2398"}],"wp:term":[{"taxonomy":"category","embeddable":true,"href":"https:\/\/radiopoloniawinnipeg.com\/index.php\/wp-json\/wp\/v2\/categories?post=2398"},{"taxonomy":"post_tag","embeddable":true,"href":"https:\/\/radiopoloniawinnipeg.com\/index.php\/wp-json\/wp\/v2\/tags?post=2398"}],"curies":[{"name":"wp","href":"https:\/\/api.w.org\/{rel}","templated":true}]}}