{"id":2410,"date":"2025-07-04T08:30:07","date_gmt":"2025-07-04T12:30:07","guid":{"rendered":"https:\/\/radiopoloniawinnipeg.com\/index.php\/2025\/07\/04\/nocny-atak-na-kijow-ucierpiala-polska-ambasada\/"},"modified":"2025-07-04T08:30:07","modified_gmt":"2025-07-04T12:30:07","slug":"nocny-atak-na-kijow-ucierpiala-polska-ambasada","status":"publish","type":"post","link":"https:\/\/radiopoloniawinnipeg.com\/index.php\/2025\/07\/04\/nocny-atak-na-kijow-ucierpiala-polska-ambasada\/","title":{"rendered":"Nocny atak na Kij\u00f3w. Ucierpia\u0142a polska ambasada"},"content":{"rendered":"<p><img decoding=\"async\" loading=\"lazy\" class=\"aligncenter size-custom-full-size wp-image-216746\" src=\"https:\/\/bejsment.com\/wp-content\/uploads\/2025\/07\/aaambasada-636x425.jpg\" alt=\"\" width=\"636\" height=\"425\" \/><\/p>\n<p><strong>Rosja przeprowadzi\u0142a w nocy z czwartku na pi\u0105tek zmasowany atak powietrzny na stolic\u0119 Ukrainy. Rany odnios\u0142y co najmniej 23 osoby, ucierpia\u0142y budynki mieszkalne, infrastruktura kolejowa oraz gmach polskiej ambasady. Minister Rados\u0142aw Sikorski wezwa\u0142 do wsparcia Ukrainy i apelowa\u0142 bezpo\u015brednio do Donalda Trumpa.<\/strong><\/p>\n<p>\u201eAbsolutnie okropna i nieprzespana noc w Kijowie. Jedna z najgorszych do tej pory\u201d \u2013 napisa\u0142 w mediach spo\u0142eczno\u015bciowych Andrij Sybiha, wiceszef ukrai\u0144skiej dyplomacji. W wyniku rosyjskiego ataku rannych zosta\u0142y co najmniej 23 osoby. Uszkodzono liczne budynki mieszkalne i elementy infrastruktury kolejowej.<\/p>\n<p>Ukrai\u0144skie si\u0142y powietrzne poinformowa\u0142y, \u017ce Rosja u\u017cy\u0142a rekordowej liczby 539 dron\u00f3w oraz 11 pocisk\u00f3w balistycznych i manewruj\u0105cych. Obrona przeciwlotnicza zestrzeli\u0142a 270 dron\u00f3w, a kolejne 208 uznano za niezidentyfikowane, nienios\u0105ce g\u0142owic bojowych lub b\u0119d\u0105ce symulatorami.<\/p>\n<h3><strong>Polska ambasada w\u015br\u00f3d cel\u00f3w<\/strong><\/h3>\n<p>W wyniku eksplozji i od\u0142amk\u00f3w uszkodzony zosta\u0142 budynek wydzia\u0142u konsularnego polskiej ambasady. O sprawie poinformowa\u0142 minister spraw zagranicznych Rados\u0142aw Sikorski, kt\u00f3ry zapewni\u0142, \u017ce \u017caden z pracownik\u00f3w nie ucierpia\u0142. \u2013 Ukraina pilnie potrzebuje \u015brodk\u00f3w obrony przeciwlotniczej \u2013 podkre\u015bli\u0142.<\/p>\n<p>Rzecznik MSZ Pawe\u0142 Wro\u0144ski doda\u0142, \u017ce dyplomaci sp\u0119dzaj\u0105 kolejne noce w schronach. Oko\u0142o p\u00f3\u0142 godziny po p\u00f3\u0142nocy us\u0142yszeli huk \u2013 by\u0142 to prawdopodobnie dron, kt\u00f3ry zosta\u0142 zestrzelony. Od\u0142amek uderzy\u0142 w dach budynku ambasady. Na szcz\u0119\u015bcie uszkodzenia s\u0105 nieznaczne, a plac\u00f3wka funkcjonuje normalnie.<\/p>\n<h3><strong>Sikorski apeluje do Trumpa o dzia\u0142anie<\/strong><\/h3>\n<p>Szef polskiego MSZ wezwa\u0142 prezydenta USA Donalda Trumpa do wznowienia pomocy wojskowej dla Ukrainy. \u201ePrezydencie Trumpie, Putin kpi z twoich wysi\u0142k\u00f3w na rzecz pokoju. Prosz\u0119 o przywr\u00f3cenie dostaw amunicji przeciwlotniczej i na\u0142o\u017cenie nowych sankcji na Rosj\u0119\u201d \u2013 napisa\u0142 Sikorski w serwisie X.<\/p>\n<blockquote class=\"twitter-tweet\" data-width=\"550\" data-dnt=\"true\">\n<p lang=\"qme\" dir=\"ltr\"> <a href=\"https:\/\/t.co\/geQWNEfASV\">pic.twitter.com\/geQWNEfASV<\/a><\/p>\n<p>&mdash; Olof Nilsson<\/p>\n","protected":false},"excerpt":{"rendered":"<p>Rosja przeprowadzi\u0142a w nocy z czwartku na pi\u0105tek zmasowany atak powietrzny na stolic\u0119 Ukrainy. Rany odnios\u0142y co najmniej 23 osoby, ucierpia\u0142y budynki mieszkalne, infrastruktura kolejowa&hellip;<\/p>\n","protected":false},"author":3,"featured_media":2411,"comment_status":"open","ping_status":"open","sticky":false,"template":"","format":"standard","meta":{"footnotes":""},"categories":[15,18],"tags":[],"class_list":["post-2410","post","type-post","status-publish","format-standard","has-post-thumbnail","hentry","category-swiat","category-top-news"],"_links":{"self":[{"href":"https:\/\/radiopoloniawinnipeg.com\/index.php\/wp-json\/wp\/v2\/posts\/2410","targetHints":{"allow":["GET"]}}],"collection":[{"href":"https:\/\/radiopoloniawinnipeg.com\/index.php\/wp-json\/wp\/v2\/posts"}],"about":[{"href":"https:\/\/radiopoloniawinnipeg.com\/index.php\/wp-json\/wp\/v2\/types\/post"}],"author":[{"embeddable":true,"href":"https:\/\/radiopoloniawinnipeg.com\/index.php\/wp-json\/wp\/v2\/users\/3"}],"replies":[{"embeddable":true,"href":"https:\/\/radiopoloniawinnipeg.com\/index.php\/wp-json\/wp\/v2\/comments?post=2410"}],"version-history":[{"count":0,"href":"https:\/\/radiopoloniawinnipeg.com\/index.php\/wp-json\/wp\/v2\/posts\/2410\/revisions"}],"wp:featuredmedia":[{"embeddable":true,"href":"https:\/\/radiopoloniawinnipeg.com\/index.php\/wp-json\/wp\/v2\/media\/2411"}],"wp:attachment":[{"href":"https:\/\/radiopoloniawinnipeg.com\/index.php\/wp-json\/wp\/v2\/media?parent=2410"}],"wp:term":[{"taxonomy":"category","embeddable":true,"href":"https:\/\/radiopoloniawinnipeg.com\/index.php\/wp-json\/wp\/v2\/categories?post=2410"},{"taxonomy":"post_tag","embeddable":true,"href":"https:\/\/radiopoloniawinnipeg.com\/index.php\/wp-json\/wp\/v2\/tags?post=2410"}],"curies":[{"name":"wp","href":"https:\/\/api.w.org\/{rel}","templated":true}]}}