{"id":2416,"date":"2025-07-04T12:15:06","date_gmt":"2025-07-04T16:15:06","guid":{"rendered":"https:\/\/radiopoloniawinnipeg.com\/index.php\/2025\/07\/04\/czesi-bez-pradu-chaos-w-stolicy\/"},"modified":"2025-07-04T12:15:06","modified_gmt":"2025-07-04T16:15:06","slug":"czesi-bez-pradu-chaos-w-stolicy","status":"publish","type":"post","link":"https:\/\/radiopoloniawinnipeg.com\/index.php\/2025\/07\/04\/czesi-bez-pradu-chaos-w-stolicy\/","title":{"rendered":"Czesi bez pr\u0105du, chaos w stolicy"},"content":{"rendered":"<p><img decoding=\"async\" loading=\"lazy\" class=\"aligncenter size-custom-full-size wp-image-216767\" src=\"https:\/\/bejsment.com\/wp-content\/uploads\/2025\/07\/aapraga2-636x381.jpg\" alt=\"\" width=\"636\" height=\"381\" \/><\/p>\n<p><strong>Powa\u017cna awaria energetyczna sparali\u017cowa\u0142a w pi\u0105tek po\u0142udniowo-wschodni\u0105 cz\u0119\u015b\u0107 Pragi i kilka innych czeskich miast. Nie kursuje metro, tramwaje ani trolejbusy. Nie dzia\u0142a wiele bankomat\u00f3w, a stra\u017cacy musz\u0105 uwalnia\u0107 ludzi uwi\u0119zionych w windach. Przyczyny awarii wci\u0105\u017c s\u0105 ustalane.<\/strong><\/p>\n<p>Awaria pr\u0105du dotkn\u0119\u0142a w pi\u0105tek po\u0142udniow\u0105 cz\u0119\u015b\u0107 prawobrze\u017cnej Pragi. Jak poinformowa\u0142 czeski operator systemu elektroenergetycznego CEPS, problem mia\u0142 swoje \u017ar\u00f3d\u0142o w rozdzielni w dzielnicy Chodov. Na razie nie wiadomo, co spowodowa\u0142o usterk\u0119.<\/p>\n<p>Z powodu awarii w ca\u0142ej Pradze nie kursuje metro, tramwaje i trolejbusy. Przesta\u0142y dzia\u0142a\u0107 tak\u017ce bankomaty, a wielu mieszka\u0144c\u00f3w utkn\u0119\u0142o w windach \u2013 potrzebna by\u0142a interwencja stra\u017cy po\u017carnej.<\/p>\n<h3><strong>Problemy nie tylko w stolicy<\/strong><\/h3>\n<p>Braki pr\u0105du zg\u0142oszono tak\u017ce z innych miast: Rziczan, U\u015bcia nad \u0141ab\u0105, Cieplic, Kolina, Czeskiej Lipy oraz Mladej Boleslavi. W tym ostatnim mie\u015bcie awaria obj\u0119\u0142a tak\u017ce fabryk\u0119 samochod\u00f3w Skoda.<\/p>\n<p>Czeskie media przypominaj\u0105, \u017ce nie jest to pierwsza du\u017ca przerwa w dostawie pr\u0105du w Pradze. W lutym 2023 r. dzielnice Praga 1 i Praga 2 by\u0142y bez energii z powodu uszkodzenia kabla podczas prac budowlanych. W czerwcu 2023 r. awarii uleg\u0142y urz\u0105dzenia wysokiego napi\u0119cia w dzielnicy Praga 6. Z kolei w lipcu 2015 r. powa\u017cna awaria pozbawi\u0142a pr\u0105du du\u017c\u0105 cz\u0119\u015b\u0107 centrum czeskiej stolicy.<\/p>\n<p style=\"text-align: right\"><em>Na podst. Polsat News<\/em><\/p>\n","protected":false},"excerpt":{"rendered":"<p>Powa\u017cna awaria energetyczna sparali\u017cowa\u0142a w pi\u0105tek po\u0142udniowo-wschodni\u0105 cz\u0119\u015b\u0107 Pragi i kilka innych czeskich miast. Nie kursuje metro, tramwaje ani trolejbusy. Nie dzia\u0142a wiele bankomat\u00f3w, a&hellip;<\/p>\n","protected":false},"author":3,"featured_media":2417,"comment_status":"open","ping_status":"open","sticky":false,"template":"","format":"standard","meta":{"footnotes":""},"categories":[15,18],"tags":[],"class_list":["post-2416","post","type-post","status-publish","format-standard","has-post-thumbnail","hentry","category-swiat","category-top-news"],"_links":{"self":[{"href":"https:\/\/radiopoloniawinnipeg.com\/index.php\/wp-json\/wp\/v2\/posts\/2416","targetHints":{"allow":["GET"]}}],"collection":[{"href":"https:\/\/radiopoloniawinnipeg.com\/index.php\/wp-json\/wp\/v2\/posts"}],"about":[{"href":"https:\/\/radiopoloniawinnipeg.com\/index.php\/wp-json\/wp\/v2\/types\/post"}],"author":[{"embeddable":true,"href":"https:\/\/radiopoloniawinnipeg.com\/index.php\/wp-json\/wp\/v2\/users\/3"}],"replies":[{"embeddable":true,"href":"https:\/\/radiopoloniawinnipeg.com\/index.php\/wp-json\/wp\/v2\/comments?post=2416"}],"version-history":[{"count":0,"href":"https:\/\/radiopoloniawinnipeg.com\/index.php\/wp-json\/wp\/v2\/posts\/2416\/revisions"}],"wp:featuredmedia":[{"embeddable":true,"href":"https:\/\/radiopoloniawinnipeg.com\/index.php\/wp-json\/wp\/v2\/media\/2417"}],"wp:attachment":[{"href":"https:\/\/radiopoloniawinnipeg.com\/index.php\/wp-json\/wp\/v2\/media?parent=2416"}],"wp:term":[{"taxonomy":"category","embeddable":true,"href":"https:\/\/radiopoloniawinnipeg.com\/index.php\/wp-json\/wp\/v2\/categories?post=2416"},{"taxonomy":"post_tag","embeddable":true,"href":"https:\/\/radiopoloniawinnipeg.com\/index.php\/wp-json\/wp\/v2\/tags?post=2416"}],"curies":[{"name":"wp","href":"https:\/\/api.w.org\/{rel}","templated":true}]}}