{"id":2420,"date":"2025-07-04T16:00:14","date_gmt":"2025-07-04T20:00:14","guid":{"rendered":"https:\/\/radiopoloniawinnipeg.com\/index.php\/2025\/07\/04\/tajemnicze-nocne-spotkanie-holowni-i-politykow-pis-i-psl\/"},"modified":"2025-07-04T16:00:14","modified_gmt":"2025-07-04T20:00:14","slug":"tajemnicze-nocne-spotkanie-holowni-i-politykow-pis-i-psl","status":"publish","type":"post","link":"https:\/\/radiopoloniawinnipeg.com\/index.php\/2025\/07\/04\/tajemnicze-nocne-spotkanie-holowni-i-politykow-pis-i-psl\/","title":{"rendered":"Tajemnicze nocne spotkanie Ho\u0142owni i polityk\u00f3w PiS i PSL"},"content":{"rendered":"<div id=\"attachment_216810\" style=\"width: 646px\" class=\"wp-caption aligncenter\"><a href=\"https:\/\/bejsment.com\/wp-content\/uploads\/2025\/07\/ddddd-e1751658662852.jpg\"><img decoding=\"async\" loading=\"lazy\" aria-describedby=\"caption-attachment-216810\" class=\"wp-image-216810 size-custom-full-size\" src=\"https:\/\/bejsment.com\/wp-content\/uploads\/2025\/07\/ddddd-e1751658662852-636x380.jpg\" alt=\"\" width=\"636\" height=\"380\" \/><\/a><\/p>\n<p id=\"caption-attachment-216810\" class=\"wp-caption-text\">Micha\u0142 Kami\u0144ski, Szymon Ho\u0142ownia, Adam Bielan<\/p>\n<\/div>\n<p>Jak ustali\u0142y redakcje Radia Zet, \u201eFaktu\u201d i \u201eNewsweeka\u201d, w czwartek p\u00f3\u017anym wieczorem dosz\u0142o do poufnego spotkania Adama Bielana i marsza\u0142ka Sejmu Szymona Ho\u0142owni. Rozmowy mia\u0142y miejsce na warszawskim osiedlu Bia\u0142y Kamie\u0144, tu\u017c przed p\u00f3\u0142noc\u0105.<\/p>\n<p>Kilka godzin p\u00f3\u017aniej, po godzinie pierwszej w nocy, pod to samo mieszkanie \u2014 jak ustalili fotoreporterzy \u201eFaktu\u201d \u2014 przyby\u0142 prezes PiS Jaros\u0142aw Kaczy\u0144ski. Nie wiadomo jednak, czy dosz\u0142o do jego osobistego spotkania z Ho\u0142owni\u0105, poniewa\u017c samoch\u00f3d marsza\u0142ka nie by\u0142 ju\u017c wtedy widoczny na parkingu.<\/p>\n<p>\u201eFakt\u201d opublikowa\u0142 natomiast zdj\u0119cia wicemarsza\u0142ka Senatu z ramienia PSL, Micha\u0142a Kami\u0144skiego, opuszczaj\u0105cego budynek, w kt\u00f3rym znajduje si\u0119 mieszkanie Bielana. Kami\u0144ski i Bielan w przesz\u0142o\u015bci wsp\u00f3\u0142pracowali w PiS, tworz\u0105c skuteczny duet zajmuj\u0105cy si\u0119 kampaniami wyborczymi i strategi\u0105 medialn\u0105 partii. Cho\u0107 ich polityczne drogi si\u0119 rozesz\u0142y, w sejmowych kuluarach od dawna s\u0142ycha\u0107 by\u0142o, \u017ce nadal utrzymuj\u0105 kontakt.<\/p>\n<p><strong>Do spotkania odni\u00f3s\u0142 si\u0119 sam marsza\u0142ek Ho\u0142ownia, publikuj\u0105c komentarz w mediach spo\u0142eczno\u015bciowych. \u201eNie widz\u0119 powodu do histerii wok\u00f3\u0142 mojego wczorajszego spotkania. Od dawna regularnie rozmawiam zar\u00f3wno z politykami rz\u0105du, jak i opozycji. W obecnych realiach to wr\u0119cz konieczne \u2014 bez rozmowy polityka zamienia si\u0119 w wojn\u0119 wszystkich ze wszystkimi\u201d \u2014 napisa\u0142 lider Polski 2050.<\/strong><\/p>\n<p>Ho\u0142ownia wyja\u015bni\u0142 r\u00f3wnie\u017c, \u017ce tematy takich spotka\u0144 bywaj\u0105 r\u00f3\u017cne \u2014 od wa\u017cnych projekt\u00f3w ustaw po kwestie mi\u0119dzynarodowe, jak np. relacje z USA. Tym razem, jak podkre\u015bli\u0142, rozmowy dotyczy\u0142y bie\u017c\u0105cej sytuacji politycznej. Doda\u0142 te\u017c, \u017ce p\u00f3\u017ana pora by\u0142a wynikiem napi\u0119tego grafiku \u2014 wr\u00f3ci\u0142 do Warszawy dopiero o 21:30 po ca\u0142ym dniu obowi\u0105zk\u00f3w marsza\u0142kowskich w Tr\u00f3jmie\u015bcie, a to by\u0142 jedyny mo\u017cliwy termin na spotkanie.<\/p>\n<p>Politycy PiS, z kt\u00f3rymi rozmawiali dziennikarze, przyznaj\u0105, \u017ce do takiego spotkania faktycznie dosz\u0142o, ale nie maj\u0105 pe\u0142nej wiedzy o jego szczeg\u00f3\u0142ach. Jeden z pos\u0142\u00f3w m\u00f3wi wprost: \u201eTematem by\u0142a koncepcja powo\u0142ania rz\u0105du technicznego\u201d.<\/p>\n<p>Przypomnijmy \u2014 o pomy\u015ble rz\u0105du technicznego Jaros\u0142aw Kaczy\u0144ski wspomnia\u0142 tu\u017c po zwyci\u0119stwie Karola Nawrockiego w wyborach. Cho\u0107 nie wiadomo, czy PiS powa\u017cnie rozwa\u017ca kandydatur\u0119 Ho\u0142owni na premiera, niekt\u00f3rzy w partii twierdz\u0105, \u017ce \u201elepszy by\u0142by ka\u017cdy ni\u017c Tusk\u201d. Mimo to podej\u015bcie do takiego rozwi\u0105zania pozostaje bardzo ostro\u017cne.<\/p>\n<p>\u2013 Rozmowy z PSL i Polsk\u0105 2050 trwaj\u0105 ju\u017c od pewnego czasu. Obie partie widz\u0105, \u017ce ton\u0105 i rozgl\u0105daj\u0105 si\u0119 za alternatyw\u0105. Na razie jednak nie ma \u017cadnych konkret\u00f3w \u2013 przyznaje jeden z polityk\u00f3w PiS.<\/p>\n","protected":false},"excerpt":{"rendered":"<p>Micha\u0142 Kami\u0144ski, Szymon Ho\u0142ownia, Adam Bielan Jak ustali\u0142y redakcje Radia Zet, \u201eFaktu\u201d i \u201eNewsweeka\u201d, w czwartek p\u00f3\u017anym wieczorem dosz\u0142o do poufnego spotkania Adama Bielana i&hellip;<\/p>\n","protected":false},"author":3,"featured_media":2421,"comment_status":"open","ping_status":"open","sticky":false,"template":"","format":"standard","meta":{"footnotes":""},"categories":[14,18],"tags":[],"class_list":["post-2420","post","type-post","status-publish","format-standard","has-post-thumbnail","hentry","category-polska","category-top-news"],"_links":{"self":[{"href":"https:\/\/radiopoloniawinnipeg.com\/index.php\/wp-json\/wp\/v2\/posts\/2420","targetHints":{"allow":["GET"]}}],"collection":[{"href":"https:\/\/radiopoloniawinnipeg.com\/index.php\/wp-json\/wp\/v2\/posts"}],"about":[{"href":"https:\/\/radiopoloniawinnipeg.com\/index.php\/wp-json\/wp\/v2\/types\/post"}],"author":[{"embeddable":true,"href":"https:\/\/radiopoloniawinnipeg.com\/index.php\/wp-json\/wp\/v2\/users\/3"}],"replies":[{"embeddable":true,"href":"https:\/\/radiopoloniawinnipeg.com\/index.php\/wp-json\/wp\/v2\/comments?post=2420"}],"version-history":[{"count":0,"href":"https:\/\/radiopoloniawinnipeg.com\/index.php\/wp-json\/wp\/v2\/posts\/2420\/revisions"}],"wp:featuredmedia":[{"embeddable":true,"href":"https:\/\/radiopoloniawinnipeg.com\/index.php\/wp-json\/wp\/v2\/media\/2421"}],"wp:attachment":[{"href":"https:\/\/radiopoloniawinnipeg.com\/index.php\/wp-json\/wp\/v2\/media?parent=2420"}],"wp:term":[{"taxonomy":"category","embeddable":true,"href":"https:\/\/radiopoloniawinnipeg.com\/index.php\/wp-json\/wp\/v2\/categories?post=2420"},{"taxonomy":"post_tag","embeddable":true,"href":"https:\/\/radiopoloniawinnipeg.com\/index.php\/wp-json\/wp\/v2\/tags?post=2420"}],"curies":[{"name":"wp","href":"https:\/\/api.w.org\/{rel}","templated":true}]}}