{"id":2430,"date":"2025-07-05T07:30:07","date_gmt":"2025-07-05T11:30:07","guid":{"rendered":"https:\/\/radiopoloniawinnipeg.com\/index.php\/2025\/07\/05\/koalicja-rozmawia-o-zmianach-w-rzadzie\/"},"modified":"2025-07-05T07:30:07","modified_gmt":"2025-07-05T11:30:07","slug":"koalicja-rozmawia-o-zmianach-w-rzadzie","status":"publish","type":"post","link":"https:\/\/radiopoloniawinnipeg.com\/index.php\/2025\/07\/05\/koalicja-rozmawia-o-zmianach-w-rzadzie\/","title":{"rendered":"Koalicja rozmawia o zmianach w rz\u0105dzie"},"content":{"rendered":"<p><img decoding=\"async\" loading=\"lazy\" class=\"aligncenter size-custom-full-size wp-image-216835\" src=\"https:\/\/bejsment.com\/wp-content\/uploads\/2025\/07\/aako2-636x477.jpg\" alt=\"\" width=\"636\" height=\"477\" \/><\/p>\n<p><strong>W pi\u0105tek odby\u0142o si\u0119 spotkanie premiera Donalda Tuska z liderami ugrupowa\u0144 koalicyjnych. Jak poinformowa\u0142 rzecznik rz\u0105du Adam Sz\u0142apka, szef rz\u0105du przyszed\u0142 na spotkanie z gotow\u0105 propozycj\u0105 nowego kszta\u0142tu Rady Ministr\u00f3w. Celem rekonstrukcji ma by\u0107 \u2014 jak podkre\u015bli\u0142 \u2014 usprawnienie zarz\u0105dzania pa\u0144stwem poprzez konsolidacj\u0119 rozproszonych dot\u0105d kompetencji.<\/strong><\/p>\n<p>W czterogodzinnym spotkaniu wzi\u0119li udzia\u0142 W\u0142adys\u0142aw Kosiniak-Kamysz (PSL), Szymon Ho\u0142ownia (Polska 2050) i W\u0142odzimierz Czarzasty (Nowa Lewica). Marsza\u0142ek Sejmu Szymon Ho\u0142ownia okre\u015bli\u0142 rozmowy jako \u201ebardzo dobre\u201d.<\/p>\n<h3><strong>Mniej ministr\u00f3w, wi\u0119cej sp\u00f3jno\u015bci<\/strong><\/h3>\n<p>Wed\u0142ug informacji ustalonych przez portal Onet, premier Tusk zaproponowa\u0142 redukcj\u0119 liczby ministr\u00f3w i wiceministr\u00f3w o 20 proc. Kluczow\u0105 zmian\u0105 mia\u0142oby by\u0107 r\u00f3wnie\u017c powo\u0142anie dw\u00f3ch du\u017cych resort\u00f3w, obejmuj\u0105cych kwestie gospodarcze i energetyczne.<\/p>\n<p>W\u015br\u00f3d najcz\u0119\u015bciej rozwa\u017canych koncepcji pojawia si\u0119 po\u0142\u0105czenie Ministerstwa Rozwoju i Technologii z Ministerstwem Przemys\u0142u. W rozszerzonym wariancie do tzw. superresortu gospodarczego mog\u0142yby r\u00f3wnie\u017c trafi\u0107 kompetencje Ministerstwa Finans\u00f3w oraz cz\u0119\u015bciowo lub w ca\u0142o\u015bci Ministerstwa Aktyw\u00f3w Pa\u0144stwowych.<\/p>\n<h3><strong>Koalicjanci stawiaj\u0105 warunki<\/strong><\/h3>\n<p>Jak poda\u0142a Telewizja Republika, podczas spotkania pojawi\u0142a si\u0119 r\u00f3wnie\u017c kontrowersyjna propozycja \u2014 Polska 2050 i PSL mia\u0142y forsowa\u0107 kandydatur\u0119 Rados\u0142awa Sikorskiego na nowego premiera. Nie zosta\u0142o to jednak oficjalnie potwierdzone przez \u017cadn\u0105 ze stron.<\/p>\n<p>Sam W\u0142adys\u0142aw Kosiniak-Kamysz, wicepremier i minister obrony narodowej, podkre\u015bli\u0142, \u017ce rekonstrukcja rz\u0105du ma dotyczy\u0107 przede wszystkim struktury, nie personali\u00f3w. Zwr\u00f3ci\u0142 uwag\u0119 na potrzeb\u0119 \u0142\u0105czenia pokrewnych kompetencji \u2014 na przyk\u0142ad w obszarze energii, kt\u00f3ry obecnie rozproszony jest mi\u0119dzy kilka resort\u00f3w. \u2014 Ja bym kumulowa\u0142 energi\u0119 w jednym, \u017ceby by\u0142a ona efektywnie wykorzystywana \u2014 zaznaczy\u0142.<\/p>\n<p>Poza kwesti\u0105 \u0142\u0105czenia resort\u00f3w rz\u0105d rozwa\u017ca r\u00f3wnie\u017c likwidacj\u0119 stanowisk pe\u0142nomocnik\u00f3w w randze ministr\u00f3w. Ich kompetencje mog\u0142yby zosta\u0107 przekazane sekretarzom i podsekretarzom stanu w innych resortach lub utrzymane w strukturze Kancelarii Premiera.<\/p>\n<p>Nieoficjalnie m\u00f3wi si\u0119 tak\u017ce o innych mo\u017cliwych po\u0142\u0105czeniach, np. resort\u00f3w nauki i cyfryzacji, edukacji i sportu.<\/p>\n<h3><strong>Ho\u0142ownia: Nie chc\u0119 wej\u015b\u0107 do rz\u0105du, ale\u2026<\/strong><\/h3>\n<p>Szymon Ho\u0142ownia zadeklarowa\u0142, \u017ce nie zamierza wchodzi\u0107 do rz\u0105du. Jednocze\u015bnie doda\u0142, \u017ce m\u00f3g\u0142by rozwa\u017cy\u0107 tak\u0105 decyzj\u0119, gdyby wszyscy czterej liderzy ugrupowa\u0144 koalicyjnych zgodzili si\u0119 na wsp\u00f3ln\u0105 obecno\u015b\u0107 w Radzie Ministr\u00f3w. \u2014 Je\u017celi taka propozycja by by\u0142a, oczywi\u015bcie ja si\u0119 wtedy od niej nie uchyl\u0119 \u2014 powiedzia\u0142 Ho\u0142ownia.<\/p>\n<h3><strong>Lewica z w\u0142asn\u0105 wizj\u0105 zmian<\/strong><\/h3>\n<p>Wsp\u00f3\u0142przewodnicz\u0105cy Nowej Lewicy, W\u0142odzimierz Czarzasty, zaznaczy\u0142, \u017ce ka\u017cde z ugrupowa\u0144 koalicyjnych ma przygotowa\u0107 w\u0142asn\u0105 wizj\u0119 i propozycje dotycz\u0105ce struktury rz\u0105du. Szczeg\u00f3\u0142y maj\u0105 by\u0107 omawiane w kolejnych dniach.<\/p>\n<p style=\"text-align: right\"><em>Na podst. Polsat News<\/em><\/p>\n","protected":false},"excerpt":{"rendered":"<p>W pi\u0105tek odby\u0142o si\u0119 spotkanie premiera Donalda Tuska z liderami ugrupowa\u0144 koalicyjnych. Jak poinformowa\u0142 rzecznik rz\u0105du Adam Sz\u0142apka, szef rz\u0105du przyszed\u0142 na spotkanie z gotow\u0105&hellip;<\/p>\n","protected":false},"author":3,"featured_media":2431,"comment_status":"open","ping_status":"open","sticky":false,"template":"","format":"standard","meta":{"footnotes":""},"categories":[14,18],"tags":[],"class_list":["post-2430","post","type-post","status-publish","format-standard","has-post-thumbnail","hentry","category-polska","category-top-news"],"_links":{"self":[{"href":"https:\/\/radiopoloniawinnipeg.com\/index.php\/wp-json\/wp\/v2\/posts\/2430","targetHints":{"allow":["GET"]}}],"collection":[{"href":"https:\/\/radiopoloniawinnipeg.com\/index.php\/wp-json\/wp\/v2\/posts"}],"about":[{"href":"https:\/\/radiopoloniawinnipeg.com\/index.php\/wp-json\/wp\/v2\/types\/post"}],"author":[{"embeddable":true,"href":"https:\/\/radiopoloniawinnipeg.com\/index.php\/wp-json\/wp\/v2\/users\/3"}],"replies":[{"embeddable":true,"href":"https:\/\/radiopoloniawinnipeg.com\/index.php\/wp-json\/wp\/v2\/comments?post=2430"}],"version-history":[{"count":0,"href":"https:\/\/radiopoloniawinnipeg.com\/index.php\/wp-json\/wp\/v2\/posts\/2430\/revisions"}],"wp:featuredmedia":[{"embeddable":true,"href":"https:\/\/radiopoloniawinnipeg.com\/index.php\/wp-json\/wp\/v2\/media\/2431"}],"wp:attachment":[{"href":"https:\/\/radiopoloniawinnipeg.com\/index.php\/wp-json\/wp\/v2\/media?parent=2430"}],"wp:term":[{"taxonomy":"category","embeddable":true,"href":"https:\/\/radiopoloniawinnipeg.com\/index.php\/wp-json\/wp\/v2\/categories?post=2430"},{"taxonomy":"post_tag","embeddable":true,"href":"https:\/\/radiopoloniawinnipeg.com\/index.php\/wp-json\/wp\/v2\/tags?post=2430"}],"curies":[{"name":"wp","href":"https:\/\/api.w.org\/{rel}","templated":true}]}}