{"id":2436,"date":"2025-07-05T11:30:05","date_gmt":"2025-07-05T15:30:05","guid":{"rendered":"https:\/\/radiopoloniawinnipeg.com\/index.php\/2025\/07\/05\/aresztowano-lidera-oszustw-na-wnuczka\/"},"modified":"2025-07-05T11:30:05","modified_gmt":"2025-07-05T15:30:05","slug":"aresztowano-lidera-oszustw-na-wnuczka","status":"publish","type":"post","link":"https:\/\/radiopoloniawinnipeg.com\/index.php\/2025\/07\/05\/aresztowano-lidera-oszustw-na-wnuczka\/","title":{"rendered":"Aresztowano lidera oszustw \u201ena wnuczka\u201d"},"content":{"rendered":"<p><img decoding=\"async\" loading=\"lazy\" class=\"aligncenter size-custom-full-size wp-image-216868\" src=\"https:\/\/bejsment.com\/wp-content\/uploads\/2025\/07\/aawest-636x358.jpg\" alt=\"\" width=\"636\" height=\"358\" \/><\/p>\n<p><strong>Gareth West, podejrzany o kierowanie siatk\u0105 oszust\u00f3w, kt\u00f3rzy wy\u0142udzili od kanadyjskich i ameryka\u0144skich senior\u00f3w ponad 30 milion\u00f3w dolar\u00f3w, zosta\u0142 aresztowany w pi\u0105tek w Quebecu przez Kr\u00f3lewsk\u0105 Kanadyjsk\u0105 Policj\u0119 Konn\u0105 (RCMP). Zatrzymania dokonano na wniosek \u015bledczych z USA, kt\u00f3rzy oskar\u017caj\u0105 go o udzia\u0142 w spisku maj\u0105cym na celu dokonanie oszustwa telekomunikacyjnego oraz pranie pieni\u0119dzy.<\/strong><\/p>\n<p>Wed\u0142ug CBC, West przedstawia\u0142 si\u0119 jako zamo\u017cny deweloper nieruchomo\u015bci, podczas gdy w rzeczywisto\u015bci mia\u0142 kierowa\u0107 skomplikowan\u0105 i dochodow\u0105 siatk\u0105 oszustw, opart\u0105 na wy\u0142udzaniu pieni\u0119dzy metod\u0105 \u201ena wnuczka\u201d. Sie\u0107 mia\u0142a dzia\u0142a\u0107 z wielu call center zlokalizowanych w Montrealu, zatrudniaj\u0105c dziesi\u0105tki os\u00f3b.<\/p>\n<p>Z aktu oskar\u017cenia z\u0142o\u017conego w s\u0105dzie ameryka\u0144skim wynika, \u017ce ju\u017c w zesz\u0142ym roku policja przeprowadzi\u0142a rewizje w lokalach, z kt\u00f3rych dzwoniono do starszych os\u00f3b w Wirginii. W marcu RCMP aresztowa\u0142a 23 osoby powi\u0105zane z t\u0105 dzia\u0142alno\u015bci\u0105. Sam Gareth West przez kilka miesi\u0119cy unika\u0142 zatrzymania.<\/p>\n<p>Jak ustali\u0142o CBC, w marcu West mia\u0142 przebywa\u0107 w domu w Burlington w Ontario. Jednak podczas policyjnej wizyty budynek by\u0142 w remoncie, a podejrzany przeni\u00f3s\u0142 si\u0119 do innego, wynaj\u0119tego domu \u2014 r\u00f3wnie\u017c bez powodzenia. Do pi\u0105tku uda\u0142o mu si\u0119 pozostawa\u0107 nieuchwytnym.<\/p>\n<p>Wci\u0105\u017c poszukiwany jest inny domniemany cz\u0142onek grupy \u2013 Jimmy Ylimaki.<\/p>\n<p>Je\u015bli Gareth West zostanie wydany Stanom Zjednoczonym i skazany, mo\u017ce us\u0142ysze\u0107 wyrok do 40 lat wi\u0119zienia. W sobot\u0119 ma stan\u0105\u0107 przed S\u0105dem Najwy\u017cszym Quebecu.<\/p>\n<p style=\"text-align: right\"><em>Na podst. CBC<\/em><\/p>\n","protected":false},"excerpt":{"rendered":"<p>Gareth West, podejrzany o kierowanie siatk\u0105 oszust\u00f3w, kt\u00f3rzy wy\u0142udzili od kanadyjskich i ameryka\u0144skich senior\u00f3w ponad 30 milion\u00f3w dolar\u00f3w, zosta\u0142 aresztowany w pi\u0105tek w Quebecu przez&hellip;<\/p>\n","protected":false},"author":3,"featured_media":2437,"comment_status":"open","ping_status":"open","sticky":false,"template":"","format":"standard","meta":{"footnotes":""},"categories":[12,18],"tags":[],"class_list":["post-2436","post","type-post","status-publish","format-standard","has-post-thumbnail","hentry","category-kanada","category-top-news"],"_links":{"self":[{"href":"https:\/\/radiopoloniawinnipeg.com\/index.php\/wp-json\/wp\/v2\/posts\/2436","targetHints":{"allow":["GET"]}}],"collection":[{"href":"https:\/\/radiopoloniawinnipeg.com\/index.php\/wp-json\/wp\/v2\/posts"}],"about":[{"href":"https:\/\/radiopoloniawinnipeg.com\/index.php\/wp-json\/wp\/v2\/types\/post"}],"author":[{"embeddable":true,"href":"https:\/\/radiopoloniawinnipeg.com\/index.php\/wp-json\/wp\/v2\/users\/3"}],"replies":[{"embeddable":true,"href":"https:\/\/radiopoloniawinnipeg.com\/index.php\/wp-json\/wp\/v2\/comments?post=2436"}],"version-history":[{"count":0,"href":"https:\/\/radiopoloniawinnipeg.com\/index.php\/wp-json\/wp\/v2\/posts\/2436\/revisions"}],"wp:featuredmedia":[{"embeddable":true,"href":"https:\/\/radiopoloniawinnipeg.com\/index.php\/wp-json\/wp\/v2\/media\/2437"}],"wp:attachment":[{"href":"https:\/\/radiopoloniawinnipeg.com\/index.php\/wp-json\/wp\/v2\/media?parent=2436"}],"wp:term":[{"taxonomy":"category","embeddable":true,"href":"https:\/\/radiopoloniawinnipeg.com\/index.php\/wp-json\/wp\/v2\/categories?post=2436"},{"taxonomy":"post_tag","embeddable":true,"href":"https:\/\/radiopoloniawinnipeg.com\/index.php\/wp-json\/wp\/v2\/tags?post=2436"}],"curies":[{"name":"wp","href":"https:\/\/api.w.org\/{rel}","templated":true}]}}