{"id":2442,"date":"2025-07-05T14:30:06","date_gmt":"2025-07-05T18:30:06","guid":{"rendered":"https:\/\/radiopoloniawinnipeg.com\/index.php\/2025\/07\/05\/wdziecznosc-i-przeprosiny-od-prezydenta-dla-sluzb-granicznych\/"},"modified":"2025-07-05T14:30:06","modified_gmt":"2025-07-05T18:30:06","slug":"wdziecznosc-i-przeprosiny-od-prezydenta-dla-sluzb-granicznych","status":"publish","type":"post","link":"https:\/\/radiopoloniawinnipeg.com\/index.php\/2025\/07\/05\/wdziecznosc-i-przeprosiny-od-prezydenta-dla-sluzb-granicznych\/","title":{"rendered":"Wdzi\u0119czno\u015b\u0107 i przeprosiny od prezydenta dla s\u0142u\u017cb granicznych"},"content":{"rendered":"<p><img decoding=\"async\" loading=\"lazy\" class=\"aligncenter size-custom-full-size wp-image-216841\" src=\"https:\/\/bejsment.com\/wp-content\/uploads\/2025\/07\/aaprezydent-636x350.jpg\" alt=\"\" width=\"636\" height=\"350\" \/><\/p>\n<p><strong>Prezydent Andrzej Duda spotka\u0142 si\u0119 z \u017co\u0142nierzami Wojska Polskiego, funkcjonariuszami Stra\u017cy Granicznej i policji pe\u0142ni\u0105cymi s\u0142u\u017cb\u0119 na granicy polsko-bia\u0142oruskiej. W trakcie wizyty pad\u0142y s\u0142owa wdzi\u0119czno\u015bci, ale tak\u017ce przeprosiny, kt\u00f3re odbi\u0142y si\u0119 szerokim echem.<\/strong><\/p>\n<p>\u2014 Dzi\u0119kuj\u0119 za wsparcie i bohatersk\u0105 obron\u0119 nie tylko naszego bezpiecze\u0144stwa, ale tak\u017ce granic Unii Europejskiej i Strefy Schengen \u2014 powiedzia\u0142 prezydent. Doda\u0142, \u017ce s\u0142u\u017cba na granicy niejednokrotnie wi\u0105\u017ce si\u0119 z ogromnym ryzykiem i po\u015bwi\u0119ceniem.<\/p>\n<p>Andrzej Duda wyrazi\u0142 ubolewanie z powodu przykro\u015bci, kt\u00f3rych do\u015bwiadczyli funkcjonariusze ze strony niekt\u00f3rych obywateli.<\/p>\n<p>\u2014 Chc\u0119 przeprosi\u0107 was jako prezydent RP za wszystkie przykro\u015bci, jakich doznali\u015bcie ze strony r\u00f3\u017cnych naszych rodak\u00f3w. Nieraz nieodpowiedzialnych, a nieraz bezczelnych i chamskich \u2014 podkre\u015bli\u0142.<\/p>\n<p><img decoding=\"async\" loading=\"lazy\" class=\"aligncenter size-custom-full-size wp-image-216839\" src=\"https:\/\/bejsment.com\/wp-content\/uploads\/2025\/07\/aaprezydent3-636x318.jpg\" alt=\"\" width=\"636\" height=\"318\" \/><\/p>\n<p>Prezydent przypomnia\u0142 r\u00f3wnie\u017c o ofiarach tej s\u0142u\u017cby. Wspomnia\u0142 m.in. sier\u017canta Mateusza Sitka, kt\u00f3ry zgin\u0105\u0142 na granicy \u2014 jako pierwszy od czas\u00f3w II wojny \u015bwiatowej w bezpo\u015bredniej obronie terytorium Polski.<\/p>\n<p><strong>Agresywne ataki na polskich funkcjonariuszy<\/strong><\/p>\n<p>S\u0142u\u017cby podkre\u015blaj\u0105, \u017ce sytuacja na granicy z Bia\u0142orusi\u0105 wci\u0105\u017c jest napi\u0119ta. W pierwszych dniach czerwca dosz\u0142o do pr\u00f3b si\u0142owego przekroczenia granicy przez du\u017ce grupy nielegalnych imigrant\u00f3w.<\/p>\n<p>Jak poinformowa\u0142a m\u0142. insp. Katarzyna Nowak, rzeczniczka Komendanta G\u0142\u00f3wnego Policji, napastnicy s\u0105 wyj\u0105tkowo agresywni. \u2014 To grupy licz\u0105ce po kilkadziesi\u0105t os\u00f3b. Obrzucaj\u0105 funkcjonariuszy nie tylko kamieniami i ga\u0142\u0119ziami, ale tak\u017ce szklanymi przedmiotami, u\u017cywaj\u0105 proc. Te ataki s\u0105 bardzo brutalne \u2014 poinformowa\u0142a.<\/p>\n<p><strong>150 os\u00f3b szturmowa\u0142o granic\u0119<\/strong><\/p>\n<p>Dziennikarka RMF FM Magdalena Grajnert ustali\u0142a, \u017ce 7 czerwca granic\u0119 pr\u00f3bowa\u0142o sforsowa\u0107 a\u017c 150 cudzoziemc\u00f3w. W ostatnich dniach dosz\u0142o do kilku gro\u017anych incydent\u00f3w, w kt\u00f3rych funkcjonariusze musieli u\u017cywa\u0107 \u015brodk\u00f3w przymusu bezpo\u015bredniego wobec agresor\u00f3w.<\/p>\n<p>W\u0142adze zapewniaj\u0105, \u017ce s\u0142u\u017cby dzia\u0142aj\u0105 zgodnie z prawem, a ich priorytetem jest zapewnienie bezpiecze\u0144stwa zar\u00f3wno obywatelom Polski, jak i granicom ca\u0142ej Unii Europejskiej.<\/p>\n<p style=\"text-align: right\"><em>Na podst. Polsat News i RMF FM<\/em><\/p>\n","protected":false},"excerpt":{"rendered":"<p>Prezydent Andrzej Duda spotka\u0142 si\u0119 z \u017co\u0142nierzami Wojska Polskiego, funkcjonariuszami Stra\u017cy Granicznej i policji pe\u0142ni\u0105cymi s\u0142u\u017cb\u0119 na granicy polsko-bia\u0142oruskiej. W trakcie wizyty pad\u0142y s\u0142owa wdzi\u0119czno\u015bci,&hellip;<\/p>\n","protected":false},"author":3,"featured_media":2443,"comment_status":"open","ping_status":"open","sticky":false,"template":"","format":"standard","meta":{"footnotes":""},"categories":[14,18],"tags":[],"class_list":["post-2442","post","type-post","status-publish","format-standard","has-post-thumbnail","hentry","category-polska","category-top-news"],"_links":{"self":[{"href":"https:\/\/radiopoloniawinnipeg.com\/index.php\/wp-json\/wp\/v2\/posts\/2442","targetHints":{"allow":["GET"]}}],"collection":[{"href":"https:\/\/radiopoloniawinnipeg.com\/index.php\/wp-json\/wp\/v2\/posts"}],"about":[{"href":"https:\/\/radiopoloniawinnipeg.com\/index.php\/wp-json\/wp\/v2\/types\/post"}],"author":[{"embeddable":true,"href":"https:\/\/radiopoloniawinnipeg.com\/index.php\/wp-json\/wp\/v2\/users\/3"}],"replies":[{"embeddable":true,"href":"https:\/\/radiopoloniawinnipeg.com\/index.php\/wp-json\/wp\/v2\/comments?post=2442"}],"version-history":[{"count":0,"href":"https:\/\/radiopoloniawinnipeg.com\/index.php\/wp-json\/wp\/v2\/posts\/2442\/revisions"}],"wp:featuredmedia":[{"embeddable":true,"href":"https:\/\/radiopoloniawinnipeg.com\/index.php\/wp-json\/wp\/v2\/media\/2443"}],"wp:attachment":[{"href":"https:\/\/radiopoloniawinnipeg.com\/index.php\/wp-json\/wp\/v2\/media?parent=2442"}],"wp:term":[{"taxonomy":"category","embeddable":true,"href":"https:\/\/radiopoloniawinnipeg.com\/index.php\/wp-json\/wp\/v2\/categories?post=2442"},{"taxonomy":"post_tag","embeddable":true,"href":"https:\/\/radiopoloniawinnipeg.com\/index.php\/wp-json\/wp\/v2\/tags?post=2442"}],"curies":[{"name":"wp","href":"https:\/\/api.w.org\/{rel}","templated":true}]}}