{"id":2448,"date":"2025-07-05T18:15:06","date_gmt":"2025-07-05T22:15:06","guid":{"rendered":"https:\/\/radiopoloniawinnipeg.com\/index.php\/2025\/07\/05\/rzeki-wysychaja-imgw-bije-na-alarm\/"},"modified":"2025-07-05T18:15:06","modified_gmt":"2025-07-05T22:15:06","slug":"rzeki-wysychaja-imgw-bije-na-alarm","status":"publish","type":"post","link":"https:\/\/radiopoloniawinnipeg.com\/index.php\/2025\/07\/05\/rzeki-wysychaja-imgw-bije-na-alarm\/","title":{"rendered":"Rzeki wysychaj\u0105. IMGW bije na alarm"},"content":{"rendered":"<p><img decoding=\"async\" loading=\"lazy\" class=\"aligncenter size-custom-full-size wp-image-216877\" src=\"https:\/\/bejsment.com\/wp-content\/uploads\/2025\/07\/aawisla2-636x358.jpg\" alt=\"\" width=\"636\" height=\"358\" \/><\/p>\n<p><strong>Wis\u0142a w Warszawie osi\u0105gn\u0119\u0142a najni\u017cszy poziom w historii pomiar\u00f3w \u2013 15 centymetr\u00f3w. Takie wskazanie odnotowano w sobot\u0119 o godz. 6.30 na stacji Warszawa-Bulwary, czyli o 4 cm mniej ni\u017c poprzednie absolutne minimum z wrze\u015bnia 2024 roku. To symboliczny, ale nieodosobniony sygna\u0142 pog\u0142\u0119biaj\u0105cej si\u0119 suszy hydrologicznej w ca\u0142ym kraju.<\/strong><\/p>\n<p>Instytut Meteorologii i Gospodarki Wodnej (IMGW) poinformowa\u0142, \u017ce tylko w sobot\u0119 obowi\u0105zywa\u0142o a\u017c 68 ostrze\u017ce\u0144 przed susz\u0105 hydrologiczn\u0105. Zjawisko obejmuje wszystkie 16 wojew\u00f3dztw, z najwi\u0119kszym nasileniem we wschodniej, centralnej i po\u0142udniowej Polsce.<\/p>\n<p>W sobot\u0119 na 299 stacjach pomiarowych IMGW przep\u0142yw wody spad\u0142 poni\u017cej progu SNQ (\u015bredniego niskiego przep\u0142ywu). Na 25 stacjach poziom wody by\u0142 ni\u017cszy ni\u017c minimum okresowe, a stref\u0119 wody niskiej odnotowano na a\u017c 73 proc. stacji w kraju.<\/p>\n<h3><strong>Rekordy padaj\u0105 nie tylko na Wi\u015ble<\/strong><\/h3>\n<p>Poza stacj\u0105 Warszawa-Bulwary dramatycznie niski poziom zanotowano tak\u017ce na Warszawa-Nadwilan\u00f3wka (44 cm \u2013 o 11 cm mniej ni\u017c poprzedni rekord) oraz w Szczucinie (69 cm \u2013 o 3 cm poni\u017cej dotychczasowego minimum z 2012 roku).<\/p>\n<p>Na Narwi poziom wody poni\u017cej absolutnego minimum odnotowano na trzech z pi\u0119ciu stacji: w Nowogrodzie (0 cm), Ostro\u0142\u0119ce (19 cm) i Pi\u0105tnicy-\u0141om\u017cy (55 cm). Bardzo niski stan rzeki utrzymuje si\u0119 te\u017c w Nowym Mie\u015bcie nad Pilic\u0105 (32 cm) i na rzece Pisa, gdzie na stacji Ptaki zanotowano jedynie 25 cm \u2013 a\u017c 16 cm mniej ni\u017c dotychczasowy rekord z pa\u017adziernika 2023 roku.<\/p>\n<h3><strong>Gro\u017ane prognozy i ostrze\u017cenia IMGW<\/strong><\/h3>\n<p>IMGW informuje, \u017ce do ko\u0144ca czerwca w Polsce wydano ju\u017c 50 ostrze\u017ce\u0144 zwi\u0105zanych z susz\u0105 hydrologiczn\u0105. Prognozy na lipiec i sierpie\u0144 s\u0105 wyj\u0105tkowo niepokoj\u0105ce \u2013 przewiduje si\u0119 fale upa\u0142\u00f3w z temperaturami przekraczaj\u0105cymi 35\u00b0C, niemal ca\u0142kowity brak opad\u00f3w i bardzo nisk\u0105 wilgotno\u015b\u0107 powietrza.<\/p>\n<p>\u2014 Sytuacja o tej porze roku nigdy nie wygl\u0105da\u0142a tak \u017ale \u2014 alarmowa\u0142 hydrolog Grzegorz Walijewski z IMGW. Jak doda\u0142, susza b\u0119dzie mia\u0142a powa\u017cne skutki dla gospodarki, rolnictwa i \u015brodowiska naturalnego.<\/p>\n<p style=\"text-align: right\"><em>Na podst. Polsat News<\/em><\/p>\n","protected":false},"excerpt":{"rendered":"<p>Wis\u0142a w Warszawie osi\u0105gn\u0119\u0142a najni\u017cszy poziom w historii pomiar\u00f3w \u2013 15 centymetr\u00f3w. Takie wskazanie odnotowano w sobot\u0119 o godz. 6.30 na stacji Warszawa-Bulwary, czyli o&hellip;<\/p>\n","protected":false},"author":3,"featured_media":2449,"comment_status":"open","ping_status":"open","sticky":false,"template":"","format":"standard","meta":{"footnotes":""},"categories":[14,18],"tags":[],"class_list":["post-2448","post","type-post","status-publish","format-standard","has-post-thumbnail","hentry","category-polska","category-top-news"],"_links":{"self":[{"href":"https:\/\/radiopoloniawinnipeg.com\/index.php\/wp-json\/wp\/v2\/posts\/2448","targetHints":{"allow":["GET"]}}],"collection":[{"href":"https:\/\/radiopoloniawinnipeg.com\/index.php\/wp-json\/wp\/v2\/posts"}],"about":[{"href":"https:\/\/radiopoloniawinnipeg.com\/index.php\/wp-json\/wp\/v2\/types\/post"}],"author":[{"embeddable":true,"href":"https:\/\/radiopoloniawinnipeg.com\/index.php\/wp-json\/wp\/v2\/users\/3"}],"replies":[{"embeddable":true,"href":"https:\/\/radiopoloniawinnipeg.com\/index.php\/wp-json\/wp\/v2\/comments?post=2448"}],"version-history":[{"count":0,"href":"https:\/\/radiopoloniawinnipeg.com\/index.php\/wp-json\/wp\/v2\/posts\/2448\/revisions"}],"wp:featuredmedia":[{"embeddable":true,"href":"https:\/\/radiopoloniawinnipeg.com\/index.php\/wp-json\/wp\/v2\/media\/2449"}],"wp:attachment":[{"href":"https:\/\/radiopoloniawinnipeg.com\/index.php\/wp-json\/wp\/v2\/media?parent=2448"}],"wp:term":[{"taxonomy":"category","embeddable":true,"href":"https:\/\/radiopoloniawinnipeg.com\/index.php\/wp-json\/wp\/v2\/categories?post=2448"},{"taxonomy":"post_tag","embeddable":true,"href":"https:\/\/radiopoloniawinnipeg.com\/index.php\/wp-json\/wp\/v2\/tags?post=2448"}],"curies":[{"name":"wp","href":"https:\/\/api.w.org\/{rel}","templated":true}]}}