{"id":2464,"date":"2025-07-06T12:30:06","date_gmt":"2025-07-06T16:30:06","guid":{"rendered":"https:\/\/radiopoloniawinnipeg.com\/index.php\/2025\/07\/06\/wyciekl-poufny-raport-ke\/"},"modified":"2025-07-06T12:30:06","modified_gmt":"2025-07-06T16:30:06","slug":"wyciekl-poufny-raport-ke","status":"publish","type":"post","link":"https:\/\/radiopoloniawinnipeg.com\/index.php\/2025\/07\/06\/wyciekl-poufny-raport-ke\/","title":{"rendered":"Wyciek\u0142 poufny raport KE"},"content":{"rendered":"<p><img decoding=\"async\" loading=\"lazy\" class=\"aligncenter size-custom-full-size wp-image-216937\" src=\"https:\/\/bejsment.com\/wp-content\/uploads\/2025\/07\/aake2-636x478.jpg\" alt=\"\" width=\"636\" height=\"478\" \/><\/p>\n<p><strong>Komisja Europejska opublikowa\u0142a najnowszy raport dotycz\u0105cy liczby wniosk\u00f3w o azyl w Unii Europejskiej. Po raz pierwszy od lat Niemcy nie s\u0105 krajem, kt\u00f3ry przyj\u0105\u0142 ich najwi\u0119cej. Jednocze\u015bnie Polska og\u0142asza przywr\u00f3cenie czasowych kontroli na granicach z Niemcami i Litw\u0105 w odpowiedzi na problemy zwi\u0105zane z nielegaln\u0105 migracj\u0105.<\/strong><\/p>\n<h3><strong>Niemcy spadaj\u0105 na trzecie miejsce<\/strong><\/h3>\n<p>Wed\u0142ug danych Komisji Europejskiej, w pierwszej po\u0142owie 2025 roku liczba wniosk\u00f3w o azyl w Niemczech spad\u0142a o 43 proc. w por\u00f3wnaniu z analogicznym okresem ubieg\u0142ego roku. Od 1 stycznia do 30 czerwca z\u0142o\u017cono tam 65 495 wniosk\u00f3w, co plasuje Niemcy na trzecim miejscu w UE \u2013 za Hiszpani\u0105 (76 020) i Francj\u0105 (75 428).<\/p>\n<p>Najmniej wniosk\u00f3w odnotowano na W\u0119grzech (47), w S\u0142owacji (84) i na Litwie (152). \u0141\u0105cznie w ca\u0142ej Unii zarejestrowano 388 299 wniosk\u00f3w azylowych \u2013 o 23 proc. mniej ni\u017c w pierwszym p\u00f3\u0142roczu 2024 roku.<\/p>\n<p>Najwi\u0119cej os\u00f3b ubiega si\u0119 o ochron\u0119 mi\u0119dzynarodow\u0105 pochodz\u0105c z Wenezueli (48 413), Afganistanu (41 127) oraz Syrii (23 307).<\/p>\n<h3><strong>\u00a0<\/strong><strong>Afryka P\u00f3\u0142nocna kluczem do ograniczenia migracji?<\/strong><\/h3>\n<p>Ekspertka ds. migracji z CDU Lena Duepont zwraca uwag\u0119, \u017ce istotny wp\u0142yw na spadek liczby wniosk\u00f3w mia\u0142y miliardowe pakiety pomocowe, jakie Unia Europejska przekazuje krajom Afryki P\u00f3\u0142nocnej. \u015arodki te maj\u0105 by\u0107 przeznaczane na popraw\u0119 warunk\u00f3w \u017cycia, bezpiecze\u0144stwa i sytuacji gospodarczej w takich pa\u0144stwach jak Tunezja czy Egipt, co \u2013 zdaniem Brukseli \u2013 ogranicza migracj\u0119 u \u017ar\u00f3d\u0142a.<\/p>\n<p>Problemem wci\u0105\u017c pozostaje jednak Libia, z kt\u00f3rej coraz wi\u0119cej os\u00f3b pr\u00f3buje przedosta\u0107 si\u0119 do Europy drog\u0105 morsk\u0105.<\/p>\n<h3><strong>\u00a0<\/strong><strong>Polska przywraca kontrole graniczne<\/strong><\/h3>\n<p>W reakcji na pog\u0142\u0119biaj\u0105cy si\u0119 kryzys migracyjny, premier Donald Tusk og\u0142osi\u0142, \u017ce od 7 lipca Polska czasowo przywraca kontrole na granicach z Niemcami i Litw\u0105.<\/p>\n<p>\u2013 Rozmawia\u0142em kilkukrotnie z kanclerzem Niemiec, informuj\u0105c, \u017ce cierpliwo\u015b\u0107 Polski si\u0119 wyczerpuje \u2013 powiedzia\u0142 Tusk, odnosz\u0105c si\u0119 do trudno\u015bci w identyfikowaniu migrant\u00f3w zawracanych do Polski przez niemieckie s\u0142u\u017cby.<\/p>\n<p>Szczeg\u00f3\u0142y operacji przedstawi\u0142 minister spraw wewn\u0119trznych i administracji Tomasz Siemoniak, kt\u00f3ry poinformowa\u0142 r\u00f3wnie\u017c komisarza UE ds. ochrony granic Magnusa Brunnera o decyzji polskich w\u0142adz. Jak przekaza\u0142, Brunner \u201eprzyj\u0105\u0142 argumenty strony polskiej\u201d.<\/p>\n<p>\u2013 Powodem tej decyzji jest wsp\u00f3lny problem, kt\u00f3ry mamy jako Litwa, Polska i ca\u0142a UE \u2013 to walka z nielegaln\u0105 migracj\u0105 \u2013 powiedzia\u0142 Siemoniak.<\/p>\n<p>Minister zaznaczy\u0142, \u017ce przywr\u00f3cone kontrole s\u0105 zgodne z Kodeksem granicznym Schengen i unijnym prawem. \u2013 Je\u015bli Niemcy znios\u0105 swoje kontrole, kt\u00f3re prowadz\u0105 od pa\u017adziernika 2023 roku, my r\u00f3wnie\u017c nie b\u0119dziemy widzie\u0107 powodu, by kontrolowa\u0107 ruch z ich strony \u2013 doda\u0142.<\/p>\n<p style=\"text-align: right\"><em>Na podst. Polsat News<\/em><\/p>\n","protected":false},"excerpt":{"rendered":"<p>Komisja Europejska opublikowa\u0142a najnowszy raport dotycz\u0105cy liczby wniosk\u00f3w o azyl w Unii Europejskiej. Po raz pierwszy od lat Niemcy nie s\u0105 krajem, kt\u00f3ry przyj\u0105\u0142 ich&hellip;<\/p>\n","protected":false},"author":3,"featured_media":2465,"comment_status":"open","ping_status":"open","sticky":false,"template":"","format":"standard","meta":{"footnotes":""},"categories":[15,18],"tags":[],"class_list":["post-2464","post","type-post","status-publish","format-standard","has-post-thumbnail","hentry","category-swiat","category-top-news"],"_links":{"self":[{"href":"https:\/\/radiopoloniawinnipeg.com\/index.php\/wp-json\/wp\/v2\/posts\/2464","targetHints":{"allow":["GET"]}}],"collection":[{"href":"https:\/\/radiopoloniawinnipeg.com\/index.php\/wp-json\/wp\/v2\/posts"}],"about":[{"href":"https:\/\/radiopoloniawinnipeg.com\/index.php\/wp-json\/wp\/v2\/types\/post"}],"author":[{"embeddable":true,"href":"https:\/\/radiopoloniawinnipeg.com\/index.php\/wp-json\/wp\/v2\/users\/3"}],"replies":[{"embeddable":true,"href":"https:\/\/radiopoloniawinnipeg.com\/index.php\/wp-json\/wp\/v2\/comments?post=2464"}],"version-history":[{"count":0,"href":"https:\/\/radiopoloniawinnipeg.com\/index.php\/wp-json\/wp\/v2\/posts\/2464\/revisions"}],"wp:featuredmedia":[{"embeddable":true,"href":"https:\/\/radiopoloniawinnipeg.com\/index.php\/wp-json\/wp\/v2\/media\/2465"}],"wp:attachment":[{"href":"https:\/\/radiopoloniawinnipeg.com\/index.php\/wp-json\/wp\/v2\/media?parent=2464"}],"wp:term":[{"taxonomy":"category","embeddable":true,"href":"https:\/\/radiopoloniawinnipeg.com\/index.php\/wp-json\/wp\/v2\/categories?post=2464"},{"taxonomy":"post_tag","embeddable":true,"href":"https:\/\/radiopoloniawinnipeg.com\/index.php\/wp-json\/wp\/v2\/tags?post=2464"}],"curies":[{"name":"wp","href":"https:\/\/api.w.org\/{rel}","templated":true}]}}