{"id":2476,"date":"2025-07-07T10:30:08","date_gmt":"2025-07-07T14:30:08","guid":{"rendered":"https:\/\/radiopoloniawinnipeg.com\/index.php\/2025\/07\/07\/kolejny-pozar-plonie-zaklad-obrobki-drewna-pod-kaliszem\/"},"modified":"2025-07-07T10:30:08","modified_gmt":"2025-07-07T14:30:08","slug":"kolejny-pozar-plonie-zaklad-obrobki-drewna-pod-kaliszem","status":"publish","type":"post","link":"https:\/\/radiopoloniawinnipeg.com\/index.php\/2025\/07\/07\/kolejny-pozar-plonie-zaklad-obrobki-drewna-pod-kaliszem\/","title":{"rendered":"Kolejny po\u017car. P\u0142onie zak\u0142ad obr\u00f3bki drewna pod Kaliszem"},"content":{"rendered":"<p><img decoding=\"async\" loading=\"lazy\" class=\"aligncenter size-custom-full-size wp-image-217011\" src=\"https:\/\/bejsment.com\/wp-content\/uploads\/2025\/07\/aapozar4-636x424.jpg\" alt=\"\" width=\"636\" height=\"424\" \/><\/p>\n<p><strong>W nocy z niedzieli na poniedzia\u0142ek w miejscowo\u015bci Czempisz pod Kaliszem wybuch\u0142 ogromny po\u017car w zak\u0142adzie zajmuj\u0105cym si\u0119 produkcj\u0105 biomasy i innych drewnopochodnych materia\u0142\u00f3w. Na miejscu pracuje ponad 20 zast\u0119p\u00f3w stra\u017cy po\u017carnej. Akcja dogaszania mo\u017ce potrwa\u0107 jeszcze wiele godzin.<\/strong><\/p>\n<p>Jak przekaza\u0142 aspirant Jakub Pietrzak z Komendy Miejskiej Pa\u0144stwowej Stra\u017cy Po\u017carnej w Kaliszu, ogie\u0144 zosta\u0142 opanowany i nie rozprzestrzenia si\u0119 na s\u0105siednie sk\u0142adowiska drewna. Mimo to sytuacja nadal jest powa\u017cna.<\/p>\n<p>\u2013 Ca\u0142y czas trwa akcja dogaszania, kt\u00f3ra z ca\u0142\u0105 pewno\u015bci\u0105 zajmie nawet kilkana\u015bcie godzin \u2013 powiedzia\u0142 Pietrzak w rozmowie z Polsat News.<\/p>\n<p>Na miejscu pracuj\u0105 23 zast\u0119py Pa\u0144stwowej Stra\u017cy Po\u017carnej oraz Ochotniczych Stra\u017cy Po\u017carnych. S\u0142u\u017cby podkre\u015blaj\u0105, \u017ce w zak\u0142adzie wci\u0105\u017c znajduje si\u0119 znaczna ilo\u015b\u0107 \u0142atwopalnych materia\u0142\u00f3w, m.in. zrzyn\u00f3w drewnianych i pozosta\u0142o\u015bci po produkcji biomasy, co komplikuje dzia\u0142ania.<\/p>\n<h3><strong>Zagro\u017cenie dla ludzi i budynk\u00f3w oddalone<\/strong><\/h3>\n<p>Na szcz\u0119\u015bcie nikt nie odni\u00f3s\u0142 obra\u017ce\u0144. Wed\u0142ug s\u0142u\u017cb ratunkowych sk\u0142adowane w zak\u0142adzie drewno znajduje si\u0119 kilkaset metr\u00f3w od najbli\u017cszych zabudowa\u0144, co pozwoli\u0142o ograniczy\u0107 ryzyko rozprzestrzenienia si\u0119 ognia.<\/p>\n<p>\u2013 W okolicy znajduje si\u0119 do\u015b\u0107 du\u017ca ilo\u015b\u0107 materia\u0142u \u0142atwopalnego. Stra\u017cacy ca\u0142y czas kontroluj\u0105 sytuacj\u0119, aby po\u017car nie obj\u0105\u0142 tych miejsc \u2013 doda\u0142 aspirant Pietrzak.<\/p>\n<p>Na razie nie s\u0105 znane przyczyny wybuchu ognia. Stra\u017cacy nie wykluczaj\u0105, \u017ce b\u0119d\u0105 musieli pracowa\u0107 na miejscu do p\u00f3\u017anych godzin popo\u0142udniowych.<\/p>\n<p>Media odnotowa\u0142y, \u017ce jest to kolejny du\u017cy po\u017car, jaki wybuch\u0142 w ostatnich dniach. Wysnuwane s\u0105 przypuszczenia o dzia\u0142alno\u015bci rosyjskich s\u0142u\u017cb specjalnych w ramach \u201ewojny hybrydowej\u201d<\/p>\n<p style=\"text-align: right\"><em>Na podst. Polsat News<\/em><\/p>\n","protected":false},"excerpt":{"rendered":"<p>W nocy z niedzieli na poniedzia\u0142ek w miejscowo\u015bci Czempisz pod Kaliszem wybuch\u0142 ogromny po\u017car w zak\u0142adzie zajmuj\u0105cym si\u0119 produkcj\u0105 biomasy i innych drewnopochodnych materia\u0142\u00f3w. Na&hellip;<\/p>\n","protected":false},"author":3,"featured_media":2477,"comment_status":"open","ping_status":"open","sticky":false,"template":"","format":"standard","meta":{"footnotes":""},"categories":[14,18],"tags":[],"class_list":["post-2476","post","type-post","status-publish","format-standard","has-post-thumbnail","hentry","category-polska","category-top-news"],"_links":{"self":[{"href":"https:\/\/radiopoloniawinnipeg.com\/index.php\/wp-json\/wp\/v2\/posts\/2476","targetHints":{"allow":["GET"]}}],"collection":[{"href":"https:\/\/radiopoloniawinnipeg.com\/index.php\/wp-json\/wp\/v2\/posts"}],"about":[{"href":"https:\/\/radiopoloniawinnipeg.com\/index.php\/wp-json\/wp\/v2\/types\/post"}],"author":[{"embeddable":true,"href":"https:\/\/radiopoloniawinnipeg.com\/index.php\/wp-json\/wp\/v2\/users\/3"}],"replies":[{"embeddable":true,"href":"https:\/\/radiopoloniawinnipeg.com\/index.php\/wp-json\/wp\/v2\/comments?post=2476"}],"version-history":[{"count":0,"href":"https:\/\/radiopoloniawinnipeg.com\/index.php\/wp-json\/wp\/v2\/posts\/2476\/revisions"}],"wp:featuredmedia":[{"embeddable":true,"href":"https:\/\/radiopoloniawinnipeg.com\/index.php\/wp-json\/wp\/v2\/media\/2477"}],"wp:attachment":[{"href":"https:\/\/radiopoloniawinnipeg.com\/index.php\/wp-json\/wp\/v2\/media?parent=2476"}],"wp:term":[{"taxonomy":"category","embeddable":true,"href":"https:\/\/radiopoloniawinnipeg.com\/index.php\/wp-json\/wp\/v2\/categories?post=2476"},{"taxonomy":"post_tag","embeddable":true,"href":"https:\/\/radiopoloniawinnipeg.com\/index.php\/wp-json\/wp\/v2\/tags?post=2476"}],"curies":[{"name":"wp","href":"https:\/\/api.w.org\/{rel}","templated":true}]}}