{"id":2484,"date":"2025-07-07T13:30:04","date_gmt":"2025-07-07T17:30:04","guid":{"rendered":"https:\/\/radiopoloniawinnipeg.com\/index.php\/2025\/07\/07\/carney-obiecal-jednosc-eksperci-mowia-to-polityczny-teatr\/"},"modified":"2025-07-07T13:30:04","modified_gmt":"2025-07-07T17:30:04","slug":"carney-obiecal-jednosc-eksperci-mowia-to-polityczny-teatr","status":"publish","type":"post","link":"https:\/\/radiopoloniawinnipeg.com\/index.php\/2025\/07\/07\/carney-obiecal-jednosc-eksperci-mowia-to-polityczny-teatr\/","title":{"rendered":"Carney obieca\u0142 jedno\u015b\u0107. Eksperci m\u00f3wi\u0105: \u201eto polityczny teatr\u201d"},"content":{"rendered":"<p><img decoding=\"async\" loading=\"lazy\" class=\"aligncenter size-custom-full-size wp-image-216992\" src=\"https:\/\/bejsment.com\/wp-content\/uploads\/2025\/07\/aacarney-636x423.jpg\" alt=\"\" width=\"636\" height=\"423\" \/><\/p>\n<p><strong>W opublikowanym dzi\u015b rano raporcie Kanadyjskiego Centrum Alternatyw Politycznych (CCPA) krytycznie oceniono dzia\u0142ania rz\u0105du federalnego i w\u0142adz prowincji w zakresie znoszenia barier w handlu wewn\u0119trznym. Wed\u0142ug autor\u00f3w raportu, wszystkie te wysi\u0142ki to jedynie \u201eteatr polityczny\u201d bez realnego wp\u0142ywu na gospodark\u0119.<\/strong><\/p>\n<p>Raport ukaza\u0142 si\u0119 tu\u017c przed planowanym spotkaniem ministr\u00f3w prowincyjnych odpowiedzialnych za handel wewn\u0119trzny, kt\u00f3re odb\u0119dzie si\u0119 w tym tygodniu w mie\u015bcie Quebec. Ministrowie maj\u0105 omawia\u0107 kolejne kroki w kierunku ujednolicenia przepis\u00f3w handlowych obowi\u0105zuj\u0105cych w r\u00f3\u017cnych prowincjach.<\/p>\n<p>Premier Mark Carney, kt\u00f3ry obj\u0105\u0142 urz\u0105d po wiosennych wyborach, obieca\u0142 zbudowanie \u201ejednej kanadyjskiej gospodarki\u201d i usuni\u0119cie barier utrudniaj\u0105cych swobodny przep\u0142yw towar\u00f3w oraz mobilno\u015b\u0107 pracownik\u00f3w. By\u0142a to jego odpowied\u017a na polityk\u0119 celn\u0105 administracji prezydenta USA Donalda Trumpa, kt\u00f3ra uderza r\u00f3wnie\u017c w kanadyjski rynek wewn\u0119trzny.<\/p>\n<h3><strong>Potencja\u0142 wzrostu czy puste gesty?<\/strong><\/h3>\n<p>Minister handlu wewn\u0119trznego Chrystia Freeland przypomnia\u0142a, \u017ce wewn\u0119trzne bariery handlowe mo\u017cna por\u00f3wna\u0107 do siedmioprocentowego c\u0142a, kt\u00f3re Kanada symbolicznie nak\u0142ada sama na siebie. Zniesienie tych przeszk\u00f3d, jak podkre\u015bli\u0142a, mog\u0142oby przynie\u015b\u0107 gospodarce nawet 200 miliard\u00f3w dolar\u00f3w zysku.<\/p>\n<p>Jednak wed\u0142ug raportu CCPA, konkretne dzia\u0142ania podj\u0119te do tej pory przez Ottaw\u0119 i poszczeg\u00f3lne prowincje s\u0105 niewystarczaj\u0105ce. Think tank twierdzi, \u017ce mimo licznych deklaracji polityk\u00f3w, efekty s\u0105 znikome, a rzeczywiste zmiany dotycz\u0105 jedynie kilku marginalnych przypadk\u00f3w znoszenia przepis\u00f3w.<\/p>\n<h3><strong>Puste deklaracje zamiast reform<\/strong><\/h3>\n<p>Autorzy raportu podkre\u015blaj\u0105, \u017ce politycy federalni i prowincyjni potrafili wskaza\u0107 zaledwie garstk\u0119 przyk\u0142ad\u00f3w, w kt\u00f3rych eliminacja nak\u0142adaj\u0105cych si\u0119 regulacji przynios\u0142aby wymierny skutek. W ich ocenie, dzia\u0142ania te nie tylko nie z\u0142agodz\u0105 zagro\u017cenia zwi\u0105zanego z polityk\u0105 celn\u0105 USA, ale te\u017c nie b\u0119d\u0105 mia\u0142y wi\u0119kszego wp\u0142ywu na og\u00f3ln\u0105 kondycj\u0119 kanadyjskiej gospodarki.<\/p>\n<p style=\"text-align: right\"><em>Na podst. Canadian Press<\/em><\/p>\n","protected":false},"excerpt":{"rendered":"<p>W opublikowanym dzi\u015b rano raporcie Kanadyjskiego Centrum Alternatyw Politycznych (CCPA) krytycznie oceniono dzia\u0142ania rz\u0105du federalnego i w\u0142adz prowincji w zakresie znoszenia barier w handlu wewn\u0119trznym.&hellip;<\/p>\n","protected":false},"author":3,"featured_media":2485,"comment_status":"open","ping_status":"open","sticky":false,"template":"","format":"standard","meta":{"footnotes":""},"categories":[12,18],"tags":[],"class_list":["post-2484","post","type-post","status-publish","format-standard","has-post-thumbnail","hentry","category-kanada","category-top-news"],"_links":{"self":[{"href":"https:\/\/radiopoloniawinnipeg.com\/index.php\/wp-json\/wp\/v2\/posts\/2484","targetHints":{"allow":["GET"]}}],"collection":[{"href":"https:\/\/radiopoloniawinnipeg.com\/index.php\/wp-json\/wp\/v2\/posts"}],"about":[{"href":"https:\/\/radiopoloniawinnipeg.com\/index.php\/wp-json\/wp\/v2\/types\/post"}],"author":[{"embeddable":true,"href":"https:\/\/radiopoloniawinnipeg.com\/index.php\/wp-json\/wp\/v2\/users\/3"}],"replies":[{"embeddable":true,"href":"https:\/\/radiopoloniawinnipeg.com\/index.php\/wp-json\/wp\/v2\/comments?post=2484"}],"version-history":[{"count":0,"href":"https:\/\/radiopoloniawinnipeg.com\/index.php\/wp-json\/wp\/v2\/posts\/2484\/revisions"}],"wp:featuredmedia":[{"embeddable":true,"href":"https:\/\/radiopoloniawinnipeg.com\/index.php\/wp-json\/wp\/v2\/media\/2485"}],"wp:attachment":[{"href":"https:\/\/radiopoloniawinnipeg.com\/index.php\/wp-json\/wp\/v2\/media?parent=2484"}],"wp:term":[{"taxonomy":"category","embeddable":true,"href":"https:\/\/radiopoloniawinnipeg.com\/index.php\/wp-json\/wp\/v2\/categories?post=2484"},{"taxonomy":"post_tag","embeddable":true,"href":"https:\/\/radiopoloniawinnipeg.com\/index.php\/wp-json\/wp\/v2\/tags?post=2484"}],"curies":[{"name":"wp","href":"https:\/\/api.w.org\/{rel}","templated":true}]}}