{"id":2492,"date":"2025-07-08T07:15:06","date_gmt":"2025-07-08T11:15:06","guid":{"rendered":"https:\/\/radiopoloniawinnipeg.com\/index.php\/2025\/07\/08\/donald-tusk-polacy-maja-wieksza-sile-nabywcza-niz-japonczycy\/"},"modified":"2025-07-08T07:15:06","modified_gmt":"2025-07-08T11:15:06","slug":"donald-tusk-polacy-maja-wieksza-sile-nabywcza-niz-japonczycy","status":"publish","type":"post","link":"https:\/\/radiopoloniawinnipeg.com\/index.php\/2025\/07\/08\/donald-tusk-polacy-maja-wieksza-sile-nabywcza-niz-japonczycy\/","title":{"rendered":"Donald Tusk: Polacy maj\u0105 wi\u0119ksz\u0105 si\u0142\u0119 nabywcz\u0105 ni\u017c Japo\u0144czycy"},"content":{"rendered":"<p><img decoding=\"async\" loading=\"lazy\" class=\"aligncenter size-custom-full-size wp-image-217061\" src=\"https:\/\/bejsment.com\/wp-content\/uploads\/2025\/07\/ttttuuu-636x424.jpg\" alt=\"\" width=\"636\" height=\"424\" \/><\/p>\n<p><strong>Premier Donald Tusk poinformowa\u0142 w poniedzia\u0142ek, \u017ce w 2025 roku Polska znajdzie si\u0119 na 20. miejscu w\u015br\u00f3d najwi\u0119kszych gospodarek \u015bwiata, wyprzedzaj\u0105c nawet Szwajcari\u0119. Co wi\u0119cej, si\u0142a nabywcza przeci\u0119tnego Polaka ma by\u0107 wy\u017csza ni\u017c obywatela Japonii.<\/strong> Te dane zaprezentowa\u0142 podczas konferencji podsumowuj\u0105cej dzia\u0142ania deregulacyjne rz\u0105du, kt\u00f3ra odby\u0142a si\u0119 na warszawskiej Gie\u0142dzie Papier\u00f3w Warto\u015bciowych pod has\u0142em: \u201eDeregulacja. Znosimy bariery, u\u0142atwiamy \u017cycie\u201d.<\/p>\n<p>Szef rz\u0105du zaznaczy\u0142, \u017ce dalszy rozw\u00f3j gospodarczy b\u0119dzie wymaga\u0142 znacznie wi\u0119kszego wysi\u0142ku oraz nowego podej\u015bcia. Jego zdaniem, kluczowe dla przysz\u0142o\u015bci Polski s\u0105 innowacje, nowoczesna gospodarka oraz kontynuacja deregulacji \u2013 nie tylko jako odwa\u017cne idee, ale jako trwa\u0142a zmiana podej\u015bcia do zarz\u0105dzania pa\u0144stwem.<\/p>\n<p>Tusk podkre\u015bli\u0142, \u017ce ka\u017cda polska rodzina powinna odczu\u0107 popraw\u0119 jako\u015bci \u017cycia. Chodzi tu o wzrost kompetencji obywateli, wi\u0119ksze inwestycje, podniesienie jako\u015bci firm i ich innowacyjno\u015bci oraz lepsze efekty w szkolnictwie wy\u017cszym.<\/p>\n<p>Podsumowuj\u0105c dotychczasowe dzia\u0142ania deregulacyjne, premier zaznaczy\u0142, \u017ce chocia\u017c zrobiono ju\u017c du\u017co, to wci\u0105\u017c jest to dopiero pocz\u0105tek drogi. Wed\u0142ug niego deregulacja mo\u017ce sta\u0107 si\u0119 kolejnym motorem nap\u0119dzaj\u0105cym rozw\u00f3j kraju i poprawiaj\u0105cym jego konkurencyjno\u015b\u0107.<\/p>\n<p>Podczas konferencji g\u0142os zabra\u0142 tak\u017ce Rafa\u0142 Brzoska, lider Inicjatywy SprawdzaMY. Poinformowa\u0142, \u017ce w ramach dzia\u0142a\u0144 spo\u0142ecznych zg\u0142oszono 500 propozycji deregulacyjnych. Z tej liczby powsta\u0142o oko\u0142o 175 projekt\u00f3w akt\u00f3w prawnych, z kt\u00f3rych blisko 20 zosta\u0142o ju\u017c podpisanych przez prezydenta Andrzeja Dud\u0119.<\/p>\n<p>Brzoska zaznaczy\u0142, jak wielkim wyzwaniem by\u0142o dotrzymanie tempa pracy narzuconego przez spo\u0142ecznych ekspert\u00f3w \u2013 600 os\u00f3b, kt\u00f3re ca\u0142kowicie za darmo i z du\u017cym zaanga\u017cowaniem przygotowywa\u0142y rozwi\u0105zania. Ich propozycje zosta\u0142y sprawnie przetworzone przez administracj\u0119 rz\u0105dow\u0105, ministerstwa, komisje sejmowe oraz pos\u0142\u00f3w.<\/p>\n<p>Podkre\u015bli\u0142, \u017ce bez wsparcia \u201eludzi dobrej woli\u201d, ekspert\u00f3w i tysi\u0119cy zaanga\u017cowanych obywateli, \u201estudniowy sprint\u201d legislacyjny nie by\u0142by mo\u017cliwy. \u2014 To w\u0142a\u015bnie obywatele s\u0105 najwi\u0119kszymi autorami tego sukcesu \u2014 podsumowa\u0142 Brzoska.<\/p>\n","protected":false},"excerpt":{"rendered":"<p>Premier Donald Tusk poinformowa\u0142 w poniedzia\u0142ek, \u017ce w 2025 roku Polska znajdzie si\u0119 na 20. miejscu w\u015br\u00f3d najwi\u0119kszych gospodarek \u015bwiata, wyprzedzaj\u0105c nawet Szwajcari\u0119. Co wi\u0119cej,&hellip;<\/p>\n","protected":false},"author":3,"featured_media":2493,"comment_status":"open","ping_status":"open","sticky":false,"template":"","format":"standard","meta":{"footnotes":""},"categories":[14,18],"tags":[],"class_list":["post-2492","post","type-post","status-publish","format-standard","has-post-thumbnail","hentry","category-polska","category-top-news"],"_links":{"self":[{"href":"https:\/\/radiopoloniawinnipeg.com\/index.php\/wp-json\/wp\/v2\/posts\/2492","targetHints":{"allow":["GET"]}}],"collection":[{"href":"https:\/\/radiopoloniawinnipeg.com\/index.php\/wp-json\/wp\/v2\/posts"}],"about":[{"href":"https:\/\/radiopoloniawinnipeg.com\/index.php\/wp-json\/wp\/v2\/types\/post"}],"author":[{"embeddable":true,"href":"https:\/\/radiopoloniawinnipeg.com\/index.php\/wp-json\/wp\/v2\/users\/3"}],"replies":[{"embeddable":true,"href":"https:\/\/radiopoloniawinnipeg.com\/index.php\/wp-json\/wp\/v2\/comments?post=2492"}],"version-history":[{"count":0,"href":"https:\/\/radiopoloniawinnipeg.com\/index.php\/wp-json\/wp\/v2\/posts\/2492\/revisions"}],"wp:featuredmedia":[{"embeddable":true,"href":"https:\/\/radiopoloniawinnipeg.com\/index.php\/wp-json\/wp\/v2\/media\/2493"}],"wp:attachment":[{"href":"https:\/\/radiopoloniawinnipeg.com\/index.php\/wp-json\/wp\/v2\/media?parent=2492"}],"wp:term":[{"taxonomy":"category","embeddable":true,"href":"https:\/\/radiopoloniawinnipeg.com\/index.php\/wp-json\/wp\/v2\/categories?post=2492"},{"taxonomy":"post_tag","embeddable":true,"href":"https:\/\/radiopoloniawinnipeg.com\/index.php\/wp-json\/wp\/v2\/tags?post=2492"}],"curies":[{"name":"wp","href":"https:\/\/api.w.org\/{rel}","templated":true}]}}