{"id":2500,"date":"2025-07-08T13:30:04","date_gmt":"2025-07-08T17:30:04","guid":{"rendered":"https:\/\/radiopoloniawinnipeg.com\/index.php\/2025\/07\/08\/anita-anand-z-dyplomatyczna-misja-w-japonii-i-malezji\/"},"modified":"2025-07-08T13:30:04","modified_gmt":"2025-07-08T17:30:04","slug":"anita-anand-z-dyplomatyczna-misja-w-japonii-i-malezji","status":"publish","type":"post","link":"https:\/\/radiopoloniawinnipeg.com\/index.php\/2025\/07\/08\/anita-anand-z-dyplomatyczna-misja-w-japonii-i-malezji\/","title":{"rendered":"Anita Anand z dyplomatyczn\u0105 misj\u0105 w Japonii i Malezji"},"content":{"rendered":"<div id=\"attachment_217107\" style=\"width: 646px\" class=\"wp-caption aligncenter\"><img decoding=\"async\" loading=\"lazy\" aria-describedby=\"caption-attachment-217107\" class=\"size-custom-full-size wp-image-217107\" src=\"https:\/\/bejsment.com\/wp-content\/uploads\/2025\/07\/aaanand2-636x414.jpg\" alt=\"\" width=\"636\" height=\"414\" \/><\/p>\n<p id=\"caption-attachment-217107\" class=\"wp-caption-text\">Anita Anand<\/p>\n<\/div>\n<p><strong>Minister spraw zagranicznych Anita Anand udaje si\u0119 z wizyt\u0105 do Japonii i Malezji, gdzie rz\u0105d premiera Marka Carneya kszta\u0142tuje nowe otwarcie dyplomatyczne i handlowe w regionie Indo-Pacyfiku. To kolejny krok w realizacji strategii Kanady maj\u0105cej na celu wzmocnienie obecno\u015bci w Azji oraz uniezale\u017cnienie si\u0119 od wp\u0142yw\u00f3w Chin.<\/strong><\/p>\n<p>W Tokio szefowa kanadyjskiej dyplomacji spotka si\u0119 ze swoim japo\u0144skim odpowiednikiem, aby sfinalizowa\u0107 porozumienie w sprawie wymiany informacji dotycz\u0105cych obronno\u015bci oraz pog\u0142\u0119bi\u0107 wsp\u00f3\u0142prac\u0119 gospodarcz\u0105. Japonia, b\u0119d\u0105ca jednym z najbli\u017cszych sojusznik\u00f3w Kanady w regionie, odgrywa kluczow\u0105 rol\u0119 w strategii budowania bezpiecznej i stabilnej przestrzeni Indo-Pacyfiku.<\/p>\n<p>Kolejnym przystankiem na trasie Anity Anand b\u0119dzie Malezja, gdzie w czwartek i pi\u0105tek we\u017amie udzia\u0142 w spotkaniu ministr\u00f3w spraw zagranicznych Stowarzyszenia Narod\u00f3w Azji Po\u0142udniowo-Wschodniej (ASEAN). Kanada d\u0105\u017cy do podpisania umowy handlowej z tym blokiem ju\u017c w tym roku. W 2023 roku oba podmioty zainicjowa\u0142y strategiczne partnerstwo, kt\u00f3re obejmuje nie tylko handel, ale tak\u017ce wsp\u00f3\u0142prac\u0119 edukacyjn\u0105 oraz dzia\u0142ania na rzecz przeciwdzia\u0142ania zagro\u017ceniom biologicznym.<\/p>\n<p>Wizyta Anand poprzedza zaplanowany na jesie\u0144 szczyt przyw\u00f3dc\u00f3w ASEAN w Malezji. Jak zapowiedzia\u0142 premier Carney, szefowa kanadyjskiej dyplomacji we\u017amie udzia\u0142 r\u00f3wnie\u017c w tym wydarzeniu. B\u0119dzie to okazja do dalszego umacniania relacji z partnerami w regionie oraz prezentacji kanadyjskiego podej\u015bcia do kluczowych kwestii bezpiecze\u0144stwa i wsp\u00f3\u0142pracy mi\u0119dzynarodowej.<\/p>\n<p>Od obj\u0119cia w\u0142adzy Mark Carney skupia\u0142 si\u0119 przede wszystkim na odbudowie relacji z Europ\u0105 oraz wzmacnianiu potencja\u0142u obronnego Kanady. Jego rz\u0105d podpisa\u0142 m.in. umow\u0119 z Australi\u0105 na budow\u0119 systemu radarowego dla Arktyki. Jednocze\u015bnie kontynuuje dzia\u0142ania rozpocz\u0119te przez poprzedni gabinet Justina Trudeau, kt\u00f3ry w 2022 roku przyj\u0105\u0142 strategi\u0119 wobec Indo-Pacyfiku, opart\u0105 na dywersyfikacji handlu oraz wzmacnianiu sojuszy obronnych.<\/p>\n<p>Zgodnie z niedawnym raportem Global Affairs Canada, od momentu wdro\u017cenia strategii do kraj\u00f3w regionu skierowano ponad 70 nowych dyplomat\u00f3w. To jeden z element\u00f3w szerszej polityki, kt\u00f3ra ma uczyni\u0107 Kanad\u0119 bardziej aktywnym i wiarygodnym partnerem w tej cz\u0119\u015bci \u015bwiata.<\/p>\n<p>Kai Ostwald, politolog z Uniwersytetu Kolumbii Brytyjskiej, zauwa\u017cy\u0142 w niedawnej analizie dla Asia Pacific Foundation, \u017ce Kanada skutecznie buduje swoj\u0105 mark\u0119 w Azji Po\u0142udniowo-Wschodniej. Dzieje si\u0119 tak dzi\u0119ki licznym wizytom wysokiego szczebla, ale r\u00f3wnie\u017c delegacjom edukacyjnym i handlowym. Ostwald podkre\u015bla, \u017ce w obliczu wycofania si\u0119 USA z wielu inicjatyw multilateralnych za czas\u00f3w prezydentury Donalda Trumpa, wiele pa\u0144stw regionu zacz\u0119\u0142o dostrzega\u0107 w Kanadzie warto\u015bciowego partnera.<\/p>\n<p>\u201eNawet je\u015bli Kanada nie jest jeszcze gotowa, by jasno wskaza\u0107 strategiczn\u0105 wizj\u0119 dla regionu, to wiele kraj\u00f3w i tak chce j\u0105 mie\u0107 przy stole \u2013 jako rozm\u00f3wc\u0119, doradc\u0119 i partnera\u201d \u2013 pisze Ostwald. Jego zdaniem Kanada mo\u017ce skorzysta\u0107 z tego, \u017ce jest postrzegana jako \u015brednie mocarstwo, kt\u00f3re nigdy nie by\u0142o kolonialnym agresorem. Kluczowe jednak b\u0119dzie wypracowanie wywa\u017conej polityki wobec Chin \u2013 ostro\u017cnej, ale nie antagonistycznej.<\/p>\n<p style=\"text-align: right\"><em>Na podst. Canadian Press<\/em><\/p>\n","protected":false},"excerpt":{"rendered":"<p>Anita Anand Minister spraw zagranicznych Anita Anand udaje si\u0119 z wizyt\u0105 do Japonii i Malezji, gdzie rz\u0105d premiera Marka Carneya kszta\u0142tuje nowe otwarcie dyplomatyczne i&hellip;<\/p>\n","protected":false},"author":3,"featured_media":2501,"comment_status":"open","ping_status":"open","sticky":false,"template":"","format":"standard","meta":{"footnotes":""},"categories":[12,18],"tags":[],"class_list":["post-2500","post","type-post","status-publish","format-standard","has-post-thumbnail","hentry","category-kanada","category-top-news"],"_links":{"self":[{"href":"https:\/\/radiopoloniawinnipeg.com\/index.php\/wp-json\/wp\/v2\/posts\/2500","targetHints":{"allow":["GET"]}}],"collection":[{"href":"https:\/\/radiopoloniawinnipeg.com\/index.php\/wp-json\/wp\/v2\/posts"}],"about":[{"href":"https:\/\/radiopoloniawinnipeg.com\/index.php\/wp-json\/wp\/v2\/types\/post"}],"author":[{"embeddable":true,"href":"https:\/\/radiopoloniawinnipeg.com\/index.php\/wp-json\/wp\/v2\/users\/3"}],"replies":[{"embeddable":true,"href":"https:\/\/radiopoloniawinnipeg.com\/index.php\/wp-json\/wp\/v2\/comments?post=2500"}],"version-history":[{"count":0,"href":"https:\/\/radiopoloniawinnipeg.com\/index.php\/wp-json\/wp\/v2\/posts\/2500\/revisions"}],"wp:featuredmedia":[{"embeddable":true,"href":"https:\/\/radiopoloniawinnipeg.com\/index.php\/wp-json\/wp\/v2\/media\/2501"}],"wp:attachment":[{"href":"https:\/\/radiopoloniawinnipeg.com\/index.php\/wp-json\/wp\/v2\/media?parent=2500"}],"wp:term":[{"taxonomy":"category","embeddable":true,"href":"https:\/\/radiopoloniawinnipeg.com\/index.php\/wp-json\/wp\/v2\/categories?post=2500"},{"taxonomy":"post_tag","embeddable":true,"href":"https:\/\/radiopoloniawinnipeg.com\/index.php\/wp-json\/wp\/v2\/tags?post=2500"}],"curies":[{"name":"wp","href":"https:\/\/api.w.org\/{rel}","templated":true}]}}