{"id":2502,"date":"2025-07-08T14:30:07","date_gmt":"2025-07-08T18:30:07","guid":{"rendered":"https:\/\/radiopoloniawinnipeg.com\/index.php\/2025\/07\/08\/bodnar-vs-ziobro-starcie-o-praworzadnosc\/"},"modified":"2025-07-08T14:30:07","modified_gmt":"2025-07-08T18:30:07","slug":"bodnar-vs-ziobro-starcie-o-praworzadnosc","status":"publish","type":"post","link":"https:\/\/radiopoloniawinnipeg.com\/index.php\/2025\/07\/08\/bodnar-vs-ziobro-starcie-o-praworzadnosc\/","title":{"rendered":"Bodnar vs. Ziobro: starcie o praworz\u0105dno\u015b\u0107"},"content":{"rendered":"<div id=\"attachment_217127\" style=\"width: 646px\" class=\"wp-caption aligncenter\"><img decoding=\"async\" loading=\"lazy\" aria-describedby=\"caption-attachment-217127\" class=\"size-custom-full-size wp-image-217127\" src=\"https:\/\/bejsment.com\/wp-content\/uploads\/2025\/07\/aabodnar-636x478.jpg\" alt=\"\" width=\"636\" height=\"478\" \/><\/p>\n<p id=\"caption-attachment-217127\" class=\"wp-caption-text\">Minister sprawiedliwo\u015bci Adam Bodnar<\/p>\n<\/div>\n<p><strong>Minister sprawiedliwo\u015bci Adam Bodnar zdecydowanie odci\u0105\u0142 si\u0119 od doniesie\u0144 medialnych, wed\u0142ug kt\u00f3rych mia\u0142by popiera\u0107 prace nad ustaw\u0105 gwarantuj\u0105c\u0105 bezkarno\u015b\u0107 politykom rz\u0105dz\u0105cej koalicji po wyborach z 2023 roku. W rozmowie z Radiem Zet okre\u015bli\u0142 te sugestie mianem \u201ekreatywnego bajkopisarstwa\u201d.<\/strong><\/p>\n<p>Portal wpolityce.pl informowa\u0142 wcze\u015bniej, \u017ce Bodnar oraz jego wsp\u00f3\u0142pracownicy \u2013 okre\u015blani niekiedy jako \u201ebodnarowcy\u201d \u2013 mieli liczy\u0107 na to, \u017ce Rafa\u0142 Trzaskowski po wygraniu przysz\u0142ych wybor\u00f3w prezydenckich podpisze kontrowersyjn\u0105 ustaw\u0119 maj\u0105c\u0105 chroni\u0107 polityk\u00f3w przed odpowiedzialno\u015bci\u0105 za dzia\u0142ania podejmowane po obj\u0119ciu w\u0142adzy.<\/p>\n<p>\u2013 Wczoraj czyta\u0142em ten artyku\u0142 o \u201eustawie bezkarno\u015bciowej&#8221; i pomy\u015bla\u0142em: Bo\u017ce, to jest jakie\u015b kreatywne bajkopisarstwo \u2013 stwierdzi\u0142 Bodnar. \u2013 Zastanawia\u0142em si\u0119 nawet, czy warto w og\u00f3le reagowa\u0107. Czy wyda\u0107 o\u015bwiadczenie, \u017ce nie by\u0142o takich prac, czy raczej zignorowa\u0107 ten tekst, \u017ceby nie nadawa\u0107 mu powagi \u2013 doda\u0142.<\/p>\n<p>Minister zapewni\u0142, \u017ce nie tylko nie istnia\u0142 projekt takiej ustawy, ale i sam pomys\u0142 jest mu ca\u0142kowicie obcy. \u2013 Nawet do g\u0142owy by mi nie przysz\u0142o, \u017ceby podejmowa\u0107 prace nad takim rozwi\u0105zaniem \u2013 zaznaczy\u0142. Jego zdaniem publikacja portalu jest pr\u00f3b\u0105 \u201etworzenia alternatywnej rzeczywisto\u015bci\u201d, opartej na domys\u0142ach i plotkach.<\/p>\n<p>Bodnar podkre\u015bli\u0142, \u017ce wszystkie dzia\u0142ania resortu sprawiedliwo\u015bci odbywaj\u0105 si\u0119 w ramach prawa. \u2013 Wr\u0119cz jestem za to krytykowany \u2013 \u017ce dzia\u0142am zbyt wolno \u2013 przyzna\u0142 z ironi\u0105.<\/p>\n<p>Tymczasem atmosfera polityczna wok\u00f3\u0142 obecnego rz\u0105du jest coraz bardziej napi\u0119ta. By\u0142y minister sprawiedliwo\u015bci Zbigniew Ziobro ostro skrytykowa\u0142 koalicj\u0119 rz\u0105dz\u0105c\u0105, oskar\u017caj\u0105c j\u0105 o pr\u00f3b\u0119 nielegalnej zmiany ustroju Rzeczypospolitej. Polityk zapowiedzia\u0142, \u017ce sprawa ta musi zosta\u0107 wyja\u015bniona w drodze post\u0119powania karnego.<\/p>\n<div id=\"attachment_217131\" style=\"width: 646px\" class=\"wp-caption aligncenter\"><img decoding=\"async\" loading=\"lazy\" aria-describedby=\"caption-attachment-217131\" class=\"size-custom-full-size wp-image-217131\" src=\"https:\/\/bejsment.com\/wp-content\/uploads\/2025\/07\/aaziobro3-636x357.jpg\" alt=\"\" width=\"636\" height=\"357\" \/><\/p>\n<p id=\"caption-attachment-217131\" class=\"wp-caption-text\">Zbigniew Ziobro<\/p>\n<\/div>\n<p>\u2013 To nie jest kwestia retoryki. To jest przest\u0119pstwo zagro\u017cone kar\u0105 do\u017cywotniego pozbawienia wolno\u015bci \u2013 powiedzia\u0142 Ziobro, odnosz\u0105c si\u0119 do dzia\u0142a\u0144 obecnej wi\u0119kszo\u015bci parlamentarnej. \u2013 W przysz\u0142o\u015bci musi zosta\u0107 wszcz\u0119te \u015bledztwo. To element wi\u0119kszej uk\u0142adanki \u2013 zamachu na polski ustr\u00f3j pa\u0144stwowy \u2013 podkre\u015bli\u0142.<\/p>\n<p>Ziobro zapowiedzia\u0142, \u017ce je\u015bli Prawo i Sprawiedliwo\u015b\u0107 powr\u00f3ci do w\u0142adzy, sprawa zostanie podj\u0119ta z pe\u0142n\u0105 stanowczo\u015bci\u0105. \u2013 Ci, kt\u00f3rzy my\u015bl\u0105, \u017ce to tylko polityczne has\u0142a rzucane na wiatr, g\u0142\u0119boko si\u0119 myl\u0105. Nie zamierzam teraz wylicza\u0107 wszystkich zbrodni, nieprawo\u015bci i bezece\u0144stw, jakich dopu\u015bcili si\u0119 wobec polskiego pa\u0144stwa \u2013 zaznaczy\u0142.<\/p>\n<p style=\"text-align: right\"><em>Na podst. i.Pl<\/em><\/p>\n","protected":false},"excerpt":{"rendered":"<p>Minister sprawiedliwo\u015bci Adam Bodnar Minister sprawiedliwo\u015bci Adam Bodnar zdecydowanie odci\u0105\u0142 si\u0119 od doniesie\u0144 medialnych, wed\u0142ug kt\u00f3rych mia\u0142by popiera\u0107 prace nad ustaw\u0105 gwarantuj\u0105c\u0105 bezkarno\u015b\u0107 politykom rz\u0105dz\u0105cej&hellip;<\/p>\n","protected":false},"author":3,"featured_media":2503,"comment_status":"open","ping_status":"open","sticky":false,"template":"","format":"standard","meta":{"footnotes":""},"categories":[14,18],"tags":[],"class_list":["post-2502","post","type-post","status-publish","format-standard","has-post-thumbnail","hentry","category-polska","category-top-news"],"_links":{"self":[{"href":"https:\/\/radiopoloniawinnipeg.com\/index.php\/wp-json\/wp\/v2\/posts\/2502","targetHints":{"allow":["GET"]}}],"collection":[{"href":"https:\/\/radiopoloniawinnipeg.com\/index.php\/wp-json\/wp\/v2\/posts"}],"about":[{"href":"https:\/\/radiopoloniawinnipeg.com\/index.php\/wp-json\/wp\/v2\/types\/post"}],"author":[{"embeddable":true,"href":"https:\/\/radiopoloniawinnipeg.com\/index.php\/wp-json\/wp\/v2\/users\/3"}],"replies":[{"embeddable":true,"href":"https:\/\/radiopoloniawinnipeg.com\/index.php\/wp-json\/wp\/v2\/comments?post=2502"}],"version-history":[{"count":0,"href":"https:\/\/radiopoloniawinnipeg.com\/index.php\/wp-json\/wp\/v2\/posts\/2502\/revisions"}],"wp:featuredmedia":[{"embeddable":true,"href":"https:\/\/radiopoloniawinnipeg.com\/index.php\/wp-json\/wp\/v2\/media\/2503"}],"wp:attachment":[{"href":"https:\/\/radiopoloniawinnipeg.com\/index.php\/wp-json\/wp\/v2\/media?parent=2502"}],"wp:term":[{"taxonomy":"category","embeddable":true,"href":"https:\/\/radiopoloniawinnipeg.com\/index.php\/wp-json\/wp\/v2\/categories?post=2502"},{"taxonomy":"post_tag","embeddable":true,"href":"https:\/\/radiopoloniawinnipeg.com\/index.php\/wp-json\/wp\/v2\/tags?post=2502"}],"curies":[{"name":"wp","href":"https:\/\/api.w.org\/{rel}","templated":true}]}}