{"id":2524,"date":"2025-07-09T12:30:07","date_gmt":"2025-07-09T16:30:07","guid":{"rendered":"https:\/\/radiopoloniawinnipeg.com\/index.php\/2025\/07\/09\/swiatek-pisze-historie-awansowala-do-polfinalu-wimbledonu\/"},"modified":"2025-07-09T12:30:07","modified_gmt":"2025-07-09T16:30:07","slug":"swiatek-pisze-historie-awansowala-do-polfinalu-wimbledonu","status":"publish","type":"post","link":"https:\/\/radiopoloniawinnipeg.com\/index.php\/2025\/07\/09\/swiatek-pisze-historie-awansowala-do-polfinalu-wimbledonu\/","title":{"rendered":"\u015awi\u0105tek pisze histori\u0119. Awansowa\u0142a do p\u00f3\u0142fina\u0142u Wimbledonu!"},"content":{"rendered":"<p><img decoding=\"async\" loading=\"lazy\" class=\"aligncenter size-custom-full-size wp-image-217212\" src=\"https:\/\/bejsment.com\/wp-content\/uploads\/2025\/07\/aaiga-636x478.jpg\" alt=\"\" width=\"636\" height=\"478\" \/><\/p>\n<p><strong>Iga \u015awi\u0105tek po raz pierwszy w karierze awansowa\u0142a do p\u00f3\u0142fina\u0142u Wimbledonu. W \u015brodowym \u0107wier\u0107finale Polka pokona\u0142a Rosjank\u0119 Ludmi\u0142\u0119 Samsonow\u0105 6:2, 7:5 i spe\u0142ni\u0142a marzenie, na kt\u00f3re kibice czekali od dekady.<\/strong><\/p>\n<p>Ju\u017c pierwszy gem meczu przyni\u00f3s\u0142 emocje \u2013 \u015awi\u0105tek musia\u0142a broni\u0107 break pointa, ale zrobi\u0142a to w imponuj\u0105cym stylu, serwuj\u0105c asa. Jej serwis dzia\u0142a\u0142 przez ca\u0142y turniej znakomicie i by\u0142 jednym z kluczowych element\u00f3w prowadz\u0105cych j\u0105 do sukcesu. W ca\u0142ej dotychczasowej drodze do \u0107wier\u0107fina\u0142u Polka zosta\u0142a prze\u0142amana tylko cztery razy.<\/p>\n<p>Pocz\u0105tek spotkania by\u0142 wyr\u00f3wnany, obie zawodniczki uwa\u017cnie bada\u0142y nawzajem swoje reakcje, walcz\u0105c o kontrol\u0119 nad lini\u0105 ko\u0144cow\u0105. Prze\u0142om nast\u0105pi\u0142 w sz\u00f3stym gemie, kiedy Samsonowa pope\u0142ni\u0142a kilka prostych b\u0142\u0119d\u00f3w mimo prowadzenia 40:15. \u015awi\u0105tek wykorzysta\u0142a okazj\u0119 i doprowadzi\u0142a do prze\u0142amania, po kt\u00f3rym wyra\u017anie zdominowa\u0142a rywalk\u0119. Pierwszego seta zako\u0144czy\u0142a po 39 minutach, zwyci\u0119\u017caj\u0105c 6:2. Rosjanka nie mog\u0142a znale\u017a\u0107 sposobu na dok\u0142adn\u0105, agresywn\u0105 gr\u0119 Polki i pope\u0142ni\u0142a a\u017c 18 niewymuszonych b\u0142\u0119d\u00f3w.<\/p>\n<p>W drugiej partii obraz gry pocz\u0105tkowo si\u0119 nie zmieni\u0142. Samsonowa by\u0142a wyra\u017anie zdekoncentrowana \u2013 pope\u0142ni\u0142a dwa podw\u00f3jne b\u0142\u0119dy serwisowe z rz\u0119du i odda\u0142a serwis do zera. Mimo pr\u00f3b powrotu do gry \u2013 m.in. czterech niewykorzystanych break point\u00f3w \u2013 nie zdo\u0142a\u0142a odzyska\u0107 kontroli. Cho\u0107 na chwil\u0119 zacz\u0119\u0142a gra\u0107 pewniej, a \u015awi\u0105tek przy stanie 4:2 straci\u0142a serwis, to Polka szybko wr\u00f3ci\u0142a do skutecznej, zorganizowanej gry.<\/p>\n<p>Ko\u0144c\u00f3wka drugiego seta to pokaz dojrza\u0142o\u015bci i zimnej krwi naszej liderki. Najpierw utrzyma\u0142a serwis ze stanu 0:30, a nast\u0119pnie kapitalnym returnem zako\u0144czy\u0142a mecz, wygrywaj\u0105c 7:5 i melduj\u0105c si\u0119 w swoim pierwszym wimbledo\u0144skim p\u00f3\u0142finale.<\/p>\n<blockquote class=\"twitter-tweet\" data-width=\"550\" data-dnt=\"true\">\n<p lang=\"pl\" dir=\"ltr\">Super Swiatek \u2728<a href=\"https:\/\/twitter.com\/hashtag\/Wimbledon?src=hash&amp;ref_src=twsrc%5Etfw\">#Wimbledon<\/a> <a href=\"https:\/\/t.co\/kzzqmoYGSM\">pic.twitter.com\/kzzqmoYGSM<\/a><\/p>\n<p>&mdash; Wimbledon (@Wimbledon) <a href=\"https:\/\/twitter.com\/Wimbledon\/status\/1942946192804995170?ref_src=twsrc%5Etfw\">July 9, 2025<\/a><\/p>\n<\/blockquote>\n<p>To historyczny moment \u2013 ostatni\u0105 Polk\u0105 w p\u00f3\u0142finale Wimbledonu by\u0142a Agnieszka Radwa\u0144ska w 2014 roku. Teraz \u015awi\u0105tek staje przed najwi\u0119kszym wyzwaniem w turnieju: w czwartek zmierzy si\u0119 z Belind\u0105 Bencic. Spotkanie zostanie rozegrane jako drugie na korcie centralnym, po pojedynku Sabalenka \u2013 Anisimowa. Pocz\u0105tek oko\u0142o godziny 14:30.<\/p>\n<p>\u2013 Po ostatniej pi\u0142ce mia\u0142am ciarki na ciele. Jestem niesamowicie szcz\u0119\u015bliwa i dumna z siebie. Na pewno si\u0119 nie zatrzymam \u2013 powiedzia\u0142a po meczu szcz\u0119\u015bliwa \u015awi\u0105tek.<\/p>\n<p style=\"text-align: right\"><em>Na podst. Tenis Klub, Sport.pl<\/em><\/p>\n","protected":false},"excerpt":{"rendered":"<p>Iga \u015awi\u0105tek po raz pierwszy w karierze awansowa\u0142a do p\u00f3\u0142fina\u0142u Wimbledonu. W \u015brodowym \u0107wier\u0107finale Polka pokona\u0142a Rosjank\u0119 Ludmi\u0142\u0119 Samsonow\u0105 6:2, 7:5 i spe\u0142ni\u0142a marzenie, na&hellip;<\/p>\n","protected":false},"author":3,"featured_media":2525,"comment_status":"open","ping_status":"open","sticky":false,"template":"","format":"standard","meta":{"footnotes":""},"categories":[15,18],"tags":[],"class_list":["post-2524","post","type-post","status-publish","format-standard","has-post-thumbnail","hentry","category-swiat","category-top-news"],"_links":{"self":[{"href":"https:\/\/radiopoloniawinnipeg.com\/index.php\/wp-json\/wp\/v2\/posts\/2524","targetHints":{"allow":["GET"]}}],"collection":[{"href":"https:\/\/radiopoloniawinnipeg.com\/index.php\/wp-json\/wp\/v2\/posts"}],"about":[{"href":"https:\/\/radiopoloniawinnipeg.com\/index.php\/wp-json\/wp\/v2\/types\/post"}],"author":[{"embeddable":true,"href":"https:\/\/radiopoloniawinnipeg.com\/index.php\/wp-json\/wp\/v2\/users\/3"}],"replies":[{"embeddable":true,"href":"https:\/\/radiopoloniawinnipeg.com\/index.php\/wp-json\/wp\/v2\/comments?post=2524"}],"version-history":[{"count":0,"href":"https:\/\/radiopoloniawinnipeg.com\/index.php\/wp-json\/wp\/v2\/posts\/2524\/revisions"}],"wp:featuredmedia":[{"embeddable":true,"href":"https:\/\/radiopoloniawinnipeg.com\/index.php\/wp-json\/wp\/v2\/media\/2525"}],"wp:attachment":[{"href":"https:\/\/radiopoloniawinnipeg.com\/index.php\/wp-json\/wp\/v2\/media?parent=2524"}],"wp:term":[{"taxonomy":"category","embeddable":true,"href":"https:\/\/radiopoloniawinnipeg.com\/index.php\/wp-json\/wp\/v2\/categories?post=2524"},{"taxonomy":"post_tag","embeddable":true,"href":"https:\/\/radiopoloniawinnipeg.com\/index.php\/wp-json\/wp\/v2\/tags?post=2524"}],"curies":[{"name":"wp","href":"https:\/\/api.w.org\/{rel}","templated":true}]}}