{"id":2534,"date":"2025-07-10T07:30:08","date_gmt":"2025-07-10T11:30:08","guid":{"rendered":"https:\/\/radiopoloniawinnipeg.com\/index.php\/2025\/07\/10\/andrzej-duda-o-karze-za-zdrade-burza-po-wywiadzie-prezydenta\/"},"modified":"2025-07-10T07:30:08","modified_gmt":"2025-07-10T11:30:08","slug":"andrzej-duda-o-karze-za-zdrade-burza-po-wywiadzie-prezydenta","status":"publish","type":"post","link":"https:\/\/radiopoloniawinnipeg.com\/index.php\/2025\/07\/10\/andrzej-duda-o-karze-za-zdrade-burza-po-wywiadzie-prezydenta\/","title":{"rendered":"Andrzej Duda o karze za zdrad\u0119. Burza po wywiadzie prezydenta"},"content":{"rendered":"<p><img decoding=\"async\" loading=\"lazy\" class=\"aligncenter size-custom-full-size wp-image-217313\" src=\"https:\/\/bejsment.com\/wp-content\/uploads\/2025\/07\/aaad2-636x424.jpg\" alt=\"\" width=\"636\" height=\"424\" \/><\/p>\n<p><strong>Wypowied\u017a prezydenta Andrzeja Dudy o \u201ewieszaniu za zdrad\u0119\u201d wywo\u0142a\u0142a lawin\u0119 krytyki w\u015br\u00f3d polityk\u00f3w i komentator\u00f3w. W wywiadzie udzielonym \u015brodowiskom konserwatywnym prezydent zaatakowa\u0142 \u015brodowisko s\u0119dziowskie i zasugerowa\u0142, \u017ce Polska potrzebuje \u201eoczyszczenia\u201d wymiaru sprawiedliwo\u015bci, je\u015bli s\u0119dziowie \u201esami si\u0119 nie opami\u0119taj\u0105\u201d.<\/strong><\/p>\n<p>\u2013 Niedawno jeden cz\u0142owiek powiedzia\u0142 mi bardzo brutalnie: \u201eWie pan, dlaczego w Polsce jest tyle zdrady i warcholstwa bezczelnego? Bo dawno nikogo nie powieszono za zdrad\u0119\u201d. To straszne, ale w tych s\u0142owach jest prawda \u2013 powiedzia\u0142 prezydent Andrzej Duda, udzielaj\u0105c wywiadu \u201eOtwartej Konserwie\u201d, \u201eNowemu \u0141adowi\u201d i \u201eKlubowi Jagiello\u0144skiemu\u201d.<\/p>\n<p>Wypowied\u017a ta szybko sta\u0142a si\u0119 tematem numer jeden w polskiej polityce. Wielu komentator\u00f3w uzna\u0142o j\u0105 za niedopuszczaln\u0105 w ustach g\u0142owy pa\u0144stwa i oskar\u017cy\u0142o prezydenta o sianie nienawi\u015bci.<\/p>\n<h3><strong>Zapowied\u017a rozprawy z s\u0119dziami<\/strong><\/h3>\n<p>W rozmowie prezydent w ostrych s\u0142owach skrytykowa\u0142 \u015brodowisko s\u0119dziowskie, kt\u00f3re \u2013 jego zdaniem \u2013 \u201e\u0142amie zasady etyki zawodowej\u201d i doprowadza do kryzysu wymiaru sprawiedliwo\u015bci.<\/p>\n<p>\u2013 Je\u017celi to \u015brodowisko si\u0119 nie opami\u0119ta, to trzeba b\u0119dzie tych ludzi wyrzuci\u0107 ze stanu s\u0119dziowskiego, bez prawa do stanu spoczynku. Mo\u017ce przyjdzie taki dzie\u0144, \u017ce po prostu trzeba b\u0119dzie to zrobi\u0107 \u2013 m\u00f3wi\u0142 Duda. Doda\u0142, \u017ce \u201epost\u0119puj\u0105ce szale\u0144stwo w\u015br\u00f3d niekt\u00f3rych s\u0119dzi\u00f3w\u201d graniczy z \u201eoszo\u0142omstwem\u201d.<\/p>\n<p>Prezydent podkre\u015bli\u0142 r\u00f3wnie\u017c, \u017ce s\u0119dziowie powinni by\u0107 ca\u0142kowicie anonimowi i nieujawniaj\u0105cy swoich pogl\u0105d\u00f3w. \u2013 Nie mam prawa wiedzie\u0107, co s\u0105dz\u0105 o aborcji, religii w szko\u0142ach czy o mnie samym \u2013 zaznaczy\u0142.<\/p>\n<h3><strong>Fala krytyki: \u201eTo nawo\u0142ywanie do przemocy\u201d<\/strong><\/h3>\n<p>Na s\u0142owa prezydenta natychmiast zareagowali politycy r\u00f3\u017cnych opcji. Dariusz Jo\u0144ski (KO) napisa\u0142, \u017ce Duda i Kaczy\u0144ski \u201ed\u0105\u017c\u0105 do wojny domowej\u201d. Tomasz Trela z Lewicy uzna\u0142 wypowied\u017a za \u201eskandaliczn\u0105 i dyskwalifikuj\u0105c\u0105\u201d, a Roman Giertych przestrzeg\u0142, \u017ce takie s\u0142owa mog\u0105 \u201esko\u0144czy\u0107 si\u0119 zab\u00f3jstwem politycznym\u201d.<\/p>\n<p>Politolog Marek Migalski nazwa\u0142 wypowied\u017a \u201eautoagresj\u0105 sfrustrowanego polityka\u201d, kt\u00f3ry \u201ezobaczy\u0142 si\u0119 w lustrze i jest w\u015bciek\u0142y\u201d. Z kolei pose\u0142 PSL Marek Sawicki przypomnia\u0142, \u017ce to w\u0142a\u015bnie prezydent Duda wprowadza\u0142 tzw. neos\u0119dzi\u00f3w, a teraz \u201estraszy ich kar\u0105 \u015bmierci\u201d.<\/p>\n<p>Ryszard Petru (Polska 2050) okre\u015bli\u0142 s\u0142owa prezydenta jako \u201ekarygodne\u201d i stwierdzi\u0142, \u017ce s\u0105 przygn\u0119biaj\u0105cym podsumowaniem jego kadencji.<\/p>\n<h3><strong>Reakcja prezydenta<\/strong><\/h3>\n<p>W czwartek Andrzej Duda odni\u00f3s\u0142 si\u0119 do krytyki w mediach spo\u0142eczno\u015bciowych. Przypomnia\u0142, \u017ce Donald Tusk r\u00f3wnie\u017c u\u017cywa\u0142 s\u0142\u00f3w o \u201esznurze i ga\u0142\u0119zi\u201d, cytuj\u0105c w przesz\u0142o\u015bci wiersz Czes\u0142awa Mi\u0142osza. \u201eTo wasz lider pierwszy m\u00f3wi\u0142 o wieszaniu. Wtedy nie trz\u0119\u015bli\u015bcie si\u0119 z oburzenia\u201d \u2013 napisa\u0142 Duda.<\/p>\n<p>Tusk odpowiedzia\u0142 poezj\u0105: \u201eNie b\u0105d\u017a bezpieczny. Poeta pami\u0119ta. Mo\u017cesz go zabi\u0107 \u2013 narodzi si\u0119 nowy (\u2026)\u201d.<\/p>\n<h3><strong>Komentarze medi\u00f3w i ekspert\u00f3w<\/strong><\/h3>\n<p>Dziennikarze i komentatorzy r\u00f3wnie\u017c krytycznie ocenili wypowiedzi prezydenta. Jakub Krzywiecki (Interia) zauwa\u017cy\u0142, \u017ce Duda \u201em\u00f3wi j\u0119zykiem Konfederacji\u201d, a jego s\u0142owa o Ukrainie i lotnisku w Rzeszowie s\u0105 niemal identyczne ze s\u0142owami S\u0142awomira Mentzena.<\/p>\n<p>Grzegorz Osiecki (Polsat News) oceni\u0142, \u017ce prezydent \u201epojecha\u0142 za daleko\u201d, a jego emocjonalna wypowied\u017a mo\u017ce zosta\u0107 odebrana jako przyzwolenie na agresj\u0119.<\/p>\n<h3><strong>Sprawa Ukrainy i lotniska w Rzeszowie<\/strong><\/h3>\n<p>W tym samym wywiadzie Duda m\u00f3wi\u0142 r\u00f3wnie\u017c o relacjach z Ukrain\u0105. \u2013 Zar\u00f3wno Ukrai\u0144cy, jak i nasi sojusznicy uwa\u017caj\u0105, \u017ce lotnisko w Rzeszowie i nasze autostrady nale\u017c\u0105 do nich. A to jest nasze. Je\u015bli si\u0119 komu\u015b to nie podoba, zamykamy i do widzenia \u2013 stwierdzi\u0142.<\/p>\n<p>T\u0119 cz\u0119\u015b\u0107 wypowiedzi r\u00f3wnie\u017c uznano za kontrowersyjn\u0105, zw\u0142aszcza w kontek\u015bcie dotychczasowej roli Rzeszowa jako g\u0142\u00f3wnego kana\u0142u pomocy wojskowej dla Ukrainy.<\/p>\n<p style=\"text-align: right\"><em>Na podst. Polsat News<\/em><\/p>\n","protected":false},"excerpt":{"rendered":"<p>Wypowied\u017a prezydenta Andrzeja Dudy o \u201ewieszaniu za zdrad\u0119\u201d wywo\u0142a\u0142a lawin\u0119 krytyki w\u015br\u00f3d polityk\u00f3w i komentator\u00f3w. W wywiadzie udzielonym \u015brodowiskom konserwatywnym prezydent zaatakowa\u0142 \u015brodowisko s\u0119dziowskie i&hellip;<\/p>\n","protected":false},"author":3,"featured_media":2535,"comment_status":"open","ping_status":"open","sticky":false,"template":"","format":"standard","meta":{"footnotes":""},"categories":[14,18],"tags":[],"class_list":["post-2534","post","type-post","status-publish","format-standard","has-post-thumbnail","hentry","category-polska","category-top-news"],"_links":{"self":[{"href":"https:\/\/radiopoloniawinnipeg.com\/index.php\/wp-json\/wp\/v2\/posts\/2534","targetHints":{"allow":["GET"]}}],"collection":[{"href":"https:\/\/radiopoloniawinnipeg.com\/index.php\/wp-json\/wp\/v2\/posts"}],"about":[{"href":"https:\/\/radiopoloniawinnipeg.com\/index.php\/wp-json\/wp\/v2\/types\/post"}],"author":[{"embeddable":true,"href":"https:\/\/radiopoloniawinnipeg.com\/index.php\/wp-json\/wp\/v2\/users\/3"}],"replies":[{"embeddable":true,"href":"https:\/\/radiopoloniawinnipeg.com\/index.php\/wp-json\/wp\/v2\/comments?post=2534"}],"version-history":[{"count":0,"href":"https:\/\/radiopoloniawinnipeg.com\/index.php\/wp-json\/wp\/v2\/posts\/2534\/revisions"}],"wp:featuredmedia":[{"embeddable":true,"href":"https:\/\/radiopoloniawinnipeg.com\/index.php\/wp-json\/wp\/v2\/media\/2535"}],"wp:attachment":[{"href":"https:\/\/radiopoloniawinnipeg.com\/index.php\/wp-json\/wp\/v2\/media?parent=2534"}],"wp:term":[{"taxonomy":"category","embeddable":true,"href":"https:\/\/radiopoloniawinnipeg.com\/index.php\/wp-json\/wp\/v2\/categories?post=2534"},{"taxonomy":"post_tag","embeddable":true,"href":"https:\/\/radiopoloniawinnipeg.com\/index.php\/wp-json\/wp\/v2\/tags?post=2534"}],"curies":[{"name":"wp","href":"https:\/\/api.w.org\/{rel}","templated":true}]}}