{"id":2538,"date":"2025-07-10T10:30:08","date_gmt":"2025-07-10T14:30:08","guid":{"rendered":"https:\/\/radiopoloniawinnipeg.com\/index.php\/2025\/07\/10\/sensacyjne-zmiany-w-platformie-obywatelskiej\/"},"modified":"2025-07-10T10:30:08","modified_gmt":"2025-07-10T14:30:08","slug":"sensacyjne-zmiany-w-platformie-obywatelskiej","status":"publish","type":"post","link":"https:\/\/radiopoloniawinnipeg.com\/index.php\/2025\/07\/10\/sensacyjne-zmiany-w-platformie-obywatelskiej\/","title":{"rendered":"Sensacyjne zmiany w Platformie Obywatelskiej"},"content":{"rendered":"<p><img decoding=\"async\" loading=\"lazy\" class=\"aligncenter size-custom-full-size wp-image-217331\" src=\"https:\/\/bejsment.com\/wp-content\/uploads\/2025\/07\/aaplatforma-636x333.jpg\" alt=\"\" width=\"636\" height=\"333\" \/><\/p>\n<p><strong>Platforma Obywatelska prawdopodobnie zmieni jesieni\u0105 nazw\u0119 i b\u0119dzie si\u0119 nazywa\u0107 Koalicja Obywatelska. Taki d\u0142ugofalowy plan by\u0142 jednym z temat\u00f3w \u015brodowego (9 lipca) spotkania Zarz\u0105du Krajowego partii &#8211; podaje RMF FM.<\/strong><\/p>\n<p>Podczas posiedzenia Zarz\u0105du Krajowego Platformy Obywatelskiej g\u0142\u00f3wnym tematem rozm\u00f3w by\u0142a rekonstrukcja rz\u0105du oraz bie\u017c\u0105ce wyzwania koalicyjne. Jak informuje RMF FM, na zebraniu pojawi\u0142a si\u0119 r\u00f3wnie\u017c kwestia przysz\u0142o\u015bci samej partii.<\/p>\n<p>Z nieoficjalnych ustale\u0144 wynika, \u017ce Platforma Obywatelska rozwa\u017ca zjednoczenie z Nowoczesn\u0105, kt\u00f3rej sze\u015bciu pos\u0142\u00f3w od dawna aktywnie dzia\u0142a w strukturach PO. W gr\u0119 wchodzi tak\u017ce w\u0142\u0105czenie Inicjatywy Polskiej Barbary Nowackiej.<\/p>\n<h3><strong>Oficjalna zmiana nazwy z PO na KO<\/strong><\/h3>\n<p>Do formalnego po\u0142\u0105czenia ugrupowa\u0144, kt\u00f3re ma u\u0142atwi\u0107 dalsz\u0105 wsp\u00f3\u0142prac\u0119, mog\u0142oby doj\u015b\u0107 jesieni\u0105 \u2013 w\u00f3wczas planowany jest Zjazd Krajowy Platformy. Jak podaje RMF FM, w\u0142a\u015bnie wtedy mo\u017cliwa jest tak\u017ce zmiana nazwy partii na Koalicja Obywatelska, co mia\u0142oby by\u0107 zwi\u0105zane z przyj\u0119ciem nowego znaku graficznego i symbolicznym otwarciem dla nowych \u015brodowisk.<\/p>\n<p>Proces ten ma by\u0107 zaplanowany w taki spos\u00f3b, aby cz\u0142onkowie przy\u0142\u0105czonych ugrupowa\u0144 mogli bra\u0107 udzia\u0142 w wyborze w\u0142adz nowej formu\u0142y partii, kt\u00f3rej liderem pozostaje Donald Tusk.<\/p>\n<p style=\"text-align: right\"><em>Na podst. i.Pl<\/em><\/p>\n","protected":false},"excerpt":{"rendered":"<p>Platforma Obywatelska prawdopodobnie zmieni jesieni\u0105 nazw\u0119 i b\u0119dzie si\u0119 nazywa\u0107 Koalicja Obywatelska. Taki d\u0142ugofalowy plan by\u0142 jednym z temat\u00f3w \u015brodowego (9 lipca) spotkania Zarz\u0105du Krajowego&hellip;<\/p>\n","protected":false},"author":3,"featured_media":2539,"comment_status":"open","ping_status":"open","sticky":false,"template":"","format":"standard","meta":{"footnotes":""},"categories":[14,18],"tags":[],"class_list":["post-2538","post","type-post","status-publish","format-standard","has-post-thumbnail","hentry","category-polska","category-top-news"],"_links":{"self":[{"href":"https:\/\/radiopoloniawinnipeg.com\/index.php\/wp-json\/wp\/v2\/posts\/2538","targetHints":{"allow":["GET"]}}],"collection":[{"href":"https:\/\/radiopoloniawinnipeg.com\/index.php\/wp-json\/wp\/v2\/posts"}],"about":[{"href":"https:\/\/radiopoloniawinnipeg.com\/index.php\/wp-json\/wp\/v2\/types\/post"}],"author":[{"embeddable":true,"href":"https:\/\/radiopoloniawinnipeg.com\/index.php\/wp-json\/wp\/v2\/users\/3"}],"replies":[{"embeddable":true,"href":"https:\/\/radiopoloniawinnipeg.com\/index.php\/wp-json\/wp\/v2\/comments?post=2538"}],"version-history":[{"count":0,"href":"https:\/\/radiopoloniawinnipeg.com\/index.php\/wp-json\/wp\/v2\/posts\/2538\/revisions"}],"wp:featuredmedia":[{"embeddable":true,"href":"https:\/\/radiopoloniawinnipeg.com\/index.php\/wp-json\/wp\/v2\/media\/2539"}],"wp:attachment":[{"href":"https:\/\/radiopoloniawinnipeg.com\/index.php\/wp-json\/wp\/v2\/media?parent=2538"}],"wp:term":[{"taxonomy":"category","embeddable":true,"href":"https:\/\/radiopoloniawinnipeg.com\/index.php\/wp-json\/wp\/v2\/categories?post=2538"},{"taxonomy":"post_tag","embeddable":true,"href":"https:\/\/radiopoloniawinnipeg.com\/index.php\/wp-json\/wp\/v2\/tags?post=2538"}],"curies":[{"name":"wp","href":"https:\/\/api.w.org\/{rel}","templated":true}]}}