{"id":2552,"date":"2025-07-11T07:30:05","date_gmt":"2025-07-11T11:30:05","guid":{"rendered":"https:\/\/radiopoloniawinnipeg.com\/index.php\/2025\/07\/11\/przerwany-wywiad-grzegorza-brauna-zawiadomili-prokurature\/"},"modified":"2025-07-11T07:30:05","modified_gmt":"2025-07-11T11:30:05","slug":"przerwany-wywiad-grzegorza-brauna-zawiadomili-prokurature","status":"publish","type":"post","link":"https:\/\/radiopoloniawinnipeg.com\/index.php\/2025\/07\/11\/przerwany-wywiad-grzegorza-brauna-zawiadomili-prokurature\/","title":{"rendered":"Przerwany wywiad Grzegorza Brauna. Zawiadomili prokuratur\u0119"},"content":{"rendered":"<p><img decoding=\"async\" loading=\"lazy\" class=\"aligncenter size-custom-full-size wp-image-217398\" src=\"https:\/\/bejsment.com\/wp-content\/uploads\/2025\/07\/gbbb-636x358.jpg\" alt=\"\" width=\"636\" height=\"358\" \/><\/p>\n<p><strong>W trakcie wywiadu na antenie Radia Wnet Grzegorz Braun powiedzia\u0142 s\u0142owa &#8220;Auschwitz z komorami gazowymi to niestety fake&#8221;.\u00a0<\/strong><\/p>\n<p>Wypowied\u017a Grzegorza Brauna wywo\u0142a\u0142a reakcj\u0119 &#8211; przewodnicz\u0105ca klubu Lewicy zapowiedzia\u0142a, \u017ce z\u0142o\u017cy zawiadomienie do prokuratury. \u201eSk\u0142adam zawiadomienie o podejrzeniu pope\u0142nienia przest\u0119pstwa na podstawie art. 55 ustawy o Instytucie Pami\u0119ci Narodowej z 18 grudnia 1998 roku\u201d \u2013 poinformowa\u0142a w mediach spo\u0142eczno\u015bciowych.<\/p>\n<p>\u201ePubliczne negowanie zbrodni, o kt\u00f3rych mowa w art. 1 pkt 1 tej ustawy, jest przest\u0119pstwem \u015bciganym z urz\u0119du, za kt\u00f3re grozi grzywna lub kara wi\u0119zienia do trzech lat. W Polsce nie ma miejsca na zaprzeczanie istnieniu Obozu Zag\u0142ady Auschwitz i pope\u0142nionym tam przez nazist\u00f3w zbrodniom\u201d \u2013 doda\u0142a Anna Maria \u017bukowska.<\/p>\n<p>W czwartek po po\u0142udniu prokuratura poinformowa\u0142a, \u017ce rozpoczyna czynno\u015bci sprawdzaj\u0105ce zwi\u0105zane z kontrowersyjnymi s\u0142owami Brauna, wypowiedzianymi w trakcie wywiadu w Radiu Wnet.<\/p>\n<p>\u201eProkuratura Rejonowa Warszawa \u015ar\u00f3dmie\u015bcie \u2013 P\u00f3\u0142noc wszcz\u0119\u0142a czynno\u015bci sprawdzaj\u0105ce w zwi\u0105zku z wypowiedzi\u0105 Grzegorza Brauna, kt\u00f3ry podczas audycji radiowej mia\u0142 negowa\u0107 zbrodnie pope\u0142nione przez nazist\u00f3w w obozie KL Auschwitz\u201d \u2013 g\u0142osi oficjalny komunikat.<\/p>\n<p>\u015aledztwo prowadzone jest na podstawie przepis\u00f3w ustawy o IPN, a dok\u0142adniej art. 55.<\/p>\n<p>Na s\u0142owa pos\u0142a zareagowa\u0142o r\u00f3wnie\u017c Pa\u0144stwowe Muzeum Auschwitz-Birkenau. \u201eNegowanie Holokaustu to teoria spiskowa oparta na k\u0142amstwach i antysemickiej nienawi\u015bci\u201d \u2013 napisano na platformie X (dawniej Twitter).<\/p>\n<p>Swoje stanowisko przedstawi\u0142 tak\u017ce dyrektor muzeum, dr Piotr Cywi\u0144ski.<\/p>\n<p>\u201eWypowied\u017a europos\u0142a Grzegorza Brauna, w kt\u00f3rej zaprzecza istnieniu kom\u00f3r gazowych w Auschwitz, jest nie tylko przejawem negacjonizmu, co samo w sobie stanowi przest\u0119pstwo wed\u0142ug polskiego prawa. To r\u00f3wnie\u017c zniewa\u017cenie pami\u0119ci ofiar obozu zag\u0142ady oraz wyraz pogardy wobec ocala\u0142ych i ich bliskich\u201d \u2013 zaznaczy\u0142 Cywi\u0144ski.<\/p>\n<p>Dyrektor podkre\u015bli\u0142, \u017ce takie s\u0142owa nie mog\u0105 zosta\u0107 bez jednoznacznej reakcji ze strony pa\u0144stwa oraz wszystkich tych, kt\u00f3rzy uznaj\u0105 pami\u0119\u0107 o Auschwitz za istotn\u0105 warto\u015b\u0107.<\/p>\n<h3><strong>Oto fragnemt wywiadu z wypowiedzi\u0105 o Auschwitz:<\/strong><\/h3>\n<p><strong>Grzegorz Braun: <\/strong>Kiedy trzeba rzuca\u0107 kamieniem i rytualnie rozdziera\u0107 straty i upomina\u0107 o k\u0142amstwa Talmudu, Haggady, Holokaustu, to mnie jako niegodnego pot\u0119pia blisko 120 organizacji \u017cydowskich. Kto by pomy\u015bla\u0142, \u017ce a\u017c tyle? Ale oni wszyscy razem, solidarnie,\u00a0 B\u2019nai B\u2019rith, Polin i inne organizacje, kt\u00f3re przedstawiaj\u0105 si\u0119 jako \u017cydowskie, pot\u0119piaj\u0105 tych, kt\u00f3rzy m\u00f3wi\u0105 prawd\u0119. \u017be mord rytualny to fakt, a <strong>dajmy na\u00a0to\u00a0Auschwitz z\u00a0komorami gazowymi to\u00a0niestety fake<\/strong>. I kto o tym m\u00f3wi, ten zostaje oskar\u017cany o straszne rzeczy, ods\u0105dzany od czci i wiary.<\/p>\n<p><strong>Dziennikarz Radia Wnet \u0141ukasz Jankowski:\u00a0<\/strong> By\u0142em te\u017c w klasztorze w Harm\u0119\u017cach i ogl\u0105da\u0142em tam zgromadzone bardzo sugestywne i przejmuj\u0105ce wspomnienia w formie obraz\u00f3w wi\u0119\u017ania Auschwitz-Birkenau. Wi\u0119c nie do ko\u0144ca wiem, co pan pose\u0142 chcia\u0142 powiedzie\u0107<\/p>\n<p><strong>Grzegorz Braun: <\/strong>Tak, rzeczywi\u015bcie bardzo przejmuj\u0105ce \u015bwiadectwo, ale\u00a0to\u00a0nie\u00a0zmienia faktu, \u017ce\u00a0przekaz pseudohistoryczny, kt\u00f3ry\u00a0Muzeum Auschwitz-Birkenau oferuje, jest materia\u0142em, kt\u00f3ry\u00a0nie\u00a0spe\u0142nia, powiedzia\u0142bym tak, kryteri\u00f3w warsztatu historyczno-naukowego we\u00a0wszystkich szczeg\u00f3\u0142ach. I\u00a0to\u00a0jest w\u0142a\u015bnie fakt. Mamy \u017ar\u00f3d\u0142ow\u0105 ksi\u0105\u017ck\u0119 Ariella Toafa \u201eKrwawe Paschy\u201d, na\u00a0temat mordu rytualnego, natomiast badania w\u00a0Auschwitz-Birkenau, badania w\u0142a\u015bnie owych kom\u00f3r gazowych s\u0105\u00a0uniemo\u017cliwiane przez\u00a0samo Muzeum Auschwitz-Birkenau<\/p>\n<p><strong>\u0141ukasz Jankowski:\u00a0<\/strong>\u201eS\u0105\u00a0pewne granice. Tak, s\u0105\u00a0pewne granice. Grzegorz Braun, dzi\u0119kuj\u0119 bardzo za\u00a0rozmow\u0119\u201d \u2013 zako\u0144czyl po\u0142\u0105czenie \u0141ukasz Jankowski.<\/p>\n","protected":false},"excerpt":{"rendered":"<p>W trakcie wywiadu na antenie Radia Wnet Grzegorz Braun powiedzia\u0142 s\u0142owa &#8220;Auschwitz z komorami gazowymi to niestety fake&#8221;.\u00a0 Wypowied\u017a Grzegorza Brauna wywo\u0142a\u0142a reakcj\u0119 &#8211; przewodnicz\u0105ca&hellip;<\/p>\n","protected":false},"author":3,"featured_media":2553,"comment_status":"open","ping_status":"open","sticky":false,"template":"","format":"standard","meta":{"footnotes":""},"categories":[14,18],"tags":[],"class_list":["post-2552","post","type-post","status-publish","format-standard","has-post-thumbnail","hentry","category-polska","category-top-news"],"_links":{"self":[{"href":"https:\/\/radiopoloniawinnipeg.com\/index.php\/wp-json\/wp\/v2\/posts\/2552","targetHints":{"allow":["GET"]}}],"collection":[{"href":"https:\/\/radiopoloniawinnipeg.com\/index.php\/wp-json\/wp\/v2\/posts"}],"about":[{"href":"https:\/\/radiopoloniawinnipeg.com\/index.php\/wp-json\/wp\/v2\/types\/post"}],"author":[{"embeddable":true,"href":"https:\/\/radiopoloniawinnipeg.com\/index.php\/wp-json\/wp\/v2\/users\/3"}],"replies":[{"embeddable":true,"href":"https:\/\/radiopoloniawinnipeg.com\/index.php\/wp-json\/wp\/v2\/comments?post=2552"}],"version-history":[{"count":0,"href":"https:\/\/radiopoloniawinnipeg.com\/index.php\/wp-json\/wp\/v2\/posts\/2552\/revisions"}],"wp:featuredmedia":[{"embeddable":true,"href":"https:\/\/radiopoloniawinnipeg.com\/index.php\/wp-json\/wp\/v2\/media\/2553"}],"wp:attachment":[{"href":"https:\/\/radiopoloniawinnipeg.com\/index.php\/wp-json\/wp\/v2\/media?parent=2552"}],"wp:term":[{"taxonomy":"category","embeddable":true,"href":"https:\/\/radiopoloniawinnipeg.com\/index.php\/wp-json\/wp\/v2\/categories?post=2552"},{"taxonomy":"post_tag","embeddable":true,"href":"https:\/\/radiopoloniawinnipeg.com\/index.php\/wp-json\/wp\/v2\/tags?post=2552"}],"curies":[{"name":"wp","href":"https:\/\/api.w.org\/{rel}","templated":true}]}}