{"id":2558,"date":"2025-07-11T10:15:05","date_gmt":"2025-07-11T14:15:05","guid":{"rendered":"https:\/\/radiopoloniawinnipeg.com\/index.php\/2025\/07\/11\/upamietnienie-ofiar-zbrodni-wolynskiej\/"},"modified":"2025-07-11T10:15:05","modified_gmt":"2025-07-11T14:15:05","slug":"upamietnienie-ofiar-zbrodni-wolynskiej","status":"publish","type":"post","link":"https:\/\/radiopoloniawinnipeg.com\/index.php\/2025\/07\/11\/upamietnienie-ofiar-zbrodni-wolynskiej\/","title":{"rendered":"Upami\u0119tnienie ofiar zbrodni wo\u0142y\u0144skiej"},"content":{"rendered":"<p><img decoding=\"async\" loading=\"lazy\" class=\"aligncenter size-custom-full-size wp-image-217417\" src=\"https:\/\/bejsment.com\/wp-content\/uploads\/2025\/07\/aawolyn2-636x358.jpg\" alt=\"\" width=\"636\" height=\"358\" \/><\/p>\n<p><strong>11 lipca po raz pierwszy obchodzony jest Narodowy Dzie\u0144 Pami\u0119ci Ofiar Ludob\u00f3jstwa dokonanego przez ukrai\u0144skich nacjonalist\u00f3w na obywatelach II Rzeczypospolitej Polskiej. W ca\u0142ym kraju odbywaj\u0105 si\u0119 uroczysto\u015bci upami\u0119tniaj\u0105ce ofiary rzezi wo\u0142y\u0144skiej \u2013 jednej z najtragiczniejszych kart w historii Polski XX wieku.<\/strong><\/p>\n<p>W centralnych obchodach w Warszawie uczestniczy m.in. wicepremier i minister obrony narodowej W\u0142adys\u0142aw Kosiniak-Kamysz. Prezydent elekt Karol Nawrocki planuje wzi\u0105\u0107 udzia\u0142 w wydarzeniach organizowanych w Che\u0142mie \u2013 mie\u015bcie, w kt\u00f3rym powstaje Muzeum Pami\u0119ci Ofiar Rzezi Wo\u0142y\u0144skiej.<\/p>\n<h3><strong>Pami\u0119\u0107 i modlitwa<\/strong><\/h3>\n<p>W Warszawie uroczysto\u015bci rozpocz\u0119\u0142y si\u0119 msz\u0105 \u015bwi\u0119t\u0105 w Katedrze Polowej Wojska Polskiego, sprawowan\u0105 w intencji ofiar ludob\u00f3jstwa na Kresach oraz \u017co\u0142nierzy 27. Wo\u0142y\u0144skiej Dywizji Piechoty AK. Nast\u0119pnie odby\u0142 si\u0119 apel pami\u0119ci i z\u0142o\u017cenie wie\u0144c\u00f3w pod Pomnikiem Ofiar Ludob\u00f3jstwa na Skwerze Wo\u0142y\u0144skim. O 13:30 oddano tak\u017ce ho\u0142d poleg\u0142ym pod Pomnikiem 27. Dywizji AK.<\/p>\n<p>Msze i lokalne obchody odbywaj\u0105 si\u0119 r\u00f3wnie\u017c w innych miastach \u2013 m.in. w Che\u0142mie, gdzie uroczysto\u015b\u0107 rozpocznie si\u0119 wieczorn\u0105 msz\u0105 \u015bwi\u0119t\u0105 w bazylice, a nast\u0119pnie przeniesie si\u0119 na teren przysz\u0142ego muzeum. Udzia\u0142 w wydarzeniu zapowiedzia\u0142 prezydent elekt Karol Nawrocki.<\/p>\n<h3><strong>Che\u0142m buduje pami\u0119\u0107<\/strong><\/h3>\n<p>W Che\u0142mie samorz\u0105dowcy podpisz\u0105 dokumenty formalnie rozpoczynaj\u0105ce procedur\u0119 przetargow\u0105 na modernizacj\u0119 kompleksu dawnych carskich budynk\u00f3w przy ul. Hrubieszowskiej \u2013 przysz\u0142ej siedziby Muzeum Pami\u0119ci Ofiar Rzezi Wo\u0142y\u0144skiej.<\/p>\n<p>Powstanie muzeum zapocz\u0105tkowano w 2020 roku. W 2022 roku, dzi\u0119ki 4-milionowej dotacji z rezerwy Prezesa Rady Ministr\u00f3w, miasto naby\u0142o teren przysz\u0142ej plac\u00f3wki. Ca\u0142kowity koszt inwestycji oszacowano na 180 mln z\u0142, z czego 162 mln mia\u0142o pokry\u0107 Ministerstwo Kultury. Umow\u0119 podpisano w listopadzie 2023 r., jednak ju\u017c w styczniu 2024 resort wypowiedzia\u0142 j\u0105, t\u0142umacz\u0105c brak odpowiednich \u015brodk\u00f3w w bud\u017cecie. Che\u0142m z\u0142o\u017cy\u0142 w tej sprawie pozew \u2013 termin rozprawy jeszcze nie zosta\u0142 wyznaczony.<\/p>\n<p>Podczas kampanii prezydenckiej Karol Nawrocki podkre\u015bla\u0142 znaczenie muzeum:<\/p>\n<p>\u2013 Polska potrzebuje tego miejsca, aby budowa\u0107 \u015bwiadomo\u015b\u0107 prawdy o zachowaniu ukrai\u0144skich nacjonalist\u00f3w, ale te\u017c, by nie pozwoli\u0107 zapomnie\u0107 o ponad 120 tysi\u0105cach ofiar \u2013 m\u00f3wi\u0142.<\/p>\n<h3><strong>Upami\u0119tnienie i edukacja<\/strong><\/h3>\n<p>W sobot\u0119 w Che\u0142mie odb\u0119dzie si\u0119 III Bieg Pami\u0119ci Ofiar Wo\u0142ynia oraz prezentacja ksi\u0105\u017cki Ewidencja uchod\u017ac\u00f3w z Wo\u0142ynia przebywaj\u0105cych na terenie gminy miejskiej w Che\u0142mie. Edycja krytyczna dokumentu z 1943 roku, autorstwa Edwarda Gigilewicza, Leona Popka i Paw\u0142a Skroka. Niedzielne uroczysto\u015bci przy Pomniku Piety Wo\u0142y\u0144skiej organizuje Stowarzyszenie \u201ePami\u0119\u0107 i Nadzieja\u201d.<\/p>\n<h3><strong>Zbrodnia i sp\u00f3r o pami\u0119\u0107<\/strong><\/h3>\n<p>11 lipca 1943 roku Ukrai\u0144ska Powsta\u0144cza Armia (UPA) dokona\u0142a skoordynowanego ataku na ludno\u015b\u0107 polsk\u0105 w oko\u0142o 150 miejscowo\u015bciach na Wo\u0142yniu. Wed\u0142ug szacunk\u00f3w historyk\u00f3w tylko tego jednego dnia zamordowano oko\u0142o 8 tys. Polak\u00f3w \u2013 brutalnie, przy u\u017cyciu siekier, wide\u0142 i innych narz\u0119dzi gospodarczych. Rze\u017a trwa\u0142a od lutego 1943 do wiosny 1945 roku. W sumie zgin\u0119\u0142o oko\u0142o 100 tys. Polak\u00f3w. W wyniku odwetu ze strony polskiego podziemia oraz samoobron zgin\u0119\u0142o 10\u201312 tys. Ukrai\u0144c\u00f3w.<\/p>\n<p>Historyczna pami\u0119\u0107 o wydarzeniach lat 1943\u20131945 wci\u0105\u017c dzieli Polak\u00f3w i Ukrai\u0144c\u00f3w. Podczas gdy w Polsce m\u00f3wi si\u0119 o zorganizowanym ludob\u00f3jstwie, wielu Ukrai\u0144c\u00f3w postrzega dzia\u0142ania UPA jako cz\u0119\u015b\u0107 symetrycznego konfliktu zbrojnego oraz walki antysowieckiej. OUN i UPA, mimo swojej odpowiedzialno\u015bci za czystk\u0119 etniczn\u0105, wci\u0105\u017c pozostaj\u0105 dla cz\u0119\u015bci ukrai\u0144skiego spo\u0142ecze\u0144stwa symbolem oporu wobec ZSRR.<\/p>\n<p style=\"text-align: right\"><em>Na podst. Polsat News<\/em><\/p>\n","protected":false},"excerpt":{"rendered":"<p>11 lipca po raz pierwszy obchodzony jest Narodowy Dzie\u0144 Pami\u0119ci Ofiar Ludob\u00f3jstwa dokonanego przez ukrai\u0144skich nacjonalist\u00f3w na obywatelach II Rzeczypospolitej Polskiej. W ca\u0142ym kraju odbywaj\u0105&hellip;<\/p>\n","protected":false},"author":3,"featured_media":2559,"comment_status":"open","ping_status":"open","sticky":false,"template":"","format":"standard","meta":{"footnotes":""},"categories":[14,18],"tags":[],"class_list":["post-2558","post","type-post","status-publish","format-standard","has-post-thumbnail","hentry","category-polska","category-top-news"],"_links":{"self":[{"href":"https:\/\/radiopoloniawinnipeg.com\/index.php\/wp-json\/wp\/v2\/posts\/2558","targetHints":{"allow":["GET"]}}],"collection":[{"href":"https:\/\/radiopoloniawinnipeg.com\/index.php\/wp-json\/wp\/v2\/posts"}],"about":[{"href":"https:\/\/radiopoloniawinnipeg.com\/index.php\/wp-json\/wp\/v2\/types\/post"}],"author":[{"embeddable":true,"href":"https:\/\/radiopoloniawinnipeg.com\/index.php\/wp-json\/wp\/v2\/users\/3"}],"replies":[{"embeddable":true,"href":"https:\/\/radiopoloniawinnipeg.com\/index.php\/wp-json\/wp\/v2\/comments?post=2558"}],"version-history":[{"count":0,"href":"https:\/\/radiopoloniawinnipeg.com\/index.php\/wp-json\/wp\/v2\/posts\/2558\/revisions"}],"wp:featuredmedia":[{"embeddable":true,"href":"https:\/\/radiopoloniawinnipeg.com\/index.php\/wp-json\/wp\/v2\/media\/2559"}],"wp:attachment":[{"href":"https:\/\/radiopoloniawinnipeg.com\/index.php\/wp-json\/wp\/v2\/media?parent=2558"}],"wp:term":[{"taxonomy":"category","embeddable":true,"href":"https:\/\/radiopoloniawinnipeg.com\/index.php\/wp-json\/wp\/v2\/categories?post=2558"},{"taxonomy":"post_tag","embeddable":true,"href":"https:\/\/radiopoloniawinnipeg.com\/index.php\/wp-json\/wp\/v2\/tags?post=2558"}],"curies":[{"name":"wp","href":"https:\/\/api.w.org\/{rel}","templated":true}]}}