{"id":2560,"date":"2025-07-11T11:30:06","date_gmt":"2025-07-11T15:30:06","guid":{"rendered":"https:\/\/radiopoloniawinnipeg.com\/index.php\/2025\/07\/11\/to-nie-jest-przestepczyni-rodzina-kobiety-z-montrealu-zatrzymanej-przez-ice-apeluje-o-jej-uwolnienie\/"},"modified":"2025-07-11T11:30:06","modified_gmt":"2025-07-11T15:30:06","slug":"to-nie-jest-przestepczyni-rodzina-kobiety-z-montrealu-zatrzymanej-przez-ice-apeluje-o-jej-uwolnienie","status":"publish","type":"post","link":"https:\/\/radiopoloniawinnipeg.com\/index.php\/2025\/07\/11\/to-nie-jest-przestepczyni-rodzina-kobiety-z-montrealu-zatrzymanej-przez-ice-apeluje-o-jej-uwolnienie\/","title":{"rendered":"&#8220;To nie jest przest\u0119pczyni&#8221;: Rodzina kobiety z Montrealu zatrzymanej przez ICE apeluje o jej uwolnienie"},"content":{"rendered":"<p><img decoding=\"async\" loading=\"lazy\" class=\"aligncenter size-custom-full-size wp-image-217368\" src=\"https:\/\/bejsment.com\/wp-content\/uploads\/2025\/07\/ona-636x397.jpg\" alt=\"\" width=\"636\" height=\"397\" \/><\/p>\n<p><strong>Rodzina 45-letniej Pauli Callejas, Kanadyjki przebywaj\u0105cej obecnie w ameryka\u0144skim areszcie imigracyjnym, b\u0142aga o jej uwolnienie i chce sprowadzi\u0107 j\u0105 z powrotem do domu.<\/strong><\/p>\n<p>Callejas, mieszkanka Montrealu, od trzech miesi\u0119cy jest przetrzymywana przez ameryka\u0144sk\u0105 S\u0142u\u017cb\u0119 Imigracyjn\u0105 i Celn\u0105 (ICE). W tym czasie by\u0142a przenoszona mi\u0119dzy kilkoma o\u015brodkami detencyjnymi, co narazi\u0142o jej bliskich na ponad 25 tysi\u0119cy dolar\u00f3w wydatk\u00f3w zwi\u0105zanych z pomoc\u0105 prawn\u0105 \u2013 mimo to nadal pozostaje w areszcie.<\/p>\n<p>\u201eOna nie zrobi\u0142a nic z\u0142ego\u201d \u2013 powiedzia\u0142a jej matka, Amria Estella Cano z Mississaugi, w rozmowie z Global News. \u2013 \u201eTo trudne do\u015bwiadczenie zar\u00f3wno dla niej, jak i dla nas wszystkich\u201d.<\/p>\n<p>Callejas zosta\u0142a zatrzymana na Florydzie w kwietniu. Od tamtej pory jej matka nie mia\u0142a z ni\u0105 kontaktu twarz\u0105 w twarz. Obecnie kobieta apeluje do rz\u0105du Kanady o pomoc i szybk\u0105 reakcj\u0119.<\/p>\n<p>Callejas mieszka\u0142a w Montrealu i wyjecha\u0142a do Stan\u00f3w Zjednoczonych, aby prowadzi\u0107 dzia\u0142alno\u015b\u0107 zwi\u0105zan\u0105 z projektowaniem i sprzeda\u017c\u0105 stroj\u00f3w k\u0105pielowych. Przebywa\u0142a tam na wizie pracowniczej. Rodzina podkre\u015bla, \u017ce by\u0142a w trakcie odnawiania dokumentu, gdy dosz\u0142o do k\u0142\u00f3tni z partnerem. Po incydencie zosta\u0142a zatrzymana za wykroczenie, a nast\u0119pnie trafi\u0142a do plac\u00f3wki ICE \u2013 relacjonuje jeden z cz\u0142onk\u00f3w rodziny, kt\u00f3ry pragnie zachowa\u0107 anonimowo\u015b\u0107.<\/p>\n<p>\u201eBy\u0142a ju\u017c w czterech r\u00f3\u017cnych o\u015brodkach\u201d \u2013 doda\u0142. \u2013 \u201eWarunki, w jakich przebywa, s\u0105 naprawd\u0119 z\u0142e\u201d.<\/p>\n<p>Obecnie 45-latka przebywa w o\u015brodku psychiatrycznym w stanie Arizona. Jej bliscy alarmuj\u0105, \u017ce jej stan psychiczny pogarsza si\u0119 z ka\u017cdym dniem.<\/p>\n<p>\u201eJeste\u015bmy bardzo zaniepokojeni. Za ka\u017cdym razem, gdy z ni\u0105 rozmawiamy, s\u0142yszymy, \u017ce jest w gorszej kondycji. Ostatnia rozmowa by\u0142a naprawd\u0119 trudna \u2013 bali\u015bmy si\u0119, \u017ce mo\u017ce nie prze\u017cy\u0107\u201d \u2013 wyzna\u0142a krewna.<\/p>\n<p>Zatrzymanie Callejas to kolejny przypadek Kanadyjczyk\u00f3w trafiaj\u0105cych do aresztu ICE. Dzieje si\u0119 to w ramach zaostrzonych dzia\u0142a\u0144 imigracyjnych zapocz\u0105tkowanych przez administracj\u0119 Donalda Trumpa, kt\u00f3rej celem by\u0142a rekordowa liczba deportacji \u2013 nawet 3000 os\u00f3b dziennie.<\/p>\n<p>W odpowiedzi na pytania Global News, Global Affairs Canada (GAC) potwierdzi\u0142o, \u017ce ma wiedz\u0119 o zatrzymaniu Kanadyjki i udziela jej wsparcia konsularnego. \u201eZe wzgl\u0119du na wzgl\u0119dy prywatno\u015bci nie mo\u017cemy przekaza\u0107 dalszych informacji\u201d \u2013 poinformowano w o\u015bwiadczeniu.<\/p>\n<p>Nie jest to odosobniony przypadek \u2013 w marcu mieszkanka Vancouver trafi\u0142a do aresztu ICE na niemal dwa tygodnie, r\u00f3wnie\u017c w zwi\u0105zku z wiz\u0105 pracownicz\u0105. W czerwcu inny Kanadyjczyk, 49-letni m\u0119\u017cczyzna, zmar\u0142 w ameryka\u0144skim o\u015brodku detencyjnym po miesi\u0105cach przetrzymywania.<\/p>\n<p>\u201eGlobal Affairs jest \u015bwiadome wielu przypadk\u00f3w obywateli Kanady osadzonych w ameryka\u0144skich o\u015brodkach imigracyjnych\u201d \u2013 poinformowa\u0142a agencja. \u2013 \u201eWszyscy Kanadyjczycy zatrzymani za granic\u0105, w tym przez ICE, maj\u0105 dost\u0119p do pomocy konsularnej\u201d.<\/p>\n","protected":false},"excerpt":{"rendered":"<p>Rodzina 45-letniej Pauli Callejas, Kanadyjki przebywaj\u0105cej obecnie w ameryka\u0144skim areszcie imigracyjnym, b\u0142aga o jej uwolnienie i chce sprowadzi\u0107 j\u0105 z powrotem do domu. Callejas, mieszkanka&hellip;<\/p>\n","protected":false},"author":3,"featured_media":2561,"comment_status":"open","ping_status":"open","sticky":false,"template":"","format":"standard","meta":{"footnotes":""},"categories":[12,15,18],"tags":[],"class_list":["post-2560","post","type-post","status-publish","format-standard","has-post-thumbnail","hentry","category-kanada","category-swiat","category-top-news"],"_links":{"self":[{"href":"https:\/\/radiopoloniawinnipeg.com\/index.php\/wp-json\/wp\/v2\/posts\/2560","targetHints":{"allow":["GET"]}}],"collection":[{"href":"https:\/\/radiopoloniawinnipeg.com\/index.php\/wp-json\/wp\/v2\/posts"}],"about":[{"href":"https:\/\/radiopoloniawinnipeg.com\/index.php\/wp-json\/wp\/v2\/types\/post"}],"author":[{"embeddable":true,"href":"https:\/\/radiopoloniawinnipeg.com\/index.php\/wp-json\/wp\/v2\/users\/3"}],"replies":[{"embeddable":true,"href":"https:\/\/radiopoloniawinnipeg.com\/index.php\/wp-json\/wp\/v2\/comments?post=2560"}],"version-history":[{"count":0,"href":"https:\/\/radiopoloniawinnipeg.com\/index.php\/wp-json\/wp\/v2\/posts\/2560\/revisions"}],"wp:featuredmedia":[{"embeddable":true,"href":"https:\/\/radiopoloniawinnipeg.com\/index.php\/wp-json\/wp\/v2\/media\/2561"}],"wp:attachment":[{"href":"https:\/\/radiopoloniawinnipeg.com\/index.php\/wp-json\/wp\/v2\/media?parent=2560"}],"wp:term":[{"taxonomy":"category","embeddable":true,"href":"https:\/\/radiopoloniawinnipeg.com\/index.php\/wp-json\/wp\/v2\/categories?post=2560"},{"taxonomy":"post_tag","embeddable":true,"href":"https:\/\/radiopoloniawinnipeg.com\/index.php\/wp-json\/wp\/v2\/tags?post=2560"}],"curies":[{"name":"wp","href":"https:\/\/api.w.org\/{rel}","templated":true}]}}