{"id":2574,"date":"2025-07-11T20:15:04","date_gmt":"2025-07-12T00:15:04","guid":{"rendered":"https:\/\/radiopoloniawinnipeg.com\/index.php\/2025\/07\/11\/w-kanadzie-bedzie-mozna-dostac-pieniadze-z-bezrobocia-gdy-firma-obetnie-godziny-pracy\/"},"modified":"2025-07-11T20:15:04","modified_gmt":"2025-07-12T00:15:04","slug":"w-kanadzie-bedzie-mozna-dostac-pieniadze-z-bezrobocia-gdy-firma-obetnie-godziny-pracy","status":"publish","type":"post","link":"https:\/\/radiopoloniawinnipeg.com\/index.php\/2025\/07\/11\/w-kanadzie-bedzie-mozna-dostac-pieniadze-z-bezrobocia-gdy-firma-obetnie-godziny-pracy\/","title":{"rendered":"W Kanadzie b\u0119dzie mo\u017cna dosta\u0107 pieni\u0105dze z bezrobocia gdy firma obetnie godziny pracy"},"content":{"rendered":"<p><img decoding=\"async\" loading=\"lazy\" class=\"aligncenter size-custom-full-size wp-image-217432\" src=\"https:\/\/bejsment.com\/wp-content\/uploads\/2025\/07\/aaei2-636x382.jpg\" alt=\"\" width=\"636\" height=\"382\" \/><\/p>\n<p><strong>Rz\u0105d federalny og\u0142osi\u0142 przed\u0142u\u017cenie tymczasowych zmian w programie ubezpieczenia na wypadek bezrobocia (EI), kt\u00f3re pierwotnie mia\u0142y obowi\u0105zywa\u0107 do po\u0142owy lipca. Nowe zasady \u2013 wprowadzone w odpowiedzi na trwaj\u0105c\u0105 wojn\u0119 handlow\u0105 ze Stanami Zjednoczonymi \u2013 b\u0119d\u0105 teraz obowi\u0105zywa\u0107 do 11 pa\u017adziernika.<\/strong><\/p>\n<p>Celem zmian jest wsparcie przedsi\u0119biorstw, kt\u00f3re chc\u0105 unikn\u0105\u0107 zwolnie\u0144, skracaj\u0105c pracownikom godziny pracy i rekompensuj\u0105c im utracone dochody za po\u015brednictwem EI. Ministerstwo zatrudnienia szacuje, \u017ce z programu skorzysta oko\u0142o 290 tysi\u0119cy os\u00f3b.<\/p>\n<h3><strong>\u0141atwiejszy dost\u0119p do zasi\u0142k\u00f3w<\/strong><\/h3>\n<p>W\u015br\u00f3d zmian wprowadzonych w marcu i teraz przed\u0142u\u017conych znalaz\u0142o si\u0119:<\/p>\n<ul>\n<li>obni\u017cenie progu kwalifikuj\u0105cego do regularnego pobierania EI do 630 godzin przepracowanych w ci\u0105gu ostatniego roku,<\/li>\n<li>wyd\u0142u\u017cenie okresu pobierania \u015bwiadczenia o dodatkowe cztery tygodnie,<\/li>\n<li>zniesienie obowi\u0105zkowego tygodniowego okresu oczekiwania na rozpocz\u0119cie wyp\u0142aty \u015bwiadcze\u0144,<\/li>\n<li>umo\u017cliwienie jednoczesnego pobierania odprawy i EI.<\/li>\n<\/ul>\n<p>\u015arodki te maj\u0105 pom\u00f3c firmom przetrwa\u0107 skutki ce\u0142 na\u0142o\u017conych przez administracj\u0119 prezydenta USA Donalda Trumpa, w tym 25-procentowych taryf na stal, aluminium, pojazdy oraz inne towary eksportowane z Kanady do USA.<\/p>\n<h3><strong>Cel: unikn\u0105\u0107 zwolnie\u0144<\/strong><\/h3>\n<p>\u2013 Chcemy, by firmy mog\u0142y roz\u0142o\u017cy\u0107 skr\u00f3cone godziny pracy na wszystkich zatrudnionych i tym samym zachowa\u0107 miejsca pracy, a r\u00f3\u017cnic\u0119 w wynagrodzeniach pokryje ubezpieczenie EI \u2013 wyja\u015bnia\u0142 w marcu Steven MacKinnon, minister pracy.<\/p>\n<p>Zmiany w EI s\u0105 elementem szerszego pakietu pomocowego o warto\u015bci 6,5 miliarda dolar\u00f3w, kt\u00f3rego celem jest ograniczenie gospodarczych skutk\u00f3w wojny celnej z USA.<\/p>\n<h3><strong>Nadzieja na porozumienie z USA<\/strong><\/h3>\n<p>Podczas szczytu G7 w Albercie premier Mark Carney poinformowa\u0142, \u017ce wyznaczy\u0142 30-dniowy termin na osi\u0105gni\u0119cie porozumienia z prezydentem Donaldem Trumpem w sprawie zniesienia taryf celnych. Termin ten up\u0142ywa 21 lipca.<\/p>\n<p>Szef rz\u0105du Kanady w ostatnich tygodniach regularnie rozmawia z ameryka\u0144skim prezydentem, pr\u00f3buj\u0105c wypracowa\u0107 rozwi\u0105zanie, kt\u00f3re przywr\u00f3ci stabilno\u015b\u0107 handlow\u0105 mi\u0119dzy obu krajami.<\/p>\n<p>Minister spraw zagranicznych Anita Anand przyzna\u0142a jednak w czwartek, \u017ce porozumienie mo\u017ce nie zosta\u0107 zawarte przed up\u0142ywem wyznaczonego terminu. \u2013 Nadal mamy nadziej\u0119, \u017ce uda si\u0119 je osi\u0105gn\u0105\u0107 \u2013 powiedzia\u0142a.<\/p>\n<p>Obecne c\u0142a, kt\u00f3re zdaniem Ottawy naruszaj\u0105 zapisy porozumienia handlowego CUSMA (Kanada\u2013USA\u2013Meksyk), obejmuj\u0105 kluczowe ga\u0142\u0119zie kanadyjskiego eksportu: przemys\u0142 stalowy, motoryzacyjny i metalurgiczny.<\/p>\n<p style=\"text-align: right\"><em>Na podst. Canadian Press<\/em><\/p>\n","protected":false},"excerpt":{"rendered":"<p>Rz\u0105d federalny og\u0142osi\u0142 przed\u0142u\u017cenie tymczasowych zmian w programie ubezpieczenia na wypadek bezrobocia (EI), kt\u00f3re pierwotnie mia\u0142y obowi\u0105zywa\u0107 do po\u0142owy lipca. Nowe zasady \u2013 wprowadzone w&hellip;<\/p>\n","protected":false},"author":3,"featured_media":2575,"comment_status":"open","ping_status":"open","sticky":false,"template":"","format":"standard","meta":{"footnotes":""},"categories":[12,18],"tags":[],"class_list":["post-2574","post","type-post","status-publish","format-standard","has-post-thumbnail","hentry","category-kanada","category-top-news"],"_links":{"self":[{"href":"https:\/\/radiopoloniawinnipeg.com\/index.php\/wp-json\/wp\/v2\/posts\/2574","targetHints":{"allow":["GET"]}}],"collection":[{"href":"https:\/\/radiopoloniawinnipeg.com\/index.php\/wp-json\/wp\/v2\/posts"}],"about":[{"href":"https:\/\/radiopoloniawinnipeg.com\/index.php\/wp-json\/wp\/v2\/types\/post"}],"author":[{"embeddable":true,"href":"https:\/\/radiopoloniawinnipeg.com\/index.php\/wp-json\/wp\/v2\/users\/3"}],"replies":[{"embeddable":true,"href":"https:\/\/radiopoloniawinnipeg.com\/index.php\/wp-json\/wp\/v2\/comments?post=2574"}],"version-history":[{"count":0,"href":"https:\/\/radiopoloniawinnipeg.com\/index.php\/wp-json\/wp\/v2\/posts\/2574\/revisions"}],"wp:featuredmedia":[{"embeddable":true,"href":"https:\/\/radiopoloniawinnipeg.com\/index.php\/wp-json\/wp\/v2\/media\/2575"}],"wp:attachment":[{"href":"https:\/\/radiopoloniawinnipeg.com\/index.php\/wp-json\/wp\/v2\/media?parent=2574"}],"wp:term":[{"taxonomy":"category","embeddable":true,"href":"https:\/\/radiopoloniawinnipeg.com\/index.php\/wp-json\/wp\/v2\/categories?post=2574"},{"taxonomy":"post_tag","embeddable":true,"href":"https:\/\/radiopoloniawinnipeg.com\/index.php\/wp-json\/wp\/v2\/tags?post=2574"}],"curies":[{"name":"wp","href":"https:\/\/api.w.org\/{rel}","templated":true}]}}