{"id":2576,"date":"2025-07-12T07:30:06","date_gmt":"2025-07-12T11:30:06","guid":{"rendered":"https:\/\/radiopoloniawinnipeg.com\/index.php\/2025\/07\/12\/prezydent-reaguje-na-skandaliczne-slowa-brauna\/"},"modified":"2025-07-12T07:30:06","modified_gmt":"2025-07-12T11:30:06","slug":"prezydent-reaguje-na-skandaliczne-slowa-brauna","status":"publish","type":"post","link":"https:\/\/radiopoloniawinnipeg.com\/index.php\/2025\/07\/12\/prezydent-reaguje-na-skandaliczne-slowa-brauna\/","title":{"rendered":"Prezydent reaguje na skandaliczne s\u0142owa Brauna"},"content":{"rendered":"<div id=\"attachment_217511\" style=\"width: 646px\" class=\"wp-caption aligncenter\"><img decoding=\"async\" loading=\"lazy\" aria-describedby=\"caption-attachment-217511\" class=\"size-custom-full-size wp-image-217511\" src=\"https:\/\/bejsment.com\/wp-content\/uploads\/2025\/07\/aagrzegorzbraun-636x358.jpeg\" alt=\"\" width=\"636\" height=\"358\" \/><\/p>\n<p id=\"caption-attachment-217511\" class=\"wp-caption-text\">Grzegorz Braun<\/p>\n<\/div>\n<p><strong>Wypowied\u017a Grzegorza Brauna, kt\u00f3ry na antenie Radia Wnet zakwestionowa\u0142 istnienie kom\u00f3r gazowych w niemieckim obozie Auschwitz-Birkenau, wywo\u0142a\u0142a fal\u0119 oburzenia w ca\u0142ej Polsce. S\u0142owa pos\u0142a Konfederacji spotka\u0142y si\u0119 z jednoznacznym pot\u0119pieniem ze strony najwa\u017cniejszych polityk\u00f3w \u2013 od prezydenta Andrzeja Dudy po premiera Donalda Tuska i prezesa PiS Jaros\u0142awa Kaczy\u0144skiego. Spraw\u0105 zajmuje si\u0119 r\u00f3wnie\u017c prokuratura.<\/strong><\/p>\n<p>Prezydent Andrzej Duda zareagowa\u0142 na wypowied\u017a Brauna w mediach spo\u0142eczno\u015bciowych, publikuj\u0105c zdj\u0119cie z Edwardem Mosbergiem \u2013 ocala\u0142ym z Holokaustu, kt\u00f3ry prze\u017cy\u0142 dwa niemieckie obozy koncentracyjne.<\/p>\n<p>\u201eEdward Mosberg, kt\u00f3rego mia\u0142em zaszczyt nazywa\u0107 przyjacielem, prze\u017cy\u0142 piek\u0142o niemieckich oboz\u00f3w, by\u0142 \u015bwiadkiem zag\u0142ady, g\u0142osem tych, kt\u00f3rych zamordowano. Ca\u0142ym swoim \u017cyciem przypomina\u0142, jak wielk\u0105 warto\u015bci\u0105 jest pami\u0119\u0107 \u2013 i jak wielk\u0105 odpowiedzialno\u015bci\u0105 jest strzec prawdy\u201d \u2013 napisa\u0142 prezydent.<\/p>\n<p>Duda jednoznacznie pot\u0119pi\u0142 wszelkie pr\u00f3by negowania Holokaustu:<\/p>\n<p>\u201eZ najwy\u017cszym b\u00f3lem, ale i stanowczo\u015bci\u0105 reaguj\u0119 na wszelkie s\u0142owa, kt\u00f3re podwa\u017caj\u0105 historyczn\u0105 prawd\u0119 o Holokau\u015bcie i neguj\u0105 cierpienie milion\u00f3w ofiar niemieckich oboz\u00f3w \u015bmierci. Tego rodzaju s\u0142owom w Polsce nale\u017cy si\u0119 tylko jedno: pot\u0119pienie!\u201d<\/p>\n<h3><strong>Jaros\u0142aw Kaczy\u0144ski: \u201eTo dzia\u0142anie na szkod\u0119 Polski\u201d<\/strong><\/h3>\n<p>Do skandalicznej wypowiedzi Brauna odni\u00f3s\u0142 si\u0119 r\u00f3wnie\u017c prezes PiS Jaros\u0142aw Kaczy\u0144ski, okre\u015blaj\u0105c j\u0105 jako \u201enieakceptowaln\u0105\u201d.<\/p>\n<p>\u201eKwestionowanie Holokaustu i tego, co wydarzy\u0142o si\u0119 w Auschwitz, jest brakiem elementarnego szacunku wobec ofiar oraz wpisuje si\u0119 w polityk\u0119 zafa\u0142szowywania historii\u201d \u2013 napisa\u0142 na platformie X.<\/p>\n<p>Doda\u0142 r\u00f3wnie\u017c, \u017ce wypowiedzi Brauna to dow\u00f3d na to, \u017ce \u201edzia\u0142a on z obcej inspiracji na powa\u017cn\u0105 szkod\u0119 naszego kraju\u201d.<\/p>\n<h3><strong>Donald Tusk: \u201eBraun ma antysemick\u0105 obsesj\u0119\u201d<\/strong><\/h3>\n<p>Premier Donald Tusk, wracaj\u0105c z wizyty w Rzymie, tak\u017ce zabra\u0142 g\u0142os w tej sprawie. Nazwa\u0142 Brauna \u201ecz\u0142owiekiem z antysemick\u0105 obsesj\u0105\u201d i zaapelowa\u0142 do politycznych lider\u00f3w o jednoznaczn\u0105 postaw\u0119:<\/p>\n<p>\u201eZwracam si\u0119 do prezydenta Dudy i prezesa Kaczy\u0144skiego \u2013 nie kokietujcie, nie wsp\u00f3\u0142grajcie z t\u0105 paskudn\u0105 atmosfer\u0105, kt\u00f3r\u0105 tworz\u0105 ludzie pokroju Brauna, B\u0105kiewicza i im podobni.\u201d<\/p>\n<p>Tusk wyrazi\u0142 tak\u017ce niezadowolenie z reakcji s\u0142u\u017cb pa\u0144stwowych na dzia\u0142alno\u015b\u0107 Brauna:<\/p>\n<p>\u201eMoja rekomendacja jest jasna \u2013 dzia\u0142a\u0107 twardo i zdecydowanie, bez wzgl\u0119du na pozycj\u0119 polityczn\u0105 os\u00f3b \u0142ami\u0105cych prawo.\u201d<\/p>\n<h3><strong>Prokuratura bada spraw\u0119<\/strong><\/h3>\n<p>W zwi\u0105zku z wypowiedzi\u0105 Grzegorza Brauna prokuratura rejonowa Warszawa \u015ar\u00f3dmie\u015bcie-P\u00f3\u0142noc prowadzi czynno\u015bci sprawdzaj\u0105ce. Komunikat w tej sprawie opublikowano w mediach spo\u0142eczno\u015bciowych:<\/p>\n<p>\u201eProkuratura prowadzi czynno\u015bci w zwi\u0105zku z negowaniem zbrodni nazistowskich pope\u0142nionych w KL Auschwitz, tj. o czyn z art. 55 ustawy o Instytucie Pami\u0119ci Narodowej.\u201d<\/p>\n<p>Wcze\u015bniej zawiadomienie o mo\u017cliwo\u015bci pope\u0142nienia przest\u0119pstwa z\u0142o\u017cy\u0142a pos\u0142anka Lewicy Anna-Maria \u017bukowska. W pi\u015bmie zaznaczy\u0142a, \u017ce chodzi o \u201epubliczne zaprzeczanie zbrodniom pope\u0142nionym przez niemieckich okupant\u00f3w podczas II wojny \u015bwiatowej\u201d.<\/p>\n<h3><strong>Braun m\u00f3wi o \u201epseudohistorii\u201d<\/strong><\/h3>\n<p>Grzegorz Braun w rozmowie radiowej stwierdzi\u0142, \u017ce komory gazowe to \u201eniestety fake\u201d, sugeruj\u0105c, \u017ce wiedza o nich opiera si\u0119 na \u201epseudohistorycznym przekazie\u201d. Mia\u0142 tak\u017ce powiedzie\u0107, \u017ce badanie kom\u00f3r gazowych jest rzekomo uniemo\u017cliwiane przez samo Muzeum Auschwitz-Birkenau. Dziennikarz Radia Wnet natychmiast przerwa\u0142 mu i przypomnia\u0142, \u017ce historia oboz\u00f3w zag\u0142ady jest doskonale udokumentowana.<\/p>\n<p style=\"text-align: right\"><em>Na podst. Polsat News<\/em><\/p>\n","protected":false},"excerpt":{"rendered":"<p>Grzegorz Braun Wypowied\u017a Grzegorza Brauna, kt\u00f3ry na antenie Radia Wnet zakwestionowa\u0142 istnienie kom\u00f3r gazowych w niemieckim obozie Auschwitz-Birkenau, wywo\u0142a\u0142a fal\u0119 oburzenia w ca\u0142ej Polsce. S\u0142owa&hellip;<\/p>\n","protected":false},"author":3,"featured_media":2577,"comment_status":"open","ping_status":"open","sticky":false,"template":"","format":"standard","meta":{"footnotes":""},"categories":[14,18],"tags":[],"class_list":["post-2576","post","type-post","status-publish","format-standard","has-post-thumbnail","hentry","category-polska","category-top-news"],"_links":{"self":[{"href":"https:\/\/radiopoloniawinnipeg.com\/index.php\/wp-json\/wp\/v2\/posts\/2576","targetHints":{"allow":["GET"]}}],"collection":[{"href":"https:\/\/radiopoloniawinnipeg.com\/index.php\/wp-json\/wp\/v2\/posts"}],"about":[{"href":"https:\/\/radiopoloniawinnipeg.com\/index.php\/wp-json\/wp\/v2\/types\/post"}],"author":[{"embeddable":true,"href":"https:\/\/radiopoloniawinnipeg.com\/index.php\/wp-json\/wp\/v2\/users\/3"}],"replies":[{"embeddable":true,"href":"https:\/\/radiopoloniawinnipeg.com\/index.php\/wp-json\/wp\/v2\/comments?post=2576"}],"version-history":[{"count":0,"href":"https:\/\/radiopoloniawinnipeg.com\/index.php\/wp-json\/wp\/v2\/posts\/2576\/revisions"}],"wp:featuredmedia":[{"embeddable":true,"href":"https:\/\/radiopoloniawinnipeg.com\/index.php\/wp-json\/wp\/v2\/media\/2577"}],"wp:attachment":[{"href":"https:\/\/radiopoloniawinnipeg.com\/index.php\/wp-json\/wp\/v2\/media?parent=2576"}],"wp:term":[{"taxonomy":"category","embeddable":true,"href":"https:\/\/radiopoloniawinnipeg.com\/index.php\/wp-json\/wp\/v2\/categories?post=2576"},{"taxonomy":"post_tag","embeddable":true,"href":"https:\/\/radiopoloniawinnipeg.com\/index.php\/wp-json\/wp\/v2\/tags?post=2576"}],"curies":[{"name":"wp","href":"https:\/\/api.w.org\/{rel}","templated":true}]}}