{"id":2578,"date":"2025-07-12T10:30:05","date_gmt":"2025-07-12T14:30:05","guid":{"rendered":"https:\/\/radiopoloniawinnipeg.com\/index.php\/2025\/07\/12\/coraz-wiecej-upadlosci-firm-eksperci-bija-na-alarm\/"},"modified":"2025-07-12T10:30:05","modified_gmt":"2025-07-12T14:30:05","slug":"coraz-wiecej-upadlosci-firm-eksperci-bija-na-alarm","status":"publish","type":"post","link":"https:\/\/radiopoloniawinnipeg.com\/index.php\/2025\/07\/12\/coraz-wiecej-upadlosci-firm-eksperci-bija-na-alarm\/","title":{"rendered":"Coraz wi\u0119cej upad\u0142o\u015bci firm. Eksperci bij\u0105 na alarm"},"content":{"rendered":"<p><img decoding=\"async\" loading=\"lazy\" class=\"aligncenter size-custom-full-size wp-image-217517\" src=\"https:\/\/bejsment.com\/wp-content\/uploads\/2025\/07\/aapraca-636x478.jpg\" alt=\"\" width=\"636\" height=\"478\" \/><\/p>\n<p><strong>W czerwcu 2025 roku a\u017c 39 firm og\u0142osi\u0142o upad\u0142o\u015b\u0107 \u2013 to drugi najwy\u017cszy miesi\u0119czny wynik w tym roku. Jednocze\u015bnie zarejestrowano 407 nowych post\u0119powa\u0144 restrukturyzacyjnych, co r\u00f3wnie\u017c stanowi jeden z najwy\u017cszych poziom\u00f3w od kilkunastu miesi\u0119cy \u2013 informuje serwis money.pl.<\/strong><\/p>\n<p>W por\u00f3wnaniu z majem liczba upad\u0142o\u015bci wzros\u0142a o 62,5 proc., a w stosunku do czerwca ubieg\u0142ego roku \u2013 a\u017c o 50 proc. Cho\u0107 w ubieg\u0142ym miesi\u0105cu z\u0142o\u017cono 145 wniosk\u00f3w o og\u0142oszenie upad\u0142o\u015bci (o 2 proc. mniej ni\u017c w maju), to i tak stanowi to wzrost o 16 proc. rok do roku.<\/p>\n<p>W ca\u0142ym 2024 roku upad\u0142o\u015b\u0107 og\u0142osi\u0142o 436 firm, co oznacza\u0142o wzrost o 10,7 proc. wzgl\u0119dem roku 2023. A ten trend ro\u015bnie ju\u017c trzeci rok z rz\u0119du: w 2023 roku upad\u0142o 394 przedsi\u0119biorstw, a w 2022 \u2013 339.<\/p>\n<h3><strong>Rekordowe restrukturyzacje<\/strong><\/h3>\n<p>Jeszcze wyra\u017aniejsze sygna\u0142y problem\u00f3w wida\u0107 w statystykach dotycz\u0105cych restrukturyzacji. W czerwcu rozpocz\u0119to 407 post\u0119powa\u0144 \u2013 o 2,3 proc. wi\u0119cej ni\u017c miesi\u0105c wcze\u015bniej i o 19,4 proc. wi\u0119cej ni\u017c rok temu. Z\u0142o\u017cono tak\u017ce 352 wnioski o wszcz\u0119cie post\u0119powania restrukturyzacyjnego \u2013 to najwy\u017cszy wynik w tym roku.<\/p>\n<p>Wed\u0142ug danych z pierwszego kwarta\u0142u 2025 roku, a\u017c 1969 firm og\u0142osi\u0142o niewyp\u0142acalno\u015b\u0107 \u2013 to wzrost o 20,4 proc. rok do roku. W samym marcu rozpocz\u0119to 518 nowych restrukturyzacji.<\/p>\n<h3><strong>Najwi\u0119ksze problemy w przemy\u015ble, handlu i budownictwie<\/strong><\/h3>\n<p>Jak zaznacza Adam Abramowicz, szef Rady Przedsi\u0119biorc\u00f3w i by\u0142y Rzecznik Ma\u0142ych i \u015arednich Przedsi\u0119biorstw, najtrudniejsza sytuacja dotyczy bran\u017c wra\u017cliwych na wzrost koszt\u00f3w i spadek popytu: przemys\u0142u, handlu oraz budownictwa. Problemy maj\u0105 r\u00f3wnie\u017c firmy eksportuj\u0105ce towary i us\u0142ugi do Niemiec, gdzie kryzys gospodarczy powoduje gwa\u0142towny spadek zam\u00f3wie\u0144.<\/p>\n<h3><strong>Przedsi\u0119biorcy ostrzegaj\u0105 przed skutkami polityki rz\u0105du<\/strong><\/h3>\n<p>Abramowicz wskazuje, \u017ce je\u015bli rz\u0105d nie podejmie zdecydowanych dzia\u0142a\u0144 w kierunku obni\u017cenia koszt\u00f3w energii \u2013 w tym op\u0142at zwi\u0105zanych z systemem handlu emisjami (ETS) oraz podatk\u00f3w \u2013 sytuacja wielu przedsi\u0119biorstw mo\u017ce si\u0119 jeszcze pogorszy\u0107.<\/p>\n<p>Krytycznie odnosi si\u0119 te\u017c do planowanych reform rynku pracy:<\/p>\n<p>\u2013 Je\u017celi rz\u0105d nie porzuci plan\u00f3w dalszego podnoszenia koszt\u00f3w pracy \u2013 takich jak wzrost p\u0142acy minimalnej powy\u017cej inflacji, ozusowanie um\u00f3w zlece\u0144, ograniczanie um\u00f3w B2B czy wprowadzenie 4-dniowego tygodnia pracy \u2013 w niekt\u00f3rych regionach Polski mog\u0105 pojawi\u0107 si\u0119 trudno\u015bci ze znalezieniem zatrudnienia, jakich nie widzieli\u015bmy od lat \u2013 ostrzega.<\/p>\n<p style=\"text-align: right\"><em>Na podst. BankierPl<\/em><\/p>\n","protected":false},"excerpt":{"rendered":"<p>W czerwcu 2025 roku a\u017c 39 firm og\u0142osi\u0142o upad\u0142o\u015b\u0107 \u2013 to drugi najwy\u017cszy miesi\u0119czny wynik w tym roku. Jednocze\u015bnie zarejestrowano 407 nowych post\u0119powa\u0144 restrukturyzacyjnych, co&hellip;<\/p>\n","protected":false},"author":3,"featured_media":2579,"comment_status":"open","ping_status":"open","sticky":false,"template":"","format":"standard","meta":{"footnotes":""},"categories":[14,18],"tags":[],"class_list":["post-2578","post","type-post","status-publish","format-standard","has-post-thumbnail","hentry","category-polska","category-top-news"],"_links":{"self":[{"href":"https:\/\/radiopoloniawinnipeg.com\/index.php\/wp-json\/wp\/v2\/posts\/2578","targetHints":{"allow":["GET"]}}],"collection":[{"href":"https:\/\/radiopoloniawinnipeg.com\/index.php\/wp-json\/wp\/v2\/posts"}],"about":[{"href":"https:\/\/radiopoloniawinnipeg.com\/index.php\/wp-json\/wp\/v2\/types\/post"}],"author":[{"embeddable":true,"href":"https:\/\/radiopoloniawinnipeg.com\/index.php\/wp-json\/wp\/v2\/users\/3"}],"replies":[{"embeddable":true,"href":"https:\/\/radiopoloniawinnipeg.com\/index.php\/wp-json\/wp\/v2\/comments?post=2578"}],"version-history":[{"count":0,"href":"https:\/\/radiopoloniawinnipeg.com\/index.php\/wp-json\/wp\/v2\/posts\/2578\/revisions"}],"wp:featuredmedia":[{"embeddable":true,"href":"https:\/\/radiopoloniawinnipeg.com\/index.php\/wp-json\/wp\/v2\/media\/2579"}],"wp:attachment":[{"href":"https:\/\/radiopoloniawinnipeg.com\/index.php\/wp-json\/wp\/v2\/media?parent=2578"}],"wp:term":[{"taxonomy":"category","embeddable":true,"href":"https:\/\/radiopoloniawinnipeg.com\/index.php\/wp-json\/wp\/v2\/categories?post=2578"},{"taxonomy":"post_tag","embeddable":true,"href":"https:\/\/radiopoloniawinnipeg.com\/index.php\/wp-json\/wp\/v2\/tags?post=2578"}],"curies":[{"name":"wp","href":"https:\/\/api.w.org\/{rel}","templated":true}]}}