{"id":2588,"date":"2025-07-12T16:30:12","date_gmt":"2025-07-12T20:30:12","guid":{"rendered":"https:\/\/radiopoloniawinnipeg.com\/index.php\/2025\/07\/12\/rekord-na-lotnisku-chopina\/"},"modified":"2025-07-12T16:30:12","modified_gmt":"2025-07-12T20:30:12","slug":"rekord-na-lotnisku-chopina","status":"publish","type":"post","link":"https:\/\/radiopoloniawinnipeg.com\/index.php\/2025\/07\/12\/rekord-na-lotnisku-chopina\/","title":{"rendered":"Rekord na Lotnisku Chopina"},"content":{"rendered":"<p><img decoding=\"async\" loading=\"lazy\" class=\"aligncenter size-custom-full-size wp-image-217522\" src=\"https:\/\/bejsment.com\/wp-content\/uploads\/2025\/07\/aalotnisko2-636x441.jpg\" alt=\"\" width=\"636\" height=\"441\" \/><\/p>\n<p><strong>Czerwiec 2025 roku by\u0142 rekordowy dla Lotniska Chopina w Warszawie. W ci\u0105gu zaledwie jednego miesi\u0105ca odprawiono a\u017c 2 271 304 pasa\u017cer\u00f3w, co oznacza wzrost o 13,2 proc. w por\u00f3wnaniu do czerwca ubieg\u0142ego roku. To najlepszy miesi\u0119czny wynik w historii sto\u0142ecznego portu. Jednocze\u015bnie pad\u0142 rekord dobowy \u2013 84 910 pasa\u017cer\u00f3w jednego dnia.<\/strong><\/p>\n<p>Od pocz\u0105tku roku warszawskie lotnisko obs\u0142u\u017cy\u0142o ju\u017c <strong>ponad 11 mln podr\u00f3\u017cnych<\/strong>. W 2024 roku by\u0142o ich \u0142\u0105cznie 21,3 mln. Obecne tempo wzrostu sprawia, \u017ce Lotnisko Chopina znajduje si\u0119 w\u015br\u00f3d najszybciej rozwijaj\u0105cych si\u0119 port\u00f3w lotniczych w Europie.<\/p>\n<h3><strong>Dominuj\u0105 loty w strefie Schengen<\/strong><\/h3>\n<p>Najwi\u0119kszy ruch generuj\u0105 podr\u00f3\u017ce wewn\u0105trz strefy Schengen \u2013 od stycznia do czerwca skorzysta\u0142o z nich <strong>7,29 mln pasa\u017cer\u00f3w<\/strong>. Ruch krajowy utrzymuje si\u0119 na stabilnym poziomie (<strong>798,7 tys. podr\u00f3\u017cnych<\/strong>). W samym czerwcu zrealizowano <strong>17 123 operacje pasa\u017cerskie<\/strong>, a \u0142\u0105cznie <strong>18 317 lot\u00f3w<\/strong>. \u015aredni wsp\u00f3\u0142czynnik wype\u0142nienia miejsc na pok\u0142adzie (tzw. load factor) by\u0142 najwy\u017cszy w tym roku \u2013 wyni\u00f3s\u0142 <strong>83,6 proc.<\/strong><\/p>\n<p>W strukturze przewo\u017anik\u00f3w obserwujemy nieznaczne zmiany: udzia\u0142 linii niskokosztowych wzr\u00f3s\u0142 do <strong>26 proc.<\/strong> (wzrost o 1 p.p.), podczas gdy przewo\u017anicy tradycyjni utrzymuj\u0105 <strong>61 proc.<\/strong> rynku. Linie czarterowe nadal odpowiadaj\u0105 za <strong>13 proc.<\/strong> wszystkich pasa\u017cer\u00f3w.<\/p>\n<p>W\u015br\u00f3d tras regularnych niezmiennie kr\u00f3luje Londyn. Na kolejnych miejscach znalaz\u0142y si\u0119 Pary\u017c, Amsterdam, Bruksela i Kopenhaga. W segmencie lot\u00f3w czarterowych pierwsze miejsce zaj\u0119\u0142a <strong>Antalya<\/strong> \u2013 przed egipskimi kurortami: <strong>Marsa Alam<\/strong>, <strong>Hurghad\u0105<\/strong> i <strong>Sharm el-Sheikh<\/strong>. Na pi\u0105tej pozycji uplasowa\u0142o si\u0119 greckie <strong>Rodos<\/strong>.<\/p>\n<h3><strong>Ro\u015bnie tak\u017ce cargo<\/strong><\/h3>\n<p><img decoding=\"async\" loading=\"lazy\" class=\"aligncenter size-custom-full-size wp-image-217523\" src=\"https:\/\/bejsment.com\/wp-content\/uploads\/2025\/07\/aalotnisko-636x358.jpg\" alt=\"\" width=\"636\" height=\"358\" \/><\/p>\n<p>Ruch towarowy r\u00f3wnie\u017c nabiera tempa. W czerwcu odprawiono <strong>11 156 ton cargo<\/strong>, co jest najlepszym wynikiem w tym roku i drugim najwy\u017cszym w historii portu (po pa\u017adzierniku 2024). Od stycznia do czerwca przez warszawskie lotnisko przesz\u0142o <strong>63 202 tony towar\u00f3w<\/strong> \u2013 o <strong>18 proc.<\/strong> wi\u0119cej ni\u017c w analogicznym okresie 2024 roku.<\/p>\n<p>\u2013 Czerwiec to kolejny rekordowy miesi\u0105c, kt\u00f3ry potwierdza rosn\u0105c\u0105 rol\u0119 Lotniska Chopina w europejskim ruchu lotniczym. Je\u015bli chcemy utrzyma\u0107 t\u0119 pozycj\u0119, musimy inwestowa\u0107 w rozw\u00f3j \u2013 podkre\u015bli\u0142 <strong>\u0141ukasz Chaberski<\/strong>, prezes PPL.<\/p>\n<p>Doda\u0142, \u017ce modernizacja Lotniska Chopina to nie tylko konieczno\u015b\u0107 wynikaj\u0105ca z ogranicze\u0144 infrastrukturalnych, lecz tak\u017ce kluczowy element budowy Centralnego Portu Komunikacyjnego:<\/p>\n<p>\u201eBez inwestycji straciliby\u015bmy nawet 32 mln pasa\u017cer\u00f3w, a Polska gospodarka mog\u0142aby nie odzyska\u0107 oko\u0142o 30 mld z\u0142 generowanych przez ruch lotniczy. Przeciwnicy modernizacji \u2013 \u015bwiadomie lub nie \u2013 dzia\u0142aj\u0105 na korzy\u015b\u0107 port\u00f3w w Berlinie, Pradze czy Wiedniu\u201d.<\/p>\n<p>Chaberski zaznaczy\u0142, \u017ce projekt modernizacji zosta\u0142 opracowany tak, by wiele jego element\u00f3w mo\u017cna by\u0142o przenie\u015b\u0107 do CPK lub wykorzysta\u0107 na innych lotniskach.<\/p>\n<p style=\"text-align: right\"><em>Na podst. isbnews<\/em><\/p>\n","protected":false},"excerpt":{"rendered":"<p>Czerwiec 2025 roku by\u0142 rekordowy dla Lotniska Chopina w Warszawie. W ci\u0105gu zaledwie jednego miesi\u0105ca odprawiono a\u017c 2 271 304 pasa\u017cer\u00f3w, co oznacza wzrost o&hellip;<\/p>\n","protected":false},"author":3,"featured_media":2589,"comment_status":"open","ping_status":"open","sticky":false,"template":"","format":"standard","meta":{"footnotes":""},"categories":[14,18],"tags":[],"class_list":["post-2588","post","type-post","status-publish","format-standard","has-post-thumbnail","hentry","category-polska","category-top-news"],"_links":{"self":[{"href":"https:\/\/radiopoloniawinnipeg.com\/index.php\/wp-json\/wp\/v2\/posts\/2588","targetHints":{"allow":["GET"]}}],"collection":[{"href":"https:\/\/radiopoloniawinnipeg.com\/index.php\/wp-json\/wp\/v2\/posts"}],"about":[{"href":"https:\/\/radiopoloniawinnipeg.com\/index.php\/wp-json\/wp\/v2\/types\/post"}],"author":[{"embeddable":true,"href":"https:\/\/radiopoloniawinnipeg.com\/index.php\/wp-json\/wp\/v2\/users\/3"}],"replies":[{"embeddable":true,"href":"https:\/\/radiopoloniawinnipeg.com\/index.php\/wp-json\/wp\/v2\/comments?post=2588"}],"version-history":[{"count":0,"href":"https:\/\/radiopoloniawinnipeg.com\/index.php\/wp-json\/wp\/v2\/posts\/2588\/revisions"}],"wp:featuredmedia":[{"embeddable":true,"href":"https:\/\/radiopoloniawinnipeg.com\/index.php\/wp-json\/wp\/v2\/media\/2589"}],"wp:attachment":[{"href":"https:\/\/radiopoloniawinnipeg.com\/index.php\/wp-json\/wp\/v2\/media?parent=2588"}],"wp:term":[{"taxonomy":"category","embeddable":true,"href":"https:\/\/radiopoloniawinnipeg.com\/index.php\/wp-json\/wp\/v2\/categories?post=2588"},{"taxonomy":"post_tag","embeddable":true,"href":"https:\/\/radiopoloniawinnipeg.com\/index.php\/wp-json\/wp\/v2\/tags?post=2588"}],"curies":[{"name":"wp","href":"https:\/\/api.w.org\/{rel}","templated":true}]}}