{"id":2616,"date":"2025-07-14T07:15:06","date_gmt":"2025-07-14T11:15:06","guid":{"rendered":"https:\/\/radiopoloniawinnipeg.com\/index.php\/2025\/07\/14\/wielki-pozar-w-minsku-mazowieckim\/"},"modified":"2025-07-14T07:15:06","modified_gmt":"2025-07-14T11:15:06","slug":"wielki-pozar-w-minsku-mazowieckim","status":"publish","type":"post","link":"https:\/\/radiopoloniawinnipeg.com\/index.php\/2025\/07\/14\/wielki-pozar-w-minsku-mazowieckim\/","title":{"rendered":"Wielki po\u017car w Mi\u0144sku Mazowieckim"},"content":{"rendered":"<p><img decoding=\"async\" loading=\"lazy\" class=\"aligncenter size-custom-full-size wp-image-217677\" src=\"https:\/\/bejsment.com\/wp-content\/uploads\/2025\/07\/aapozrwarszawa-636x358.jpg\" alt=\"\" width=\"636\" height=\"358\" \/><\/p>\n<p><strong>W Mi\u0144sku Mazowieckim p\u0142onie hala produkcyjno-magazynowa przy ul. D\u017awigowej. Na miejscu pracuje ponad 50 zast\u0119p\u00f3w stra\u017cy po\u017carnej, czyli oko\u0142o 200 ratownik\u00f3w. Po\u017car obj\u0105\u0142 ca\u0142y budynek. Mieszka\u0144cy otrzymali alert Rz\u0105dowego Centrum Bezpiecze\u0144stwa.<\/strong><\/p>\n<p>Do po\u017caru dosz\u0142o w niedziel\u0119 oko\u0142o godziny 19:40. Ogie\u0144 obj\u0105\u0142 hal\u0119 firmy Folpak o wymiarach 80 na 50 metr\u00f3w. \u2013 Budynek w ca\u0142o\u015bci obj\u0119ty jest ogniem \u2013 poinformowa\u0142 m\u0142. bryg. Kamil P\u0142ochocki z Komendy Powiatowej Pa\u0144stwowej Stra\u017cy Po\u017carnej w Mi\u0144sku Mazowieckim.<\/p>\n<p>Na miejscu dzia\u0142aj\u0105 jednostki z powiat\u00f3w mi\u0144skiego, wo\u0142omi\u0144skiego oraz z Warszawy. Akcja ga\u015bnicza, jak zapowiadaj\u0105 stra\u017cacy, potrwa co najmniej kilkana\u015bcie godzin. Obecnie ratownicy koncentruj\u0105 si\u0119 na obronie s\u0105siaduj\u0105cych zabudowa\u0144.<\/p>\n<h3><strong>Wielka mobilizacja s\u0142u\u017cb<\/strong><\/h3>\n<p>W akcji bierze udzia\u0142 oko\u0142o 200 stra\u017cak\u00f3w. Dotychczas nie odnotowano \u017cadnych os\u00f3b poszkodowanych \u2013 wszyscy znajduj\u0105cy si\u0119 w pobli\u017cu hali zdo\u0142ali si\u0119 ewakuowa\u0107.<\/p>\n<p>Na miejscu obecni s\u0105 tak\u017ce funkcjonariusze Komendy Powiatowej Policji w Mi\u0144sku Mazowieckim oraz Oddzia\u0142u Prewencji Policji z Warszawy. \u2013 Policjanci zabezpieczaj\u0105 teren obj\u0119ty po\u017carem i dbaj\u0105 o p\u0142ynno\u015b\u0107 ruchu, aby s\u0142u\u017cby ratownicze mog\u0142y szybko przemieszcza\u0107 si\u0119 w rejonie akcji \u2013 poinformowa\u0142a sto\u0142eczna policja.<\/p>\n<p>Ze wzgl\u0119du na ogromne zadymienie, Rz\u0105dowe Centrum Bezpiecze\u0144stwa rozes\u0142a\u0142o SMS-y z ostrze\u017ceniem do mieszka\u0144c\u00f3w powiatu mi\u0144skiego. W tre\u015bci alertu czytamy: \u201eUwaga! Po\u017car hali magazynowej w Mi\u0144sku Mazowieckim (ul. D\u017awigowa). Nie zbli\u017caj si\u0119 do miejsca po\u017caru. Nie otwieraj okien. \u015aled\u017a komunikaty s\u0142u\u017cb.\u201d<\/p>\n<p>Z apelem wyst\u0105pi\u0142a r\u00f3wnie\u017c gmina Mi\u0144sk Mazowiecki. W\u0142adze samorz\u0105dowe zalecaj\u0105 mieszka\u0144com okolicznych teren\u00f3w, by pozostali w domach, zamkn\u0119li okna i \u015bledzili oficjalne komunikaty.<\/p>\n<p>Wed\u0142ug informacji rzecznika MSWiA, w p\u0142on\u0105cej hali produkowane by\u0142y m.in. opakowania foliowe.<\/p>\n<p style=\"text-align: right\"><em>Na podst. Polsat News<\/em><\/p>\n","protected":false},"excerpt":{"rendered":"<p>W Mi\u0144sku Mazowieckim p\u0142onie hala produkcyjno-magazynowa przy ul. D\u017awigowej. Na miejscu pracuje ponad 50 zast\u0119p\u00f3w stra\u017cy po\u017carnej, czyli oko\u0142o 200 ratownik\u00f3w. Po\u017car obj\u0105\u0142 ca\u0142y budynek.&hellip;<\/p>\n","protected":false},"author":3,"featured_media":2617,"comment_status":"open","ping_status":"open","sticky":false,"template":"","format":"standard","meta":{"footnotes":""},"categories":[14,18],"tags":[],"class_list":["post-2616","post","type-post","status-publish","format-standard","has-post-thumbnail","hentry","category-polska","category-top-news"],"_links":{"self":[{"href":"https:\/\/radiopoloniawinnipeg.com\/index.php\/wp-json\/wp\/v2\/posts\/2616","targetHints":{"allow":["GET"]}}],"collection":[{"href":"https:\/\/radiopoloniawinnipeg.com\/index.php\/wp-json\/wp\/v2\/posts"}],"about":[{"href":"https:\/\/radiopoloniawinnipeg.com\/index.php\/wp-json\/wp\/v2\/types\/post"}],"author":[{"embeddable":true,"href":"https:\/\/radiopoloniawinnipeg.com\/index.php\/wp-json\/wp\/v2\/users\/3"}],"replies":[{"embeddable":true,"href":"https:\/\/radiopoloniawinnipeg.com\/index.php\/wp-json\/wp\/v2\/comments?post=2616"}],"version-history":[{"count":0,"href":"https:\/\/radiopoloniawinnipeg.com\/index.php\/wp-json\/wp\/v2\/posts\/2616\/revisions"}],"wp:featuredmedia":[{"embeddable":true,"href":"https:\/\/radiopoloniawinnipeg.com\/index.php\/wp-json\/wp\/v2\/media\/2617"}],"wp:attachment":[{"href":"https:\/\/radiopoloniawinnipeg.com\/index.php\/wp-json\/wp\/v2\/media?parent=2616"}],"wp:term":[{"taxonomy":"category","embeddable":true,"href":"https:\/\/radiopoloniawinnipeg.com\/index.php\/wp-json\/wp\/v2\/categories?post=2616"},{"taxonomy":"post_tag","embeddable":true,"href":"https:\/\/radiopoloniawinnipeg.com\/index.php\/wp-json\/wp\/v2\/tags?post=2616"}],"curies":[{"name":"wp","href":"https:\/\/api.w.org\/{rel}","templated":true}]}}