{"id":2618,"date":"2025-07-14T08:15:05","date_gmt":"2025-07-14T12:15:05","guid":{"rendered":"https:\/\/radiopoloniawinnipeg.com\/index.php\/2025\/07\/14\/polski-astronauta-wraca-na-ziemie\/"},"modified":"2025-07-14T08:15:05","modified_gmt":"2025-07-14T12:15:05","slug":"polski-astronauta-wraca-na-ziemie","status":"publish","type":"post","link":"https:\/\/radiopoloniawinnipeg.com\/index.php\/2025\/07\/14\/polski-astronauta-wraca-na-ziemie\/","title":{"rendered":"Polski astronauta wraca na Ziemi\u0119"},"content":{"rendered":"<p><img decoding=\"async\" loading=\"lazy\" class=\"aligncenter size-custom-full-size wp-image-217706\" src=\"https:\/\/bejsment.com\/wp-content\/uploads\/2025\/07\/aaslawosz-636x358.jpg\" alt=\"\" width=\"636\" height=\"358\" \/><\/p>\n<p><strong>S\u0142awosz Uzna\u0144ski-Wi\u015bniewski zako\u0144czy\u0142 swoj\u0105 historyczn\u0105 misj\u0119 na Mi\u0119dzynarodowej Stacji Kosmicznej jako cz\u0142onek za\u0142ogi Ax-4. W poniedzia\u0142ek o godz. 7:05 statek Dragon Grace z Polakiem na pok\u0142adzie ma od\u0142\u0105czy\u0142 si\u0119 od stacji. Po wej\u015bciu w atmosfer\u0119 Ziemi nast\u0105pi wodowanie u wybrze\u017cy Kalifornii.<\/strong><\/p>\n<p>Jak poinformowa\u0142a Polska Agencja Kosmiczna (POLSA), Uzna\u0144ski-Wi\u015bniewski sp\u0119dzi\u0142 na realizacji zada\u0144 ponad 105 godzin, z czego 62,4 proc. po\u015bwi\u0119cono na program naukowo-technologiczny. W ramach misji IGNIS zrealizowano 12 z 13 polskich eksperyment\u00f3w, w tym tak\u017ce cztery eksperymenty ESA. Dodatkowo astronauta uczestniczy\u0142 w dzia\u0142aniach edukacyjnych i promocyjnych, realizowa\u0142 tak\u017ce projekty w\u0119gierskie i dla Axiom Communications.<\/p>\n<p>\u2013 Mam nadziej\u0119, \u017ce misja przynios\u0142a du\u017co dobrego Polsce, polskiej nauce i technologii \u2013 powiedzia\u0142 astronauta w oficjalnym o\u015bwiadczeniu. \u2013 Dzi\u0119kuj\u0119 za zaufanie i mo\u017cliwo\u015b\u0107 reprezentowania kraju podczas pierwszej polskiej misji na ISS.<\/p>\n<h3><strong>Precyzyjna procedura powrotu<\/strong><\/h3>\n<p>Zamkni\u0119cie w\u0142azu kapsu\u0142y nast\u0105pi\u0142o o godz. 4:55. Od\u0142\u0105czenie od ISS o 7:05. Wszystko przebiega zgodnie z precyzyjnie wyliczonym harmonogramem \u2013 jak t\u0142umaczy\u0142 Piotr Dziuban z Creotech Instruments, dok\u0142adno\u015b\u0107 ma kluczowe znaczenie, by kapsu\u0142a mog\u0142a bezpiecznie wodowa\u0107 w wyznaczonym punkcie Oceanu Spokojnego.<\/p>\n<p>\u2013 Na Dragona czeka ju\u017c statek, kt\u00f3ry ma go wy\u0142owi\u0107. Nie ma miejsca na pomy\u0142k\u0119 \u2013 zaznaczy\u0142 Dziuban. Najtrudniejszym momentem b\u0119dzie wej\u015bcie w atmosfer\u0119, podczas kt\u00f3rego kapsu\u0142a utraci \u0142\u0105czno\u015b\u0107 z centrum kontroli lotu. \u2013 Wok\u00f3\u0142 tworzy si\u0119 burza gaz\u00f3w, kt\u00f3ra uniemo\u017cliwia komunikacj\u0119. To normalne, ale zawsze emocjonuj\u0105ce \u2013 doda\u0142 ekspert.<\/p>\n<h3><strong>Ceremonia po\u017cegnalna i ostatnie chwile na orbicie<\/strong><\/h3>\n<p>W niedziel\u0119 o godz. 9:55 odby\u0142a si\u0119 ceremonia po\u017cegnalna za\u0142ogi Ax-4 na pok\u0142adzie ISS. \u2013 Wracamy do domu. Przed nami, ju\u017c na Ziemi, du\u017co pracy \u2013 napisa\u0142 Uzna\u0144ski-Wi\u015bniewski na platformie X.<\/p>\n<p>Po powrocie na Ziemi\u0119 polski astronauta uda si\u0119 do Kolonii, do siedziby Europejskiego Centrum Astronaut\u00f3w ESA. W tamtejszym o\u015brodku \u201eEnvihab\u201d Niemieckiego Centrum Aeronautyki i Przestrzeni Kosmicznej (DLR) b\u0119dzie przechodzi\u0142 badania i adaptacj\u0119 do warunk\u00f3w grawitacyjnych.<\/p>\n<h3><strong>Polska technologia w kosmosie<\/strong><\/h3>\n<p>Misja IGNIS, realizowana w ramach szerszego projektu Axiom Space i Europejskiej Agencji Kosmicznej, mia\u0142a r\u00f3wnie\u017c na celu promocj\u0119 polskiej technologii i kompetencji w obszarze przemys\u0142u kosmicznego. Uzna\u0144ski-Wi\u015bniewski wyrazi\u0142 nadziej\u0119, \u017ce do\u015bwiadczenie zdobyte podczas misji pomo\u017ce rozwin\u0105\u0107 krajowy sektor kosmiczny.<\/p>\n<p>\u2013 To dopiero pocz\u0105tek \u2013 podkre\u015bli\u0142 astronauta.<\/p>\n<\/p>\n<p style=\"text-align: right\"><em>Na podst. Polsat News<\/em><\/p>\n","protected":false},"excerpt":{"rendered":"<p>S\u0142awosz Uzna\u0144ski-Wi\u015bniewski zako\u0144czy\u0142 swoj\u0105 historyczn\u0105 misj\u0119 na Mi\u0119dzynarodowej Stacji Kosmicznej jako cz\u0142onek za\u0142ogi Ax-4. W poniedzia\u0142ek o godz. 7:05 statek Dragon Grace z Polakiem na&hellip;<\/p>\n","protected":false},"author":3,"featured_media":2619,"comment_status":"open","ping_status":"open","sticky":false,"template":"","format":"standard","meta":{"footnotes":""},"categories":[15,18],"tags":[],"class_list":["post-2618","post","type-post","status-publish","format-standard","has-post-thumbnail","hentry","category-swiat","category-top-news"],"_links":{"self":[{"href":"https:\/\/radiopoloniawinnipeg.com\/index.php\/wp-json\/wp\/v2\/posts\/2618","targetHints":{"allow":["GET"]}}],"collection":[{"href":"https:\/\/radiopoloniawinnipeg.com\/index.php\/wp-json\/wp\/v2\/posts"}],"about":[{"href":"https:\/\/radiopoloniawinnipeg.com\/index.php\/wp-json\/wp\/v2\/types\/post"}],"author":[{"embeddable":true,"href":"https:\/\/radiopoloniawinnipeg.com\/index.php\/wp-json\/wp\/v2\/users\/3"}],"replies":[{"embeddable":true,"href":"https:\/\/radiopoloniawinnipeg.com\/index.php\/wp-json\/wp\/v2\/comments?post=2618"}],"version-history":[{"count":0,"href":"https:\/\/radiopoloniawinnipeg.com\/index.php\/wp-json\/wp\/v2\/posts\/2618\/revisions"}],"wp:featuredmedia":[{"embeddable":true,"href":"https:\/\/radiopoloniawinnipeg.com\/index.php\/wp-json\/wp\/v2\/media\/2619"}],"wp:attachment":[{"href":"https:\/\/radiopoloniawinnipeg.com\/index.php\/wp-json\/wp\/v2\/media?parent=2618"}],"wp:term":[{"taxonomy":"category","embeddable":true,"href":"https:\/\/radiopoloniawinnipeg.com\/index.php\/wp-json\/wp\/v2\/categories?post=2618"},{"taxonomy":"post_tag","embeddable":true,"href":"https:\/\/radiopoloniawinnipeg.com\/index.php\/wp-json\/wp\/v2\/tags?post=2618"}],"curies":[{"name":"wp","href":"https:\/\/api.w.org\/{rel}","templated":true}]}}