{"id":2654,"date":"2025-07-16T07:15:07","date_gmt":"2025-07-16T11:15:07","guid":{"rendered":"https:\/\/radiopoloniawinnipeg.com\/index.php\/2025\/07\/16\/czarnek-chce-byc-premierem-nie-urzednikiem\/"},"modified":"2025-07-16T07:15:07","modified_gmt":"2025-07-16T11:15:07","slug":"czarnek-chce-byc-premierem-nie-urzednikiem","status":"publish","type":"post","link":"https:\/\/radiopoloniawinnipeg.com\/index.php\/2025\/07\/16\/czarnek-chce-byc-premierem-nie-urzednikiem\/","title":{"rendered":"Czarnek chce by\u0107 premierem, nie urz\u0119dnikiem"},"content":{"rendered":"<p><img decoding=\"async\" loading=\"lazy\" class=\"aligncenter size-custom-full-size wp-image-217888\" src=\"https:\/\/bejsment.com\/wp-content\/uploads\/2025\/07\/aanawrockiczarnek-636x358.jpg\" alt=\"\" width=\"636\" height=\"358\" \/><\/p>\n<p><strong>Przemys\u0142aw Czarnek najprawdopodobniej nie obejmie funkcji szefa Kancelarii Prezydenta w gabinecie Karola Nawrockiego. Jak wynika z jego w\u0142asnych s\u0142\u00f3w, prezydent elekt nie \u017cyczy sobie, by na czele kancelarii sta\u0142a osoba pe\u0142ni\u0105ca jednocze\u015bnie funkcj\u0119 w partii politycznej. Czarnek deklaruje, \u017ce nie zamierza rezygnowa\u0107 z funkcji wiceprezesa PiS ani szefostwa lubelskich struktur ugrupowania.<\/strong><\/p>\n<p>Jeszcze niedawno w mediach pojawia\u0142y si\u0119 nieoficjalne doniesienia, \u017ce Czarnek jest faworytem do obj\u0119cia stanowiska szefa kancelarii nowego prezydenta. Jednak w rozmowie z \u201eSuper Expressem\u201d by\u0142y minister edukacji przyzna\u0142, \u017ce Karol Nawrocki postawi\u0142 jasny warunek: nie chce w swoim otoczeniu \u201efunkcyjnych, politycznych urz\u0119dnik\u00f3w\u201d.<\/p>\n<p>\u2013 Szanuj\u0119 to. Z drugiej strony przecie\u017c nie ma zakazu, \u017ce b\u0119d\u0105c wiceprezesem PiS i szefem lubelskich struktur, nie m\u00f3g\u0142bym pe\u0142ni\u0107 tej funkcji \u2013 zaznaczy\u0142 Czarnek, dodaj\u0105c, \u017ce nie planuje rezygnacji ze stanowisk partyjnych, nawet je\u015bli mia\u0142oby to zablokowa\u0107 jego drog\u0119 do prezydenckiej kancelarii.<\/p>\n<h3><strong>Rozmowy trwaj\u0105, ale szanse malej\u0105<\/strong><\/h3>\n<p>Cho\u0107 sprawa nie jest jeszcze przes\u0105dzona, Czarnek przyzna\u0142, \u017ce wci\u0105\u017c prowadzi rozmowy z Karolem Nawrockim i nie ukrywa, \u017ce chcia\u0142by obj\u0105\u0107 t\u0119 funkcj\u0119, nie rezygnuj\u0105c z dotychczasowej dzia\u0142alno\u015bci w partii. Zapewni\u0142 te\u017c, \u017ce pozostaje lojalnym sojusznikiem prezydenta elekta.<\/p>\n<p>\u2013 Ma we mnie ogromnego sojusznika i wielkie poparcie \u2013 podkre\u015bli\u0142.<\/p>\n<p>Wed\u0142ug informacji \u201eSuper Expressu\u201d, stanowisko Nawrockiego mo\u017ce by\u0107 na r\u0119k\u0119 Jaros\u0142awowi Kaczy\u0144skiemu, kt\u00f3ry wola\u0142by, aby Czarnek pozosta\u0142 w strukturach PiS. Anonimowy polityk cytowany przez gazet\u0119 stwierdzi\u0142, \u017ce Czarnek ma ambicje si\u0119gaj\u0105ce najwy\u017cszych stanowisk.<\/p>\n<p>\u2013 Przemek chce by\u0107 numerem dwa, tu\u017c za prezesem, a wkr\u00f3tce numerem jeden. On po prostu chce by\u0107 prezesem za kilka lat, a nawet premierem w rz\u0105dzie PiS i Konfederacji \u2013 m\u00f3wi informator.<\/p>\n<h3><strong>Kancelaria zaczyna si\u0119 krystalizowa\u0107<\/strong><\/h3>\n<p>Obecnie \u2013 jak podaje dziennik \u2013 najwi\u0119ksze szanse na obj\u0119cie funkcji szefa Kancelarii Prezydenta ma Zbigniew Bogucki. Jego zast\u0119pc\u0105 mia\u0142by zosta\u0107 Adam Andruszkiewicz, natomiast funkcj\u0119 szefa gabinetu ma obj\u0105\u0107 Pawe\u0142 Szefernaker.<\/p>\n<p>Wcze\u015bniej Karol Nawrocki og\u0142osi\u0142 ju\u017c kilka kluczowych nominacji. Szefem Biura Bezpiecze\u0144stwa Narodowego zostanie S\u0142awomir Cenckiewicz, a jego zast\u0119pcami genera\u0142owie Andrzej Kowalski i Miros\u0142aw Bry\u015b. Rzecznikiem prasowym prezydenta-elekta zosta\u0142 Rafa\u0142 Le\u015bkiewicz.<\/p>\n<p style=\"text-align: right\"><em>Na podst. Polsat News<\/em><\/p>\n","protected":false},"excerpt":{"rendered":"<p>Przemys\u0142aw Czarnek najprawdopodobniej nie obejmie funkcji szefa Kancelarii Prezydenta w gabinecie Karola Nawrockiego. Jak wynika z jego w\u0142asnych s\u0142\u00f3w, prezydent elekt nie \u017cyczy sobie, by&hellip;<\/p>\n","protected":false},"author":3,"featured_media":2655,"comment_status":"open","ping_status":"open","sticky":false,"template":"","format":"standard","meta":{"footnotes":""},"categories":[14,18],"tags":[],"class_list":["post-2654","post","type-post","status-publish","format-standard","has-post-thumbnail","hentry","category-polska","category-top-news"],"_links":{"self":[{"href":"https:\/\/radiopoloniawinnipeg.com\/index.php\/wp-json\/wp\/v2\/posts\/2654","targetHints":{"allow":["GET"]}}],"collection":[{"href":"https:\/\/radiopoloniawinnipeg.com\/index.php\/wp-json\/wp\/v2\/posts"}],"about":[{"href":"https:\/\/radiopoloniawinnipeg.com\/index.php\/wp-json\/wp\/v2\/types\/post"}],"author":[{"embeddable":true,"href":"https:\/\/radiopoloniawinnipeg.com\/index.php\/wp-json\/wp\/v2\/users\/3"}],"replies":[{"embeddable":true,"href":"https:\/\/radiopoloniawinnipeg.com\/index.php\/wp-json\/wp\/v2\/comments?post=2654"}],"version-history":[{"count":0,"href":"https:\/\/radiopoloniawinnipeg.com\/index.php\/wp-json\/wp\/v2\/posts\/2654\/revisions"}],"wp:featuredmedia":[{"embeddable":true,"href":"https:\/\/radiopoloniawinnipeg.com\/index.php\/wp-json\/wp\/v2\/media\/2655"}],"wp:attachment":[{"href":"https:\/\/radiopoloniawinnipeg.com\/index.php\/wp-json\/wp\/v2\/media?parent=2654"}],"wp:term":[{"taxonomy":"category","embeddable":true,"href":"https:\/\/radiopoloniawinnipeg.com\/index.php\/wp-json\/wp\/v2\/categories?post=2654"},{"taxonomy":"post_tag","embeddable":true,"href":"https:\/\/radiopoloniawinnipeg.com\/index.php\/wp-json\/wp\/v2\/tags?post=2654"}],"curies":[{"name":"wp","href":"https:\/\/api.w.org\/{rel}","templated":true}]}}