{"id":2658,"date":"2025-07-16T14:15:06","date_gmt":"2025-07-16T18:15:06","guid":{"rendered":"https:\/\/radiopoloniawinnipeg.com\/index.php\/2025\/07\/16\/legitymacja-emeryta-rencisty-jeden-dokument-wiele-korzysci\/"},"modified":"2025-07-16T14:15:06","modified_gmt":"2025-07-16T18:15:06","slug":"legitymacja-emeryta-rencisty-jeden-dokument-wiele-korzysci","status":"publish","type":"post","link":"https:\/\/radiopoloniawinnipeg.com\/index.php\/2025\/07\/16\/legitymacja-emeryta-rencisty-jeden-dokument-wiele-korzysci\/","title":{"rendered":"Legitymacja emeryta-rencisty \u2013 jeden dokument, wiele korzy\u015bci"},"content":{"rendered":"<p><img decoding=\"async\" loading=\"lazy\" class=\"aligncenter size-custom-full-size wp-image-217836\" src=\"https:\/\/bejsment.com\/wp-content\/uploads\/2025\/07\/65e4ba9efad6b1-948-568-160-430-3733-2240-636x381.jpg\" alt=\"\" width=\"636\" height=\"381\" \/><\/p>\n<p><strong>Je\u015bli my\u015blisz o wyje\u017adzie na emerytur\u0119 do Polski poni\u017csza informacja mo\u017ce by\u0107 przydatna:<\/strong><\/p>\n<p>Od 1 stycznia 2023 r w Polsce zosta\u0142 wprowadzoany nowy dokument &#8211; Legitymacja emeryta-rencisty.\u00a0 Dokument ten znacz\u0105co u\u0142atwia \u017cycie osobom starszym i z niepe\u0142nosprawno\u015bciami. Umo\u017cliwia korzystanie z licznych zni\u017cek i ulg.<\/p>\n<h3><strong>Co daje legitymacja emeryta-rencisty?<\/strong><\/h3>\n<p>To dokument uprawniaj\u0105cy do szerokiego zakresu ulg, z kt\u00f3rych najbardziej popularne to: zni\u017cki na przejazdy komunikacj\u0105 miejsk\u0105 i kolej\u0105, a tak\u017ce ca\u0142kowite zwolnienie z op\u0142acania abonamentu RTV.<\/p>\n<p>Posiadacze legitymacji mog\u0105 r\u00f3wnie\u017c liczy\u0107 na preferencyjne warunki pobytu w sanatoriach i o\u015brodkach rehabilitacyjnych \u2014 ni\u017csze ceny za noclegi, wy\u017cywienie czy zabiegi. Dodatkowo dokument daje dost\u0119p do zni\u017cek w instytucjach kulturalnych, takich jak muzea, teatry i kina, zach\u0119caj\u0105c tym samym do uczestnictwa w \u017cyciu spo\u0142ecznym i kulturalnym.<\/p>\n<h3><strong>Dost\u0119p do leczenia i lek\u00f3w<\/strong><\/h3>\n<p>Legitymacja potwierdza prawo do \u015bwiadcze\u0144 zdrowotnych finansowanych przez Narodowy Fundusz Zdrowia, a tak\u017ce uprawnia do ta\u0144szego zakupu lek\u00f3w \u2014 ulg\u0119 t\u0119 mo\u017cna wykaza\u0107 w rocznym rozliczeniu podatkowym (PIT). Osoby posiadaj\u0105ce legitymacj\u0119 mog\u0105 r\u00f3wnie\u017c liczy\u0107 na korzystniejsze warunki przy zakupie ubezpiecze\u0144.<\/p>\n<p>Wielu sprzedawc\u00f3w detalicznych r\u00f3wnie\u017c respektuje ten dokument, oferuj\u0105c rabaty od 10% do nawet 50%. Informacje o takich zni\u017ckach mo\u017cna znale\u017a\u0107 na stronach internetowych poszczeg\u00f3lnych firm i instytucji.<\/p>\n<h3><strong>Kto mo\u017ce otrzyma\u0107 legitymacj\u0119?<\/strong><\/h3>\n<p>Do uzyskania legitymacji emeryta-rencisty uprawnione s\u0105 trzy grupy os\u00f3b:<\/p>\n<ul>\n<li>emeryci, kt\u00f3rzy uko\u0144czyli wymagany wiek i uzyskali prawo do \u015bwiadczenia emerytalnego,<\/li>\n<li>renci\u015bci, czyli osoby otrzymuj\u0105ce rent\u0119 z tytu\u0142u niezdolno\u015bci do pracy,<\/li>\n<li>nauczyciele, kt\u00f3rym przyznano nauczycielskie \u015bwiadczenie kompensacyjne.<\/li>\n<\/ul>\n<p>Dokument ten wspiera nie tylko oszcz\u0119dno\u015b\u0107, ale i aktywno\u015b\u0107 os\u00f3b starszych oraz z niepe\u0142nosprawno\u015bciami.<\/p>\n<h3><strong>Jak wyrobi\u0107 legitymacj\u0119?<\/strong><\/h3>\n<p>Aby otrzyma\u0107 legitymacj\u0119, nale\u017cy z\u0142o\u017cy\u0107 wniosek dost\u0119pny na stronie internetowej Zak\u0142adu Ubezpiecze\u0144 Spo\u0142ecznych (ZUS) lub w jego plac\u00f3wkach. Do wniosku trzeba do\u0142\u0105czy\u0107 dokument to\u017csamo\u015bci, decyzj\u0119 o przyznaniu \u015bwiadczenia (emerytury, renty lub innego uprawniaj\u0105cego dokumentu) oraz inne wymagane za\u0142\u0105czniki.<\/p>\n<p>Wniosek mo\u017cna z\u0142o\u017cy\u0107 osobi\u015bcie w ZUS-ie, za po\u015brednictwem pe\u0142nomocnika lub wys\u0142a\u0107 go poczt\u0105. Czas oczekiwania na wydanie dokumentu mo\u017ce si\u0119 r\u00f3\u017cni\u0107 w zale\u017cno\u015bci od lokalizacji i obci\u0105\u017cenia plac\u00f3wki.<\/p>\n<p>Od 2023 roku legitymacj\u0119 mo\u017cna otrzyma\u0107 w dw\u00f3ch wersjach: tradycyjnej plastikowej lub elektronicznej, dost\u0119pnej w aplikacji mObywatel.<\/p>\n","protected":false},"excerpt":{"rendered":"<p>Je\u015bli my\u015blisz o wyje\u017adzie na emerytur\u0119 do Polski poni\u017csza informacja mo\u017ce by\u0107 przydatna: Od 1 stycznia 2023 r w Polsce zosta\u0142 wprowadzoany nowy dokument &#8211;&hellip;<\/p>\n","protected":false},"author":3,"featured_media":2659,"comment_status":"open","ping_status":"open","sticky":false,"template":"","format":"standard","meta":{"footnotes":""},"categories":[14,18],"tags":[],"class_list":["post-2658","post","type-post","status-publish","format-standard","has-post-thumbnail","hentry","category-polska","category-top-news"],"_links":{"self":[{"href":"https:\/\/radiopoloniawinnipeg.com\/index.php\/wp-json\/wp\/v2\/posts\/2658","targetHints":{"allow":["GET"]}}],"collection":[{"href":"https:\/\/radiopoloniawinnipeg.com\/index.php\/wp-json\/wp\/v2\/posts"}],"about":[{"href":"https:\/\/radiopoloniawinnipeg.com\/index.php\/wp-json\/wp\/v2\/types\/post"}],"author":[{"embeddable":true,"href":"https:\/\/radiopoloniawinnipeg.com\/index.php\/wp-json\/wp\/v2\/users\/3"}],"replies":[{"embeddable":true,"href":"https:\/\/radiopoloniawinnipeg.com\/index.php\/wp-json\/wp\/v2\/comments?post=2658"}],"version-history":[{"count":0,"href":"https:\/\/radiopoloniawinnipeg.com\/index.php\/wp-json\/wp\/v2\/posts\/2658\/revisions"}],"wp:featuredmedia":[{"embeddable":true,"href":"https:\/\/radiopoloniawinnipeg.com\/index.php\/wp-json\/wp\/v2\/media\/2659"}],"wp:attachment":[{"href":"https:\/\/radiopoloniawinnipeg.com\/index.php\/wp-json\/wp\/v2\/media?parent=2658"}],"wp:term":[{"taxonomy":"category","embeddable":true,"href":"https:\/\/radiopoloniawinnipeg.com\/index.php\/wp-json\/wp\/v2\/categories?post=2658"},{"taxonomy":"post_tag","embeddable":true,"href":"https:\/\/radiopoloniawinnipeg.com\/index.php\/wp-json\/wp\/v2\/tags?post=2658"}],"curies":[{"name":"wp","href":"https:\/\/api.w.org\/{rel}","templated":true}]}}