{"id":2667,"date":"2025-07-16T18:15:06","date_gmt":"2025-07-16T22:15:06","guid":{"rendered":"https:\/\/radiopoloniawinnipeg.com\/index.php\/2025\/07\/16\/policji-brakuje-13-tysiecy-funkcjonariuszy\/"},"modified":"2025-07-16T18:15:06","modified_gmt":"2025-07-16T22:15:06","slug":"policji-brakuje-13-tysiecy-funkcjonariuszy","status":"publish","type":"post","link":"https:\/\/radiopoloniawinnipeg.com\/index.php\/2025\/07\/16\/policji-brakuje-13-tysiecy-funkcjonariuszy\/","title":{"rendered":"Policji brakuje 13 tysi\u0119cy funkcjonariuszy"},"content":{"rendered":"<p><img decoding=\"async\" loading=\"lazy\" class=\"aligncenter size-custom-full-size wp-image-217899\" src=\"https:\/\/bejsment.com\/wp-content\/uploads\/2025\/07\/aapolicja2-636x424.jpg\" alt=\"\" width=\"636\" height=\"424\" \/><\/p>\n<p><strong>Polska policja zmaga si\u0119 z powa\u017cnymi brakami kadrowymi. Jak informuje \u015brodowe wydanie \u201eDziennika Gazety Prawnej\u201d, w po\u0142owie 2025 roku w s\u0142u\u017cbie brakuje 13\u202f657 funkcjonariuszy. Mimo wprowadzenia nowych rozwi\u0105za\u0144 kadrowych, takich jak s\u0142u\u017cba kontraktowa dla emerytowanych policjant\u00f3w, efekty s\u0105 niewielkie. Tymczasem wojsko pozostaje bardziej atrakcyjne finansowo i organizacyjnie dla m\u0142odych ludzi.<\/strong><\/p>\n<p>1 stycznia 2025 r. wesz\u0142y w \u017cycie zmiany w ustawie o policji, uchwalone jeszcze jesieni\u0105 ubieg\u0142ego roku. Nowe przepisy umo\u017cliwiaj\u0105 powr\u00f3t do s\u0142u\u017cby na 3- lub 5-letni kontrakt emerytowanym policjantom \u2013 z wynagrodzeniem netto od 5900 do 6700 z\u0142, przy jednoczesnym zachowaniu pe\u0142nej emerytury.<\/p>\n<p>Jednak \u2013 jak wylicza Komenda G\u0142\u00f3wna Policji \u2013 z tej mo\u017cliwo\u015bci skorzysta\u0142o dot\u0105d zaledwie 124 by\u0142ych funkcjonariuszy.<\/p>\n<p>\u2013 Od pocz\u0105tku by\u0142o wiadomo, \u017ce najwa\u017cniejszym czynnikiem motywuj\u0105cym ludzi do pozostania w s\u0142u\u017cbie s\u0105 pieni\u0105dze. Lepiej utrzyma\u0107 obecnych policjant\u00f3w d\u0142u\u017cej, ni\u017c namawia\u0107 tych, kt\u00f3rzy ju\u017c zdj\u0119li mundur \u2013 m\u00f3wi S\u0142awomir Koniuszy z Zarz\u0105du G\u0142\u00f3wnego NSZZ Policjant\u00f3w.<\/p>\n<p>Zwi\u0105zkowcy podkre\u015blaj\u0105, \u017ce wiele odej\u015b\u0107 ze s\u0142u\u017cby spowodowanych jest jej trudnym charakterem i obci\u0105\u017ceniem psychicznym. Dodaj\u0105, \u017ce cz\u0119\u015b\u0107 emerytowanych funkcjonariuszy ch\u0119tnie by wr\u00f3ci\u0142a \u2013 ale tylko na wcze\u015bniejsze, dobrze znane stanowiska.<\/p>\n<h3><strong>Ch\u0119tnych nie brakuje, brakuje infrastruktury<\/strong><\/h3>\n<p>Pomimo powa\u017cnych brak\u00f3w kadrowych, zainteresowanie s\u0142u\u017cb\u0105 w policji nie spada. W 2024 roku ch\u0119\u0107 wst\u0105pienia do formacji wyrazi\u0142o ponad 22 tysi\u0105ce os\u00f3b. Dlaczego wi\u0119c nie trafili do s\u0142u\u017cby?<\/p>\n<p>\u2013 Mamy problem z baz\u0105 szkoleniow\u0105. Pracujemy nad tym, by szkoli\u0107 wi\u0119cej policjant\u00f3w, bo tego wymaga sytuacja \u2013 t\u0142umaczy\u0142 w kwietniu 2025 roku komendant g\u0142\u00f3wny Marek Boro\u0144. Jak podkre\u015bli\u0142, tylko w 2024 roku ze s\u0142u\u017cby odesz\u0142o a\u017c 17 tysi\u0119cy policjant\u00f3w. Aby nadrobi\u0107 zaleg\u0142o\u015bci, powstaj\u0105 nowe o\u015brodki szkoleniowe \u2013 jeden ju\u017c dzia\u0142a w Warszawie, kolejny w Lublinie, a trzeci planowany jest w Zielonej G\u00f3rze.<\/p>\n<h3><strong>Policja mniej atrakcyjna od wojska<\/strong><\/h3>\n<p>Cho\u0107 zasadnicze uposa\u017cenie w wojsku i policji jest zbli\u017cone, to armia wygrywa pod wzgl\u0119dem dodatk\u00f3w i \u015bwiadcze\u0144 socjalnych. R\u00f3\u017cnica w wynagrodzeniu na podobnych stanowiskach si\u0119ga nawet 1000 z\u0142 miesi\u0119cznie.<\/p>\n<p>\u2013 Wojsko bije nas na g\u0142ow\u0119, je\u015bli chodzi o pakiety socjalne i dodatki. Dla m\u0142odych ludzi to cz\u0119sto czynnik decyduj\u0105cy \u2013 ocenia Koniuszy.<\/p>\n<h3><strong>Pierwsze oznaki poprawy<\/strong><\/h3>\n<p>Mimo trudno\u015bci, w 2025 roku wida\u0107 delikatne symptomy poprawy. Do lipca przyj\u0119to do s\u0142u\u017cby ponad 3500 nowych funkcjonariuszy (w analogicznym okresie 2024 roku by\u0142o to 2600 os\u00f3b), a liczba odej\u015b\u0107 zmniejszy\u0142a si\u0119 niemal o po\u0142ow\u0119 \u2013 z 4900 w 2024 roku do 2700 obecnie.<\/p>\n<p>Zwi\u0105zkowcy podkre\u015blaj\u0105, \u017ce pozytywny trend to nie tylko kwestia lepszej organizacji, ale r\u00f3wnie\u017c efekt bardziej sprzyjaj\u0105cej policji atmosfery politycznej.<\/p>\n<p style=\"text-align: right\"><em>Na podst. DGP<\/em><\/p>\n","protected":false},"excerpt":{"rendered":"<p>Polska policja zmaga si\u0119 z powa\u017cnymi brakami kadrowymi. Jak informuje \u015brodowe wydanie \u201eDziennika Gazety Prawnej\u201d, w po\u0142owie 2025 roku w s\u0142u\u017cbie brakuje 13\u202f657 funkcjonariuszy. Mimo&hellip;<\/p>\n","protected":false},"author":3,"featured_media":2668,"comment_status":"open","ping_status":"open","sticky":false,"template":"","format":"standard","meta":{"footnotes":""},"categories":[14,18],"tags":[],"class_list":["post-2667","post","type-post","status-publish","format-standard","has-post-thumbnail","hentry","category-polska","category-top-news"],"_links":{"self":[{"href":"https:\/\/radiopoloniawinnipeg.com\/index.php\/wp-json\/wp\/v2\/posts\/2667","targetHints":{"allow":["GET"]}}],"collection":[{"href":"https:\/\/radiopoloniawinnipeg.com\/index.php\/wp-json\/wp\/v2\/posts"}],"about":[{"href":"https:\/\/radiopoloniawinnipeg.com\/index.php\/wp-json\/wp\/v2\/types\/post"}],"author":[{"embeddable":true,"href":"https:\/\/radiopoloniawinnipeg.com\/index.php\/wp-json\/wp\/v2\/users\/3"}],"replies":[{"embeddable":true,"href":"https:\/\/radiopoloniawinnipeg.com\/index.php\/wp-json\/wp\/v2\/comments?post=2667"}],"version-history":[{"count":0,"href":"https:\/\/radiopoloniawinnipeg.com\/index.php\/wp-json\/wp\/v2\/posts\/2667\/revisions"}],"wp:featuredmedia":[{"embeddable":true,"href":"https:\/\/radiopoloniawinnipeg.com\/index.php\/wp-json\/wp\/v2\/media\/2668"}],"wp:attachment":[{"href":"https:\/\/radiopoloniawinnipeg.com\/index.php\/wp-json\/wp\/v2\/media?parent=2667"}],"wp:term":[{"taxonomy":"category","embeddable":true,"href":"https:\/\/radiopoloniawinnipeg.com\/index.php\/wp-json\/wp\/v2\/categories?post=2667"},{"taxonomy":"post_tag","embeddable":true,"href":"https:\/\/radiopoloniawinnipeg.com\/index.php\/wp-json\/wp\/v2\/tags?post=2667"}],"curies":[{"name":"wp","href":"https:\/\/api.w.org\/{rel}","templated":true}]}}