{"id":2673,"date":"2025-07-17T07:30:07","date_gmt":"2025-07-17T11:30:07","guid":{"rendered":"https:\/\/radiopoloniawinnipeg.com\/index.php\/2025\/07\/17\/waloryzacja-emerytur-w-2026-roku-seniorzy-beda-zrozpaczeni\/"},"modified":"2025-07-17T07:30:07","modified_gmt":"2025-07-17T11:30:07","slug":"waloryzacja-emerytur-w-2026-roku-seniorzy-beda-zrozpaczeni","status":"publish","type":"post","link":"https:\/\/radiopoloniawinnipeg.com\/index.php\/2025\/07\/17\/waloryzacja-emerytur-w-2026-roku-seniorzy-beda-zrozpaczeni\/","title":{"rendered":"Waloryzacja emerytur w 2026 roku. Seniorzy b\u0119d\u0105 zrozpaczeni"},"content":{"rendered":"<p>&nbsp;<\/p>\n<p><strong><img decoding=\"async\" loading=\"lazy\" class=\"aligncenter size-custom-full-size wp-image-217980\" src=\"https:\/\/bejsment.com\/wp-content\/uploads\/2025\/07\/aaemerytura-636x478.jpg\" alt=\"\" width=\"636\" height=\"478\" \/>W przysz\u0142ym roku emerytury i renty mog\u0105 wzrosn\u0105\u0107 o co najmniej 4,9 proc. \u2013 taki wska\u017anik zaproponowa\u0142 rz\u0105d w projekcie rozporz\u0105dzenia dotycz\u0105cym waloryzacji \u015bwiadcze\u0144 na 2026 rok. Cho\u0107 to ustawowe minimum, decyzja w tej sprawie nie zosta\u0142a jeszcze ostatecznie zatwierdzona.<\/strong><\/p>\n<p>Negocjacje w ramach Rady Dialogu Spo\u0142ecznego, kt\u00f3ra zrzesza przedstawicieli rz\u0105du, pracodawc\u00f3w i zwi\u0105zk\u00f3w zawodowych, nie przynios\u0142y porozumienia. Zgodnie z przepisami, je\u015bli RDS nie wypracuje wsp\u00f3lnego stanowiska, ostateczny g\u0142os nale\u017cy do Rady Ministr\u00f3w.<\/p>\n<p>Rz\u0105dowa propozycja zak\u0142ada, \u017ce wska\u017anik waloryzacji b\u0119dzie r\u00f3wny 20 proc. realnego wzrostu przeci\u0119tnego wynagrodzenia w 2025 roku. Strona zwi\u0105zkowa postulowa\u0142a znacznie wi\u0119cej \u2013 a\u017c 50 proc. udzia\u0142u w realnym wzro\u015bcie p\u0142ac. Je\u017celi rz\u0105dowa wersja zostanie przyj\u0119ta, w\u00f3wczas najni\u017csza emerytura gwarantowana przez pa\u0144stwo wzro\u015bnie od 1 marca 2026 roku o 92,07 z\u0142 \u2013 z obecnych 1878,91 z\u0142 do 1970,98 z\u0142.<\/p>\n<p>Waloryzacja \u015bwiadcze\u0144 to proces corocznego podnoszenia emerytur i rent, maj\u0105cy na celu ochron\u0119 ich realnej warto\u015bci przed skutkami inflacji. Jej wysoko\u015b\u0107 zale\u017cy od poziomu cen i wzrostu p\u0142ac w poprzednim roku, zgodnie z danymi G\u0142\u00f3wnego Urz\u0119du Statystycznego. W Polsce waloryzacja odbywa si\u0119 corocznie 1 marca.<\/p>\n<p>W 2024 roku \u015bwiadczenia wzros\u0142y o 5,5 proc. Minimalna emerytura zwi\u0119kszy\u0142a si\u0119 wtedy z 1780,96 z\u0142 do 1878,83 z\u0142. Przyk\u0142adowo: emeryt otrzymuj\u0105cy dot\u0105d 1800 z\u0142, po waloryzacji otrzymuje 1899 z\u0142, a przy \u015bwiadczeniu w wysoko\u015bci 1900 z\u0142 \u2013 2004 z\u0142. Emerytura wynosz\u0105ca 2000 z\u0142 wzros\u0142a do 2110 z\u0142, a \u015bwiadczenie w wysoko\u015bci 2100 z\u0142 \u2013 do 2215 z\u0142. Osoby otrzymuj\u0105ce 5000 z\u0142 zyska\u0142y 275 z\u0142 wi\u0119cej miesi\u0119cznie.<\/p>\n","protected":false},"excerpt":{"rendered":"<p>&nbsp; W przysz\u0142ym roku emerytury i renty mog\u0105 wzrosn\u0105\u0107 o co najmniej 4,9 proc. \u2013 taki wska\u017anik zaproponowa\u0142 rz\u0105d w projekcie rozporz\u0105dzenia dotycz\u0105cym waloryzacji \u015bwiadcze\u0144&hellip;<\/p>\n","protected":false},"author":3,"featured_media":2674,"comment_status":"open","ping_status":"open","sticky":false,"template":"","format":"standard","meta":{"footnotes":""},"categories":[14,18],"tags":[],"class_list":["post-2673","post","type-post","status-publish","format-standard","has-post-thumbnail","hentry","category-polska","category-top-news"],"_links":{"self":[{"href":"https:\/\/radiopoloniawinnipeg.com\/index.php\/wp-json\/wp\/v2\/posts\/2673","targetHints":{"allow":["GET"]}}],"collection":[{"href":"https:\/\/radiopoloniawinnipeg.com\/index.php\/wp-json\/wp\/v2\/posts"}],"about":[{"href":"https:\/\/radiopoloniawinnipeg.com\/index.php\/wp-json\/wp\/v2\/types\/post"}],"author":[{"embeddable":true,"href":"https:\/\/radiopoloniawinnipeg.com\/index.php\/wp-json\/wp\/v2\/users\/3"}],"replies":[{"embeddable":true,"href":"https:\/\/radiopoloniawinnipeg.com\/index.php\/wp-json\/wp\/v2\/comments?post=2673"}],"version-history":[{"count":0,"href":"https:\/\/radiopoloniawinnipeg.com\/index.php\/wp-json\/wp\/v2\/posts\/2673\/revisions"}],"wp:featuredmedia":[{"embeddable":true,"href":"https:\/\/radiopoloniawinnipeg.com\/index.php\/wp-json\/wp\/v2\/media\/2674"}],"wp:attachment":[{"href":"https:\/\/radiopoloniawinnipeg.com\/index.php\/wp-json\/wp\/v2\/media?parent=2673"}],"wp:term":[{"taxonomy":"category","embeddable":true,"href":"https:\/\/radiopoloniawinnipeg.com\/index.php\/wp-json\/wp\/v2\/categories?post=2673"},{"taxonomy":"post_tag","embeddable":true,"href":"https:\/\/radiopoloniawinnipeg.com\/index.php\/wp-json\/wp\/v2\/tags?post=2673"}],"curies":[{"name":"wp","href":"https:\/\/api.w.org\/{rel}","templated":true}]}}