{"id":2679,"date":"2025-07-17T18:30:07","date_gmt":"2025-07-17T22:30:07","guid":{"rendered":"https:\/\/radiopoloniawinnipeg.com\/index.php\/2025\/07\/17\/bodnar-o-braunie-nie-bedzie-w-stanie-sie-pozbierac\/"},"modified":"2025-07-17T18:30:07","modified_gmt":"2025-07-17T22:30:07","slug":"bodnar-o-braunie-nie-bedzie-w-stanie-sie-pozbierac","status":"publish","type":"post","link":"https:\/\/radiopoloniawinnipeg.com\/index.php\/2025\/07\/17\/bodnar-o-braunie-nie-bedzie-w-stanie-sie-pozbierac\/","title":{"rendered":"Bodnar o Braunie: \u201eNie b\u0119dzie w stanie si\u0119 pozbiera\u0107&#8221;"},"content":{"rendered":"<div id=\"attachment_217995\" style=\"width: 646px\" class=\"wp-caption aligncenter\"><img decoding=\"async\" loading=\"lazy\" aria-describedby=\"caption-attachment-217995\" class=\"size-custom-full-size wp-image-217995\" src=\"https:\/\/bejsment.com\/wp-content\/uploads\/2025\/07\/aabraun-1-636x358.jpg\" alt=\"\" width=\"636\" height=\"358\" \/><\/p>\n<p id=\"caption-attachment-217995\" class=\"wp-caption-text\">Grzegorz Braun<\/p>\n<\/div>\n<p><strong>Minister sprawiedliwo\u015bci i prokurator generalny Adam Bodnar poinformowa\u0142, \u017ce podpisa\u0142 kolejny wniosek o uchylenie immunitetu europos\u0142a Grzegorza Brauna. \u2013 Poszed\u0142 trzeci wniosek do Parlamentu Europejskiego. A b\u0119dzie i czwarty, bo zosta\u0142o wszcz\u0119te \u015bledztwo w sprawie kwestionowania Holokaustu \u2013 powiedzia\u0142 Bodnar w programie \u201eFakty po Faktach\u201d w TVN24.<\/strong><\/p>\n<p>Jak przekaza\u0142, najnowszy wniosek dotyczy czterech czyn\u00f3w:<\/p>\n<ul>\n<li>zuchwa\u0142ej kradzie\u017cy flagi Ukrainy z Urz\u0119du Miasta w Bia\u0142ej Podlaskiej,<\/li>\n<li>zniszczenia wystawy po\u015bwi\u0119conej spo\u0142eczno\u015bci LGBT+ w holu g\u0142\u00f3wnym Sejmu,<\/li>\n<li>publicznego pom\u00f3wienia organizator\u00f3w akcji \u201e\u017bonkile\u201d, upami\u0119tniaj\u0105cej powstanie w getcie warszawskim,<\/li>\n<li>kradzie\u017cy flagi Unii Europejskiej z holu Ministerstwa Przemys\u0142u w Katowicach.<\/li>\n<\/ul>\n<p>Bodnar zapowiedzia\u0142, \u017ce jego celem jest doprowadzenie do postawienia Grzegorza Brauna przed s\u0105dem.<\/p>\n<p>\u2013 Mam nadziej\u0119, \u017ce nie ucieknie przed odpowiedzialno\u015bci\u0105. Wr\u0119cz przeciwnie \u2013 b\u0119dzie mia\u0142 tyle problem\u00f3w prawnych, \u017ce nie b\u0119dzie w stanie si\u0119 pozbiera\u0107 \u2013 stwierdzi\u0142.<\/p>\n<p>Minister poinformowa\u0142 r\u00f3wnie\u017c, \u017ce podpisa\u0142 wniosek o uchylenie immunitetu Romanowi Fritzowi, pos\u0142owi Konfederacji Korony Polskiej, kt\u00f3ry \u2013 jak wskazano \u2013 \u201ewsp\u00f3\u0142dzia\u0142a\u0142\u201d z Braunem przy kradzie\u017cy flagi UE.<\/p>\n<p>Grzegorz Braun straci\u0142 ju\u017c raz immunitet w maju, gdy Parlament Europejski przeg\u0142osowa\u0142 jego uchylenie w zwi\u0105zku z incydentem z grudnia 2023 r., gdy polityk przy pomocy ga\u015bnicy zgasi\u0142 \u015bwiece chanukowe w Sejmie. Wcze\u015bniej immunitet uchyli\u0142 mu tak\u017ce polski Sejm. Po zdobyciu mandatu europos\u0142a w czerwcu 2024 r. prokuratura ponowi\u0142a wnioski wobec Brauna do Parlamentu Europejskiego.<\/p>\n<p style=\"text-align: right\"><em>Na podst. Polsat News<\/em><\/p>\n","protected":false},"excerpt":{"rendered":"<p>Grzegorz Braun Minister sprawiedliwo\u015bci i prokurator generalny Adam Bodnar poinformowa\u0142, \u017ce podpisa\u0142 kolejny wniosek o uchylenie immunitetu europos\u0142a Grzegorza Brauna. \u2013 Poszed\u0142 trzeci wniosek do&hellip;<\/p>\n","protected":false},"author":3,"featured_media":2680,"comment_status":"open","ping_status":"open","sticky":false,"template":"","format":"standard","meta":{"footnotes":""},"categories":[14,18],"tags":[],"class_list":["post-2679","post","type-post","status-publish","format-standard","has-post-thumbnail","hentry","category-polska","category-top-news"],"_links":{"self":[{"href":"https:\/\/radiopoloniawinnipeg.com\/index.php\/wp-json\/wp\/v2\/posts\/2679","targetHints":{"allow":["GET"]}}],"collection":[{"href":"https:\/\/radiopoloniawinnipeg.com\/index.php\/wp-json\/wp\/v2\/posts"}],"about":[{"href":"https:\/\/radiopoloniawinnipeg.com\/index.php\/wp-json\/wp\/v2\/types\/post"}],"author":[{"embeddable":true,"href":"https:\/\/radiopoloniawinnipeg.com\/index.php\/wp-json\/wp\/v2\/users\/3"}],"replies":[{"embeddable":true,"href":"https:\/\/radiopoloniawinnipeg.com\/index.php\/wp-json\/wp\/v2\/comments?post=2679"}],"version-history":[{"count":0,"href":"https:\/\/radiopoloniawinnipeg.com\/index.php\/wp-json\/wp\/v2\/posts\/2679\/revisions"}],"wp:featuredmedia":[{"embeddable":true,"href":"https:\/\/radiopoloniawinnipeg.com\/index.php\/wp-json\/wp\/v2\/media\/2680"}],"wp:attachment":[{"href":"https:\/\/radiopoloniawinnipeg.com\/index.php\/wp-json\/wp\/v2\/media?parent=2679"}],"wp:term":[{"taxonomy":"category","embeddable":true,"href":"https:\/\/radiopoloniawinnipeg.com\/index.php\/wp-json\/wp\/v2\/categories?post=2679"},{"taxonomy":"post_tag","embeddable":true,"href":"https:\/\/radiopoloniawinnipeg.com\/index.php\/wp-json\/wp\/v2\/tags?post=2679"}],"curies":[{"name":"wp","href":"https:\/\/api.w.org\/{rel}","templated":true}]}}