{"id":2685,"date":"2025-07-18T07:30:08","date_gmt":"2025-07-18T11:30:08","guid":{"rendered":"https:\/\/radiopoloniawinnipeg.com\/index.php\/2025\/07\/18\/zandberg-po-spotkaniu-z-nawrockim-jestem-najnudniejszym-politykiem\/"},"modified":"2025-07-18T07:30:08","modified_gmt":"2025-07-18T11:30:08","slug":"zandberg-po-spotkaniu-z-nawrockim-jestem-najnudniejszym-politykiem","status":"publish","type":"post","link":"https:\/\/radiopoloniawinnipeg.com\/index.php\/2025\/07\/18\/zandberg-po-spotkaniu-z-nawrockim-jestem-najnudniejszym-politykiem\/","title":{"rendered":"Zandberg po spotkaniu z Nawrockim: \u201eJestem najnudniejszym politykiem\u201d"},"content":{"rendered":"<p><img decoding=\"async\" loading=\"lazy\" class=\"aligncenter size-custom-full-size wp-image-218068\" src=\"https:\/\/bejsment.com\/wp-content\/uploads\/2025\/07\/aazandberg-636x358.jpg\" alt=\"\" width=\"636\" height=\"358\" \/><\/p>\n<p><strong>Wsp\u00f3\u0142przewodnicz\u0105cy partii Razem Adrian Zandberg spotka\u0142 si\u0119 w pi\u0105tek z prezydentem elektem Karolem Nawrockim. Jak podkre\u015bli\u0142 po rozmowie, poruszono tematy wymagaj\u0105ce pilnych decyzji, zw\u0142aszcza w zakresie polityki spo\u0142ecznej i mieszkaniowej.<\/strong><\/p>\n<p>\u2013 Rozmawiali\u015bmy o sprawach, kt\u00f3re nie mog\u0105 czeka\u0107 \u2013 powiedzia\u0142 Zandberg, zaznaczaj\u0105c, \u017ce cho\u0107 dziel\u0105 ich z Nawrockim istotne r\u00f3\u017cnice, w niekt\u00f3rych kwestiach mo\u017cna znale\u017a\u0107 porozumienie.<\/p>\n<p>Jednym z g\u0142\u00f3wnych temat\u00f3w by\u0142a ustawa o asystencji osobistej dla os\u00f3b z niepe\u0142nosprawno\u015bciami.<\/p>\n<p>\u2013 Uczuli\u0142em pana prezydenta, jak wa\u017cna to sprawa. Jest porozumienie, \u017ce co\u015b trzeba z tym zrobi\u0107 \u2013 powiedzia\u0142 Zandberg. Doda\u0142, \u017ce chcia\u0142by, aby projekt przesta\u0142 \u201esi\u0119 \u015blimaczy\u0107\u201d i jak najszybciej wszed\u0142 w \u017cycie.<\/p>\n<p>\u2013 Jest mi oboj\u0119tne, czy stanie si\u0119 to z inicjatywy rz\u0105du, czy prezydenta. Ci ludzie po prostu czekaj\u0105 na pomoc \u2013 zaznaczy\u0142.<\/p>\n<p>Rozmowa dotyczy\u0142a r\u00f3wnie\u017c sytuacji na rynku mieszkaniowym. Zandberg wyrazi\u0142 obawy wobec propozycji wprowadzenia REIT-\u00f3w \u2013 funduszy inwestuj\u0105cych w nieruchomo\u015bci, kt\u00f3re jego zdaniem mog\u0142yby dodatkowo podbi\u0107 ceny mieszka\u0144. \u2013 Poprosi\u0142em prezydenta, by w przysz\u0142o\u015bci rozwa\u017cy\u0142 zawetowanie takiego rozwi\u0105zania \u2013 powiedzia\u0142 polityk.<\/p>\n<p>Zandberg odni\u00f3s\u0142 si\u0119 tak\u017ce krytycznie do dop\u0142at do kredyt\u00f3w mieszkaniowych, uznaj\u0105c je za nieefektywne. Ca\u0142o\u015b\u0107 spotkania, jak podsumowa\u0142, po\u015bwi\u0119cona by\u0142a \u201ebie\u017c\u0105cym wyzwaniom polityki spo\u0142ecznej i mieszkaniowej\u201d.<\/p>\n<p>Zapytany o ewentualne deklaracje prezydenta elekta, Zandberg odm\u00f3wi\u0142 wypowiadania si\u0119 w jego imieniu. Doda\u0142 z u\u015bmiechem, \u017ce sam nie ma problemu z przewidywalno\u015bci\u0105:<\/p>\n<p>\u2013 Jestem najnudniejszym z polityk\u00f3w. M\u00f3wi\u0119 to samo w telewizji, co na spotkaniach.<\/p>\n<p style=\"text-align: right\">Spotkanie odby\u0142o si\u0119 w Kancelarii Prezydenta przy ul. Wiejskiej w Warszawie, gdzie urz\u0119duje obecnie prezydent elekt i jego zesp\u00f3\u0142. Karol Nawrocki obejmie urz\u0105d 6 sierpnia.<\/p>\n<p style=\"text-align: right\"><em>Na podst. Polsat News<\/em><\/p>\n","protected":false},"excerpt":{"rendered":"<p>Wsp\u00f3\u0142przewodnicz\u0105cy partii Razem Adrian Zandberg spotka\u0142 si\u0119 w pi\u0105tek z prezydentem elektem Karolem Nawrockim. Jak podkre\u015bli\u0142 po rozmowie, poruszono tematy wymagaj\u0105ce pilnych decyzji, zw\u0142aszcza w&hellip;<\/p>\n","protected":false},"author":3,"featured_media":2686,"comment_status":"open","ping_status":"open","sticky":false,"template":"","format":"standard","meta":{"footnotes":""},"categories":[14,18],"tags":[],"class_list":["post-2685","post","type-post","status-publish","format-standard","has-post-thumbnail","hentry","category-polska","category-top-news"],"_links":{"self":[{"href":"https:\/\/radiopoloniawinnipeg.com\/index.php\/wp-json\/wp\/v2\/posts\/2685","targetHints":{"allow":["GET"]}}],"collection":[{"href":"https:\/\/radiopoloniawinnipeg.com\/index.php\/wp-json\/wp\/v2\/posts"}],"about":[{"href":"https:\/\/radiopoloniawinnipeg.com\/index.php\/wp-json\/wp\/v2\/types\/post"}],"author":[{"embeddable":true,"href":"https:\/\/radiopoloniawinnipeg.com\/index.php\/wp-json\/wp\/v2\/users\/3"}],"replies":[{"embeddable":true,"href":"https:\/\/radiopoloniawinnipeg.com\/index.php\/wp-json\/wp\/v2\/comments?post=2685"}],"version-history":[{"count":0,"href":"https:\/\/radiopoloniawinnipeg.com\/index.php\/wp-json\/wp\/v2\/posts\/2685\/revisions"}],"wp:featuredmedia":[{"embeddable":true,"href":"https:\/\/radiopoloniawinnipeg.com\/index.php\/wp-json\/wp\/v2\/media\/2686"}],"wp:attachment":[{"href":"https:\/\/radiopoloniawinnipeg.com\/index.php\/wp-json\/wp\/v2\/media?parent=2685"}],"wp:term":[{"taxonomy":"category","embeddable":true,"href":"https:\/\/radiopoloniawinnipeg.com\/index.php\/wp-json\/wp\/v2\/categories?post=2685"},{"taxonomy":"post_tag","embeddable":true,"href":"https:\/\/radiopoloniawinnipeg.com\/index.php\/wp-json\/wp\/v2\/tags?post=2685"}],"curies":[{"name":"wp","href":"https:\/\/api.w.org\/{rel}","templated":true}]}}