{"id":2693,"date":"2025-07-18T14:15:06","date_gmt":"2025-07-18T18:15:06","guid":{"rendered":"https:\/\/radiopoloniawinnipeg.com\/index.php\/2025\/07\/18\/morawiecki-wrocil-tusk-wrocilo-bezrobocie\/"},"modified":"2025-07-18T14:15:06","modified_gmt":"2025-07-18T18:15:06","slug":"morawiecki-wrocil-tusk-wrocilo-bezrobocie","status":"publish","type":"post","link":"https:\/\/radiopoloniawinnipeg.com\/index.php\/2025\/07\/18\/morawiecki-wrocil-tusk-wrocilo-bezrobocie\/","title":{"rendered":"Morawiecki: Wr\u00f3ci\u0142 Tusk, wr\u00f3ci\u0142o bezrobocie"},"content":{"rendered":"<p><a href=\"https:\/\/bejsment.com\/wp-content\/uploads\/2025\/07\/morrr.jpeg\"><img decoding=\"async\" loading=\"lazy\" class=\"aligncenter size-custom-full-size wp-image-218133\" src=\"https:\/\/bejsment.com\/wp-content\/uploads\/2025\/07\/morrr-636x268.jpeg\" alt=\"\" width=\"636\" height=\"268\" \/><\/a>By\u0142y premier Mateusz Morawiecki ostro skrytykowa\u0142 Donalda Tuska, wskazuj\u0105c na najnowsze statystyki dotycz\u0105ce rynku pracy w Polsce. W swoim komentarzu nawi\u0105za\u0142 do danych Eurostatu, m\u00f3wi\u0105c: \u201eTusk wr\u00f3ci\u0142, a z nim bezrobocie\u201d. G\u0142\u00f3wnym punktem jego wypowiedzi by\u0142 znaczny wzrost bezrobocia w\u015br\u00f3d m\u0142odych ludzi.<\/p>\n<p>\u2013 Odnotowujemy gwa\u0142towny wzrost liczby bezrobotnych w\u015br\u00f3d m\u0142odzie\u017cy \u2013 powiedzia\u0142 w pi\u0105tek Morawiecki, wiceprezes PiS. Wed\u0142ug niego sytuacja ta to bezpo\u015bredni skutek dzia\u0142a\u0144 obecnego rz\u0105du. Dane Eurostatu pokazuj\u0105, \u017ce w maju og\u00f3lny poziom bezrobocia w Polsce wyni\u00f3s\u0142 3,3 proc., natomiast w grupie os\u00f3b poni\u017cej 25. roku \u017cycia \u2013 a\u017c 13,5 proc., podczas gdy rok wcze\u015bniej by\u0142o to 10,6 proc.<\/p>\n<p>\u2013 Mamy do czynienia z niemal 30-procentowym wzrostem bezrobocia w tej grupie wiekowej, co stanowi najwy\u017cszy wzrost w ca\u0142ej Unii Europejskiej \u2013 stwierdzi\u0142 Morawiecki podczas konferencji prasowej. Doda\u0142, \u017ce za tymi liczbami kryj\u0105 si\u0119 dramaty ludzkie i realne problemy spo\u0142eczne, z kt\u00f3rymi obecny rz\u0105d powinien niezw\u0142ocznie si\u0119 zmierzy\u0107.<\/p>\n<p>Zdaniem by\u0142ego premiera wzrost bezrobocia w\u015br\u00f3d m\u0142odych nie wpisuje si\u0119 w og\u00f3lny trend w regionie \u2013 poda\u0142 przyk\u0142ad Litwy i S\u0142owacji, gdzie stopa bezrobocia w tej grupie wiekowej spada. Przypomnia\u0142 tak\u017ce rozwi\u0105zania wprowadzone za czas\u00f3w jego rz\u0105d\u00f3w, m.in. zwolnienie z podatku PIT dla os\u00f3b do 26. roku \u017cycia. Podkre\u015bli\u0142 potrzeb\u0119 wdra\u017cania nowych rozwi\u0105za\u0144, np. szkole\u0144 w zakresie wykorzystania sztucznej inteligencji. \u2013 Premier powinien je\u017adzi\u0107 do zak\u0142ad\u00f3w, gdzie dochodzi do masowych zwolnie\u0144, i przedstawia\u0107 konkretne propozycje \u2013 przekonywa\u0142.<\/p>\n<p>Morawiecki powt\u00f3rzy\u0142 swoj\u0105 tez\u0119: \u201eZ Tuskiem wr\u00f3ci\u0142o bezrobocie. To premier, kt\u00f3ry ju\u017c raz doprowadzi\u0142 do jego rozkwitu. Wtedy bez pracy by\u0142o ponad 2,3 miliona Polak\u00f3w\u201d. Doda\u0142 r\u00f3wnie\u017c, \u017ce sytuacj\u0119 pogarsza fatalny stan finans\u00f3w publicznych. \u2013 Deficyt bud\u017cetowy po pierwszym p\u00f3\u0142roczu to ju\u017c 120 miliard\u00f3w z\u0142otych. Eksperci twierdz\u0105, \u017ce zabraknie co najmniej 30 miliard\u00f3w z\u0142otych w dochodach pa\u0144stwa, co oznacza brak \u015brodk\u00f3w na walk\u0119 z bezrobociem \u2013 stwierdzi\u0142.<\/p>\n<p>Zgodnie z danymi Eurostatu opublikowanymi w lipcu, stopa bezrobocia w Polsce w maju, po uwzgl\u0119dnieniu zmian sezonowych, wynios\u0142a 3,3 proc., co plasuje kraj na trzecim miejscu w UE \u2013 za Malt\u0105 (2,7 proc.) i Czechami (2,8 proc.). Najwy\u017csze bezrobocie odnotowano w Hiszpanii \u2013 10,8 proc. W ca\u0142ej strefie euro stopa bezrobocia wynios\u0142a 6,3 proc., o 0,1 punktu proc. wi\u0119cej ni\u017c w kwietniu.<\/p>\n<p>Tymczasem szacunki Ministerstwa Rodziny, Pracy i Polityki Spo\u0142ecznej (liczone inn\u0105 metod\u0105) pokazuj\u0105, \u017ce na koniec czerwca 2025 roku bezrobocie rejestrowane w Polsce wynios\u0142o 5,1 proc., co oznacza wzrost o 0,1 pkt proc. w por\u00f3wnaniu do maja i o 0,2 pkt proc. wi\u0119cej ni\u017c w czerwcu 2024 roku.<\/p>\n","protected":false},"excerpt":{"rendered":"<p>By\u0142y premier Mateusz Morawiecki ostro skrytykowa\u0142 Donalda Tuska, wskazuj\u0105c na najnowsze statystyki dotycz\u0105ce rynku pracy w Polsce. W swoim komentarzu nawi\u0105za\u0142 do danych Eurostatu, m\u00f3wi\u0105c:&hellip;<\/p>\n","protected":false},"author":3,"featured_media":2694,"comment_status":"open","ping_status":"open","sticky":false,"template":"","format":"standard","meta":{"footnotes":""},"categories":[14,18],"tags":[],"class_list":["post-2693","post","type-post","status-publish","format-standard","has-post-thumbnail","hentry","category-polska","category-top-news"],"_links":{"self":[{"href":"https:\/\/radiopoloniawinnipeg.com\/index.php\/wp-json\/wp\/v2\/posts\/2693","targetHints":{"allow":["GET"]}}],"collection":[{"href":"https:\/\/radiopoloniawinnipeg.com\/index.php\/wp-json\/wp\/v2\/posts"}],"about":[{"href":"https:\/\/radiopoloniawinnipeg.com\/index.php\/wp-json\/wp\/v2\/types\/post"}],"author":[{"embeddable":true,"href":"https:\/\/radiopoloniawinnipeg.com\/index.php\/wp-json\/wp\/v2\/users\/3"}],"replies":[{"embeddable":true,"href":"https:\/\/radiopoloniawinnipeg.com\/index.php\/wp-json\/wp\/v2\/comments?post=2693"}],"version-history":[{"count":0,"href":"https:\/\/radiopoloniawinnipeg.com\/index.php\/wp-json\/wp\/v2\/posts\/2693\/revisions"}],"wp:featuredmedia":[{"embeddable":true,"href":"https:\/\/radiopoloniawinnipeg.com\/index.php\/wp-json\/wp\/v2\/media\/2694"}],"wp:attachment":[{"href":"https:\/\/radiopoloniawinnipeg.com\/index.php\/wp-json\/wp\/v2\/media?parent=2693"}],"wp:term":[{"taxonomy":"category","embeddable":true,"href":"https:\/\/radiopoloniawinnipeg.com\/index.php\/wp-json\/wp\/v2\/categories?post=2693"},{"taxonomy":"post_tag","embeddable":true,"href":"https:\/\/radiopoloniawinnipeg.com\/index.php\/wp-json\/wp\/v2\/tags?post=2693"}],"curies":[{"name":"wp","href":"https:\/\/api.w.org\/{rel}","templated":true}]}}