{"id":2703,"date":"2025-07-19T07:00:10","date_gmt":"2025-07-19T11:00:10","guid":{"rendered":"https:\/\/radiopoloniawinnipeg.com\/index.php\/2025\/07\/19\/bialorusi-grozi-glod\/"},"modified":"2025-07-19T07:00:10","modified_gmt":"2025-07-19T11:00:10","slug":"bialorusi-grozi-glod","status":"publish","type":"post","link":"https:\/\/radiopoloniawinnipeg.com\/index.php\/2025\/07\/19\/bialorusi-grozi-glod\/","title":{"rendered":"Bia\u0142orusi grozi g\u0142\u00f3d"},"content":{"rendered":"<div id=\"attachment_218157\" style=\"width: 646px\" class=\"wp-caption aligncenter\"><img loading=\"lazy\" decoding=\"async\" aria-describedby=\"caption-attachment-218157\" class=\"size-custom-full-size wp-image-218157\" src=\"https:\/\/bejsment.com\/wp-content\/uploads\/2025\/07\/aalukasdzenka-636x478.jpg\" alt=\"\" width=\"636\" height=\"478\" \/><p id=\"caption-attachment-218157\" class=\"wp-caption-text\">Aleksandr \u0141ukaszenka<\/p><\/div>\n<p><strong>Na Bia\u0142orusi narasta kryzys \u017cywno\u015bciowy. W Mi\u0144sku mo\u017ce zabrakn\u0105\u0107 chleba, a win\u0105 za trudn\u0105 sytuacj\u0119 Aleksandr \u0141ukaszenka obarcza rolnik\u00f3w, oskar\u017caj\u0105c ich o kradzie\u017ce i nieudolno\u015b\u0107.<\/strong><\/p>\n<p>Podczas spotkania z przedstawicielami s\u0142u\u017cb i resortu spraw wewn\u0119trznych bia\u0142oruski przyw\u00f3dca ostro skrytykowa\u0142 dyrektor\u00f3w ko\u0142choz\u00f3w i pracownik\u00f3w rolnych. \u2014 Kradn\u0105, co tylko mog\u0105. Nale\u017cy to powstrzyma\u0107 \u017celazn\u0105 r\u0119k\u0105. Dokr\u0119\u0107cie \u015brub\u0119 za pomoc\u0105 milicji i innych organ\u00f3w \u2014 m\u00f3wi\u0142 \u0141ukaszenka.<\/p>\n<p>Wed\u0142ug pa\u0144stwowych medi\u00f3w wiele gospodarstw nie przygotowa\u0142o odpowiednio maszyn rolniczych na czas \u017cniw. W co trzecim ze skontrolowanych ko\u0142choz\u00f3w kombajny maj\u0105 by\u0107 niesprawne, a magazyny \u2014 nieprzystosowane do sk\u0142adowania zbior\u00f3w. W niekt\u00f3rych przypadkach maszyny \u201eby\u0142y gotowe tylko na papierze\u201d.<\/p>\n<p>\u0141ukaszenka zapowiedzia\u0142 wzmo\u017cone kontrole oraz wykorzystanie s\u0142u\u017cb porz\u0105dkowych do przywr\u00f3cenia dyscypliny w sektorze rolnym. Zasugerowa\u0142 r\u00f3wnie\u017c mobilizacj\u0119 mieszka\u0144c\u00f3w miast do pomocy przy \u017cniwach. \u2014 Trzeba by\u0142o z nimi porozmawia\u0107 i ich zaanga\u017cowa\u0107, zmobilizowa\u0107 do \u017cniw, m\u00f3wi\u0105c po wojskowemu \u2014 stwierdzi\u0142.<\/p>\n<p>Bia\u0142oru\u015b od miesi\u0119cy zmaga si\u0119 z niedoborami podstawowych produkt\u00f3w spo\u017cywczych. Rosn\u0105 ceny ziemniak\u00f3w, zb\u00f3\u017c i pieczywa, a pa\u0144stwo zmuszone jest do importu \u017cywno\u015bci, tak\u017ce z kraj\u00f3w oficjalnie uznawanych za \u201enieprzyjazne\u201d.<\/p>\n<p>Na pocz\u0105tku maja \u0141ukaszenka przyzna\u0142, \u017ce Mi\u0144sk boryka si\u0119 z powa\u017cnymi brakami ziemniak\u00f3w, kt\u00f3re nasili\u0142y si\u0119 w lutym 2025 roku. Obarczy\u0142 win\u0105 krajowych producent\u00f3w, zarzucaj\u0105c im sprzeda\u017c towaru do Rosji, gdzie uzyskuj\u0105 znacznie wy\u017csze ceny. Cho\u0107 wcze\u015bniej niedobory t\u0142umaczono z\u0142\u0105 pogod\u0105, \u0141ukaszenka oskar\u017cy\u0142 \u201eokre\u015blone osoby\u201d o celowy sabota\u017c.<\/p>\n<p>W odpowiedzi na pog\u0142\u0119biaj\u0105cy si\u0119 kryzys poleci\u0142 zwi\u0119kszenie upraw na potrzeby rynku wewn\u0119trznego i eksportu, a tak\u017ce zezwoli\u0142 na import ziemniak\u00f3w z Unii Europejskiej, pocz\u0105wszy od 27 maja. Zaleci\u0142 r\u00f3wnie\u017c obywatelom ograniczenie ich spo\u017cycia do jednego\u2013dw\u00f3ch razy w tygodniu i jedzenie ziemniak\u00f3w w formie puree lub pieczonych.<\/p>\n<p style=\"text-align: right\"><em>Na podst. Polsat News<\/em><\/p>\n<p>This page imported from <a href=\"https:\/\/bejsment.com\/?p=218155\">Bejsment<\/a><\/p>\n","protected":false},"excerpt":{"rendered":"<p>Na Bia\u0142orusi narasta kryzys \u017cywno\u015bciowy. W Mi\u0144sku mo\u017ce zabrakn\u0105\u0107 chleba, a win\u0105 za trudn\u0105 sytuacj\u0119 Aleksandr \u0141ukaszenka obarcza rolnik\u00f3w, oskar\u017caj\u0105c ich o kradzie\u017ce i nieudolno\u015b\u0107.&hellip;<\/p>\n","protected":false},"author":3,"featured_media":2704,"comment_status":"open","ping_status":"open","sticky":false,"template":"","format":"standard","meta":{"footnotes":""},"categories":[15,18],"tags":[],"class_list":["post-2703","post","type-post","status-publish","format-standard","has-post-thumbnail","hentry","category-swiat","category-top-news"],"_links":{"self":[{"href":"https:\/\/radiopoloniawinnipeg.com\/index.php\/wp-json\/wp\/v2\/posts\/2703","targetHints":{"allow":["GET"]}}],"collection":[{"href":"https:\/\/radiopoloniawinnipeg.com\/index.php\/wp-json\/wp\/v2\/posts"}],"about":[{"href":"https:\/\/radiopoloniawinnipeg.com\/index.php\/wp-json\/wp\/v2\/types\/post"}],"author":[{"embeddable":true,"href":"https:\/\/radiopoloniawinnipeg.com\/index.php\/wp-json\/wp\/v2\/users\/3"}],"replies":[{"embeddable":true,"href":"https:\/\/radiopoloniawinnipeg.com\/index.php\/wp-json\/wp\/v2\/comments?post=2703"}],"version-history":[{"count":0,"href":"https:\/\/radiopoloniawinnipeg.com\/index.php\/wp-json\/wp\/v2\/posts\/2703\/revisions"}],"wp:featuredmedia":[{"embeddable":true,"href":"https:\/\/radiopoloniawinnipeg.com\/index.php\/wp-json\/wp\/v2\/media\/2704"}],"wp:attachment":[{"href":"https:\/\/radiopoloniawinnipeg.com\/index.php\/wp-json\/wp\/v2\/media?parent=2703"}],"wp:term":[{"taxonomy":"category","embeddable":true,"href":"https:\/\/radiopoloniawinnipeg.com\/index.php\/wp-json\/wp\/v2\/categories?post=2703"},{"taxonomy":"post_tag","embeddable":true,"href":"https:\/\/radiopoloniawinnipeg.com\/index.php\/wp-json\/wp\/v2\/tags?post=2703"}],"curies":[{"name":"wp","href":"https:\/\/api.w.org\/{rel}","templated":true}]}}