{"id":2717,"date":"2025-07-19T21:15:06","date_gmt":"2025-07-20T01:15:06","guid":{"rendered":"https:\/\/radiopoloniawinnipeg.com\/index.php\/2025\/07\/19\/tragedia-na-festiwalu-tomorrowland-nie-zyje-35-letnia-kanadyjka\/"},"modified":"2025-07-19T21:15:06","modified_gmt":"2025-07-20T01:15:06","slug":"tragedia-na-festiwalu-tomorrowland-nie-zyje-35-letnia-kanadyjka","status":"publish","type":"post","link":"https:\/\/radiopoloniawinnipeg.com\/index.php\/2025\/07\/19\/tragedia-na-festiwalu-tomorrowland-nie-zyje-35-letnia-kanadyjka\/","title":{"rendered":"Tragedia na festiwalu Tomorrowland. Nie \u017cyje 35-letnia Kanadyjka"},"content":{"rendered":"<p><img decoding=\"async\" loading=\"lazy\" class=\"aligncenter size-custom-full-size wp-image-218177\" src=\"https:\/\/bejsment.com\/wp-content\/uploads\/2025\/07\/aafestiwal2-636x357.jpg\" alt=\"\" width=\"636\" height=\"357\" \/><\/p>\n<p><strong>Festiwal Tomorrowland w Belgii zosta\u0142 w tym roku naznaczony tragicznymi wydarzeniami. W pi\u0105tek, podczas koncertu w miejscowo\u015bci Boom pod Antwerpi\u0105, zmar\u0142a 35-letnia uczestniczka wydarzenia. Kobieta przyby\u0142a na festiwal z Kanady.<\/strong><\/p>\n<p>Do dramatycznego zdarzenia dosz\u0142o podczas jednego z wieczornych wyst\u0119p\u00f3w. Kobieta \u017ale si\u0119 poczu\u0142a i by\u0142a reanimowana przez 45 minut. Nast\u0119pnie zosta\u0142a przewieziona do szpitala, gdzie niestety zmar\u0142a. Informacj\u0119 o \u015bmierci potwierdzi\u0142a brytyjska stacja BBC, a prokuratura w Antwerpii wszcz\u0119\u0142a \u015bledztwo w celu ustalenia dok\u0142adnych okoliczno\u015bci zgonu.<\/p>\n<p>Wed\u0142ug niemieckiego dziennika \u201eBild\u201d, \u015bmier\u0107 kobiety mo\u017ce mie\u0107 zwi\u0105zek z za\u017cyciem narkotyk\u00f3w. Gazeta zwr\u00f3ci\u0142a r\u00f3wnie\u017c uwag\u0119, \u017ce w tym roku na festiwalu nie pojawi\u0142y si\u0119 wyspecjalizowane jednostki antynarkotykowe z Antwerpii, co budzi kontrowersje i pytania o bezpiecze\u0144stwo uczestnik\u00f3w.<\/p>\n<p>\u2013 Nasze my\u015bli s\u0105 z rodzin\u0105 i bliskimi zmar\u0142ej \u2013 przekaza\u0142a Debby Wilmens, rzeczniczka prasowa festiwalu, w rozmowie z \u201eBildem\u201d. Organizatorzy podkre\u015blaj\u0105, \u017ce wsp\u00f3\u0142pracuj\u0105 ze s\u0142u\u017cbami, aby jak najszybciej wyja\u015bni\u0107 spraw\u0119.<\/p>\n<p>To niejedyna dramatyczna sytuacja, do kt\u00f3rej dosz\u0142o podczas tegorocznej edycji wydarzenia. W \u015brod\u0119 na terenie festiwalu wybuch\u0142 po\u017car. Ogie\u0144 obj\u0105\u0142 g\u0142\u00f3wn\u0105 scen\u0119, powoduj\u0105c powa\u017cne straty materialne.<\/p>\n<p>\u2013 Nagle us\u0142yszeli\u015bmy huk i zobaczyli\u015bmy ogie\u0144 w pobli\u017cu sceny, ogromny ogie\u0144 \u2013 relacjonowa\u0142 \u015bwiadek zdarzenia na \u0142amach belgijskiego dziennika \u201eHet Nieuwsblad\u201d. W mediach spo\u0142eczno\u015bciowych opublikowano nagrania, na kt\u00f3rych wida\u0107 k\u0142\u0119by szarego dymu unosz\u0105ce si\u0119 nad konstrukcj\u0105 sceniczn\u0105.<\/p>\n<p>Wed\u0142ug doniesie\u0144 jeden z pracownik\u00f3w obecnych na miejscu okre\u015bli\u0142 sytuacj\u0119 jako \u201eapokaliptyczn\u0105\u201d. Mimo grozy i chaosu nikt nie odni\u00f3s\u0142 obra\u017ce\u0144.<\/p>\n<p>Przyczyna po\u017caru nie zosta\u0142a jeszcze ustalona, cho\u0107 podejrzewa si\u0119, \u017ce mog\u0142o doj\u015b\u0107 do awarii jednej z instalacji pirotechnicznych wykorzystywanych w czasie pokaz\u00f3w \u015bwietlnych. Straty s\u0105 ogromne \u2013 spalone ekrany by\u0142y warte oko\u0142o 10 milion\u00f3w euro.<\/p>\n<p>Tomorrowland to jeden z najwi\u0119kszych i najbardziej znanych festiwali muzyki elektronicznej na \u015bwiecie. Ka\u017cdego roku przyci\u0105ga setki tysi\u0119cy uczestnik\u00f3w z r\u00f3\u017cnych kraj\u00f3w. Bilety wyprzedaj\u0105 si\u0119 w kilka minut, a na scenie wyst\u0119puj\u0105 najwi\u0119ksze gwiazdy gatunku.<\/p>\n<p style=\"text-align: right\"><em>Na podst. Canadian Press i Bild<\/em><\/p>\n","protected":false},"excerpt":{"rendered":"<p>Festiwal Tomorrowland w Belgii zosta\u0142 w tym roku naznaczony tragicznymi wydarzeniami. W pi\u0105tek, podczas koncertu w miejscowo\u015bci Boom pod Antwerpi\u0105, zmar\u0142a 35-letnia uczestniczka wydarzenia. Kobieta&hellip;<\/p>\n","protected":false},"author":3,"featured_media":2718,"comment_status":"open","ping_status":"open","sticky":false,"template":"","format":"standard","meta":{"footnotes":""},"categories":[15,18],"tags":[],"class_list":["post-2717","post","type-post","status-publish","format-standard","has-post-thumbnail","hentry","category-swiat","category-top-news"],"_links":{"self":[{"href":"https:\/\/radiopoloniawinnipeg.com\/index.php\/wp-json\/wp\/v2\/posts\/2717","targetHints":{"allow":["GET"]}}],"collection":[{"href":"https:\/\/radiopoloniawinnipeg.com\/index.php\/wp-json\/wp\/v2\/posts"}],"about":[{"href":"https:\/\/radiopoloniawinnipeg.com\/index.php\/wp-json\/wp\/v2\/types\/post"}],"author":[{"embeddable":true,"href":"https:\/\/radiopoloniawinnipeg.com\/index.php\/wp-json\/wp\/v2\/users\/3"}],"replies":[{"embeddable":true,"href":"https:\/\/radiopoloniawinnipeg.com\/index.php\/wp-json\/wp\/v2\/comments?post=2717"}],"version-history":[{"count":0,"href":"https:\/\/radiopoloniawinnipeg.com\/index.php\/wp-json\/wp\/v2\/posts\/2717\/revisions"}],"wp:featuredmedia":[{"embeddable":true,"href":"https:\/\/radiopoloniawinnipeg.com\/index.php\/wp-json\/wp\/v2\/media\/2718"}],"wp:attachment":[{"href":"https:\/\/radiopoloniawinnipeg.com\/index.php\/wp-json\/wp\/v2\/media?parent=2717"}],"wp:term":[{"taxonomy":"category","embeddable":true,"href":"https:\/\/radiopoloniawinnipeg.com\/index.php\/wp-json\/wp\/v2\/categories?post=2717"},{"taxonomy":"post_tag","embeddable":true,"href":"https:\/\/radiopoloniawinnipeg.com\/index.php\/wp-json\/wp\/v2\/tags?post=2717"}],"curies":[{"name":"wp","href":"https:\/\/api.w.org\/{rel}","templated":true}]}}