{"id":2735,"date":"2025-07-20T18:30:05","date_gmt":"2025-07-20T22:30:05","guid":{"rendered":"https:\/\/radiopoloniawinnipeg.com\/index.php\/2025\/07\/20\/pierwszy-od-wielu-lat-przypadek-cholery-w-polsce\/"},"modified":"2025-07-20T18:30:05","modified_gmt":"2025-07-20T22:30:05","slug":"pierwszy-od-wielu-lat-przypadek-cholery-w-polsce","status":"publish","type":"post","link":"https:\/\/radiopoloniawinnipeg.com\/index.php\/2025\/07\/20\/pierwszy-od-wielu-lat-przypadek-cholery-w-polsce\/","title":{"rendered":"Pierwszy od wielu lat przypadek cholery w Polsce"},"content":{"rendered":"<p><img decoding=\"async\" loading=\"lazy\" class=\"aligncenter size-custom-full-size wp-image-218244\" src=\"https:\/\/bejsment.com\/wp-content\/uploads\/2025\/07\/aacholera-636x358.jpg\" alt=\"\" width=\"636\" height=\"358\" \/><\/p>\n<p><strong>G\u0142\u00f3wny inspektor sanitarny, dr Pawe\u0142 Grzesiowski, potwierdzi\u0142 wykrycie przypadku cholery u pacjentki przewiezionej ze szpitala w Stargardzie do plac\u00f3wki zaka\u017anej w Szczecinie. To pierwszy taki przypadek w Polsce od wielu lat. Zaka\u017cenie potwierdzi\u0142y dwa niezale\u017cne laboratoria.<\/strong><\/p>\n<p>\u2013 To dla nas du\u017ce zaskoczenie, poniewa\u017c od bardzo dawna nie odnotowywali\u015bmy cholery w kraju \u2013 przyzna\u0142 dr Grzesiowski. Podkre\u015bli\u0142, \u017ce pacjentka nie wyje\u017cd\u017ca\u0142a za granic\u0119, dlatego obecnie trwaj\u0105 intensywne dzia\u0142ania, by ustali\u0107 \u017ar\u00f3d\u0142o zaka\u017cenia.<\/p>\n<p>\u2013 Pobieramy liczne pr\u00f3bki ze \u015brodowiska, dochodzenie epidemiologiczne jest w toku. Wsp\u00f3\u0142pracujemy z konsultantem krajowym w dziedzinie chor\u00f3b zaka\u017anych ze Szczecina \u2013 poinformowa\u0142 szef GIS.<\/p>\n<p>Wcze\u015bniej o sprawie informowa\u0142 lokalny portal Stargard.News. Wed\u0142ug jego doniesie\u0144 chora kobieta przebywa\u0142a na oddziale wewn\u0119trznym stargardzkiego szpitala. W zwi\u0105zku z potwierdzeniem zaka\u017cenia, wprowadzono ca\u0142kowity zakaz odwiedzin na oddziale oraz pi\u0119ciodniow\u0105 kwarantann\u0119 dla os\u00f3b maj\u0105cych kontakt z pacjentk\u0105. Sanepid zarz\u0105dzi\u0142 r\u00f3wnie\u017c pe\u0142n\u0105 dezynfekcj\u0119 oddzia\u0142u.<\/p>\n<p>Cholera to ostra, zaka\u017ana choroba przewodu pokarmowego, wywo\u0142ywana przez bakterie <em>Vibrio cholerae<\/em>. Do zaka\u017cenia dochodzi zwykle na skutek spo\u017cycia ska\u017conej wody lub jedzenia. Typowe objawy to intensywna biegunka i wymioty, zazwyczaj bez gor\u0105czki czy b\u00f3lu brzucha. W skrajnych przypadkach choroba mo\u017ce prowadzi\u0107 do odwodnienia i stanowi\u0107 zagro\u017cenie dla \u017cycia, zw\u0142aszcza u os\u00f3b starszych lub z obni\u017con\u0105 odporno\u015bci\u0105.<\/p>\n<p style=\"text-align: right\"><em>Na podst. Polsat News<\/em><\/p>\n","protected":false},"excerpt":{"rendered":"<p>G\u0142\u00f3wny inspektor sanitarny, dr Pawe\u0142 Grzesiowski, potwierdzi\u0142 wykrycie przypadku cholery u pacjentki przewiezionej ze szpitala w Stargardzie do plac\u00f3wki zaka\u017anej w Szczecinie. To pierwszy taki&hellip;<\/p>\n","protected":false},"author":3,"featured_media":2736,"comment_status":"open","ping_status":"open","sticky":false,"template":"","format":"standard","meta":{"footnotes":""},"categories":[14,18],"tags":[],"class_list":["post-2735","post","type-post","status-publish","format-standard","has-post-thumbnail","hentry","category-polska","category-top-news"],"_links":{"self":[{"href":"https:\/\/radiopoloniawinnipeg.com\/index.php\/wp-json\/wp\/v2\/posts\/2735","targetHints":{"allow":["GET"]}}],"collection":[{"href":"https:\/\/radiopoloniawinnipeg.com\/index.php\/wp-json\/wp\/v2\/posts"}],"about":[{"href":"https:\/\/radiopoloniawinnipeg.com\/index.php\/wp-json\/wp\/v2\/types\/post"}],"author":[{"embeddable":true,"href":"https:\/\/radiopoloniawinnipeg.com\/index.php\/wp-json\/wp\/v2\/users\/3"}],"replies":[{"embeddable":true,"href":"https:\/\/radiopoloniawinnipeg.com\/index.php\/wp-json\/wp\/v2\/comments?post=2735"}],"version-history":[{"count":0,"href":"https:\/\/radiopoloniawinnipeg.com\/index.php\/wp-json\/wp\/v2\/posts\/2735\/revisions"}],"wp:featuredmedia":[{"embeddable":true,"href":"https:\/\/radiopoloniawinnipeg.com\/index.php\/wp-json\/wp\/v2\/media\/2736"}],"wp:attachment":[{"href":"https:\/\/radiopoloniawinnipeg.com\/index.php\/wp-json\/wp\/v2\/media?parent=2735"}],"wp:term":[{"taxonomy":"category","embeddable":true,"href":"https:\/\/radiopoloniawinnipeg.com\/index.php\/wp-json\/wp\/v2\/categories?post=2735"},{"taxonomy":"post_tag","embeddable":true,"href":"https:\/\/radiopoloniawinnipeg.com\/index.php\/wp-json\/wp\/v2\/tags?post=2735"}],"curies":[{"name":"wp","href":"https:\/\/api.w.org\/{rel}","templated":true}]}}