{"id":2737,"date":"2025-07-20T19:30:06","date_gmt":"2025-07-20T23:30:06","guid":{"rendered":"https:\/\/radiopoloniawinnipeg.com\/index.php\/2025\/07\/20\/projektantka-z-montrealu-w-amerykanskim-areszcie-imigracyjnym\/"},"modified":"2025-07-20T19:30:06","modified_gmt":"2025-07-20T23:30:06","slug":"projektantka-z-montrealu-w-amerykanskim-areszcie-imigracyjnym","status":"publish","type":"post","link":"https:\/\/radiopoloniawinnipeg.com\/index.php\/2025\/07\/20\/projektantka-z-montrealu-w-amerykanskim-areszcie-imigracyjnym\/","title":{"rendered":"Projektantka z Montrealu w ameryka\u0144skim areszcie imigracyjnym"},"content":{"rendered":"<div id=\"attachment_218239\" style=\"width: 646px\" class=\"wp-caption aligncenter\"><img decoding=\"async\" loading=\"lazy\" aria-describedby=\"caption-attachment-218239\" class=\"size-custom-full-size wp-image-218239\" src=\"https:\/\/bejsment.com\/wp-content\/uploads\/2025\/07\/aapaula2-636x848.jpg\" alt=\"\" width=\"636\" height=\"848\" \/><\/p>\n<p id=\"caption-attachment-218239\" class=\"wp-caption-text\">Paula Callejas<\/p>\n<\/div>\n<p><strong>Paula Callejas, 45-letnia projektantka mody z Montrealu, zosta\u0142a zatrzymana przez ameryka\u0144ski Urz\u0105d Imigracyjny i Celny (ICE) na Florydzie, gdzie pr\u00f3bowa\u0142a rozwin\u0105\u0107 mark\u0119 kostium\u00f3w k\u0105pielowych. Zamiast \u015bwi\u0119towa\u0107 kolekcj\u0119, rodzina zmaga si\u0119 dzi\u015b z traum\u0105 i prawnymi kosztami.<\/strong><\/p>\n<p>Callejas przyjecha\u0142a do Stan\u00f3w Zjednoczonych na podstawie wizy nieimigracyjnej dla os\u00f3b posiadaj\u0105cych wyj\u0105tkowe umiej\u0119tno\u015bci. Jej matka, Maria Estella Cano, twierdzi, \u017ce c\u00f3rka legalnie przebywa\u0142a w kraju i przed wyga\u015bni\u0119ciem wizy w marcu z\u0142o\u017cy\u0142a wniosek o jej przed\u0142u\u017cenie. Ten jednak zosta\u0142 odrzucony z powodu&#8230; koloru atramentu u\u017cytego do podpisu. Callejas ponowi\u0142a wniosek, wierz\u0105c, \u017ce problem zosta\u0142 rozwi\u0105zany.<\/p>\n<p>28 marca zosta\u0142a aresztowana po incydencie z by\u0142ym partnerem, w zwi\u0105zku z kt\u00f3rym \u2013 jak twierdzi rodzina \u2013 dzia\u0142a\u0142a w obronie w\u0142asnej. Po wp\u0142aceniu kaucji natychmiast zosta\u0142a przej\u0119ta przez ICE. Jak poinformowano, naruszy\u0142a warunki wjazdu i pozostanie w areszcie do czasu zako\u0144czenia post\u0119powania imigracyjnego.<\/p>\n<p>\u2014 By\u0142a silna, ale teraz codziennie p\u0142acze. M\u00f3wi, \u017ce ju\u017c nie daje rady \u2014 powiedzia\u0142a Cano. Rodzina przyznaje, \u017ce zatrzymanie c\u00f3rki to dla nich koszmar. Ich sytuacja finansowa jest trudna: Callejas zosta\u0142a przeniesiona do co najmniej trzech o\u015brodk\u00f3w, a op\u0142acenie us\u0142ug prawnik\u00f3w poch\u0142on\u0119\u0142o tysi\u0105ce dolar\u00f3w.<\/p>\n<p>Zatrzymanie Callejas wpisuje si\u0119 w szerszy trend zaostrzenia polityki imigracyjnej przez administracj\u0119 prezydenta Donalda Trumpa, kt\u00f3ry po powrocie do Bia\u0142ego Domu zapowiedzia\u0142 bezwzgl\u0119dn\u0105 walk\u0119 z nielegaln\u0105 imigracj\u0105. ICE prowadzi obecnie wzmo\u017cone dzia\u0142ania \u2013 naloty na restauracje, gospodarstwa rolne, a tak\u017ce zatrzymania imigrant\u00f3w w oparciu o formalne nieprawid\u0142owo\u015bci w dokumentach.<\/p>\n<p>Rodzina podkre\u015bla, \u017ce Callejas przez lata budowa\u0142a mark\u0119 odzie\u017cow\u0105, wyst\u0119powa\u0142a na pokazach mody na Florydzie i w ubieg\u0142ym roku zosta\u0142a zaproszona do udzia\u0142u w presti\u017cowym Miami Swim Week. Po \u015bmierci ojca w 2020 roku, kt\u00f3rym opiekowa\u0142a si\u0119 w Kanadzie, podj\u0119\u0142a pr\u00f3b\u0119 odbudowy biznesu.<\/p>\n<p>Kolejna rozprawa w sprawie karnej odb\u0119dzie si\u0119 w poniedzia\u0142ek. Rodzina liczy, \u017ce po jej zako\u0144czeniu Callejas b\u0119dzie mog\u0142a dobrowolnie opu\u015bci\u0107 USA i doko\u0144czy\u0107 proces wizowy z Kanady. \u2014 Chcemy tylko, by mia\u0142a uczciw\u0105 szans\u0119 na obron\u0119 \u2014 m\u00f3wi Cano.<\/p>\n<p>Kanadyjskie Ministerstwo Spraw Zagranicznych, powo\u0142uj\u0105c si\u0119 na ochron\u0119 prywatno\u015bci, odm\u00f3wi\u0142o komentarza w sprawie Callejas. Potwierdzono natomiast, \u017ce na dzie\u0144 27 czerwca ICE zatrzyma\u0142a oko\u0142o 55 obywateli Kanady. Liczba ta utrzymuje si\u0119 na stabilnym poziomie, cho\u0107 sprawy stale si\u0119 zmieniaj\u0105.<\/p>\n<p>Tymczasem w czerwcu w jednym z o\u015brodk\u00f3w ICE na Florydzie zmar\u0142 49-letni Kanadyjczyk Johnny Noviello. Oczekiwa\u0142 na deportacj\u0119 po tym, jak zosta\u0142 skazany za handel narkotykami. Sprawa wywo\u0142a\u0142a zaniepokojenie kanadyjskiego rz\u0105du. Minister Anita Anand zapowiedzia\u0142a w\u00f3wczas, \u017ce Ottawa \u201epilnie domaga si\u0119 wyja\u015bnie\u0144\u201d.<\/p>\n<p style=\"text-align: right\"><em>Na podst. Canadian Press<\/em><\/p>\n","protected":false},"excerpt":{"rendered":"<p>Paula Callejas Paula Callejas, 45-letnia projektantka mody z Montrealu, zosta\u0142a zatrzymana przez ameryka\u0144ski Urz\u0105d Imigracyjny i Celny (ICE) na Florydzie, gdzie pr\u00f3bowa\u0142a rozwin\u0105\u0107 mark\u0119 kostium\u00f3w&hellip;<\/p>\n","protected":false},"author":3,"featured_media":2738,"comment_status":"open","ping_status":"open","sticky":false,"template":"","format":"standard","meta":{"footnotes":""},"categories":[12,18],"tags":[],"class_list":["post-2737","post","type-post","status-publish","format-standard","has-post-thumbnail","hentry","category-kanada","category-top-news"],"_links":{"self":[{"href":"https:\/\/radiopoloniawinnipeg.com\/index.php\/wp-json\/wp\/v2\/posts\/2737","targetHints":{"allow":["GET"]}}],"collection":[{"href":"https:\/\/radiopoloniawinnipeg.com\/index.php\/wp-json\/wp\/v2\/posts"}],"about":[{"href":"https:\/\/radiopoloniawinnipeg.com\/index.php\/wp-json\/wp\/v2\/types\/post"}],"author":[{"embeddable":true,"href":"https:\/\/radiopoloniawinnipeg.com\/index.php\/wp-json\/wp\/v2\/users\/3"}],"replies":[{"embeddable":true,"href":"https:\/\/radiopoloniawinnipeg.com\/index.php\/wp-json\/wp\/v2\/comments?post=2737"}],"version-history":[{"count":0,"href":"https:\/\/radiopoloniawinnipeg.com\/index.php\/wp-json\/wp\/v2\/posts\/2737\/revisions"}],"wp:featuredmedia":[{"embeddable":true,"href":"https:\/\/radiopoloniawinnipeg.com\/index.php\/wp-json\/wp\/v2\/media\/2738"}],"wp:attachment":[{"href":"https:\/\/radiopoloniawinnipeg.com\/index.php\/wp-json\/wp\/v2\/media?parent=2737"}],"wp:term":[{"taxonomy":"category","embeddable":true,"href":"https:\/\/radiopoloniawinnipeg.com\/index.php\/wp-json\/wp\/v2\/categories?post=2737"},{"taxonomy":"post_tag","embeddable":true,"href":"https:\/\/radiopoloniawinnipeg.com\/index.php\/wp-json\/wp\/v2\/tags?post=2737"}],"curies":[{"name":"wp","href":"https:\/\/api.w.org\/{rel}","templated":true}]}}