{"id":2739,"date":"2025-07-21T07:30:07","date_gmt":"2025-07-21T11:30:07","guid":{"rendered":"https:\/\/radiopoloniawinnipeg.com\/index.php\/2025\/07\/21\/rzecznik-rzadu-straszy-obroncow-granic\/"},"modified":"2025-07-21T07:30:07","modified_gmt":"2025-07-21T11:30:07","slug":"rzecznik-rzadu-straszy-obroncow-granic","status":"publish","type":"post","link":"https:\/\/radiopoloniawinnipeg.com\/index.php\/2025\/07\/21\/rzecznik-rzadu-straszy-obroncow-granic\/","title":{"rendered":"Rzecznik rz\u0105du straszy Obro\u0144c\u00f3w Granic"},"content":{"rendered":"<div id=\"attachment_218298\" style=\"width: 646px\" class=\"wp-caption aligncenter\"><img decoding=\"async\" loading=\"lazy\" aria-describedby=\"caption-attachment-218298\" class=\"size-custom-full-size wp-image-218298\" src=\"https:\/\/bejsment.com\/wp-content\/uploads\/2025\/07\/aaszlapka-636x358.jpg\" alt=\"\" width=\"636\" height=\"358\" \/><\/p>\n<p id=\"caption-attachment-218298\" class=\"wp-caption-text\">Adam Sz\u0142apka<\/p>\n<\/div>\n<p><strong>Adam Sz\u0142apka ostro skomentowa\u0142 sobotnie marsze \u015brodowisk prawicowych, kt\u00f3re odby\u0142y si\u0119 w wielu miastach Polski, w tym w Warszawie. \u2013 To by\u0142a cyniczna gra polityczna, oparta na szczuciu i podsycaniu nienawi\u015bci \u2013 napisa\u0142 w mediach spo\u0142eczno\u015bciowych szef Nowoczesnej i polityk koalicji rz\u0105dz\u0105cej.<\/strong><\/p>\n<p>Sz\u0142apka podkre\u015bli\u0142, \u017ce prawo do manifestowania nie daje przyzwolenia na \u0142amanie prawa. Rzecznik rz\u0105du zapowiedzia\u0142, \u017ce osoby, kt\u00f3re dopu\u015bci\u0142y si\u0119 wykrocze\u0144 lub przest\u0119pstw, zostan\u0105 poci\u0105gni\u0119te do odpowiedzialno\u015bci karnej. \u2013 Odpowiednie s\u0142u\u017cby dok\u0142adnie przeanalizuj\u0105 materia\u0142 z wczorajszych wydarze\u0144. Ka\u017cde naruszenie zostanie skierowane do prokuratury \u2013 zapowiedzia\u0142.<\/p>\n<p>Doda\u0142 r\u00f3wnie\u017c, \u017ce sytuacja na granicach Polski jest stabilna i kontrolowana. \u2013 Nasze granice s\u0105 szczelne, a procedury wizowe uporz\u0105dkowane i pod pe\u0142n\u0105 kontrol\u0105 \u2013 zapewni\u0142.<\/p>\n<p><strong>Incydenty podczas demonstracji<\/strong><\/p>\n<p><img decoding=\"async\" loading=\"lazy\" class=\"aligncenter size-custom-full-size wp-image-218299\" src=\"https:\/\/bejsment.com\/wp-content\/uploads\/2025\/07\/aaprotest2-636x292.jpeg\" alt=\"\" width=\"636\" height=\"292\" \/><\/p>\n<p>W Warszawie odby\u0142y si\u0119 dwa r\u00f3wnoleg\u0142e marsze: prawicowej Konfederacji pod has\u0142em \u201eStop imigracji!\u201d oraz kontrmanifestacja \u015brodowisk liberalnych i lewicowych. Oba wydarzenia nie oby\u0142y si\u0119 bez napi\u0119\u0107 i incydent\u00f3w.<\/p>\n<p>Do najpowa\u017cniejszej sytuacji dosz\u0142o w rejonie Rotundy PKO, gdzie sympatycy Ruchu Obrony Granic Roberta B\u0105kiewicza, a tak\u017ce osoby zwi\u0105zane z PiS, Konfederacj\u0105 i Grzegorzem Braunem, pr\u00f3bowa\u0142y wtargn\u0105\u0107 na teren kontrmanifestacji. W stron\u0119 jej uczestnik\u00f3w rzucano r\u00f3\u017cne przedmioty, a tak\u017ce wykrzykiwano obra\u017aliwe has\u0142a.<\/p>\n<p>Wcze\u015bniej tak\u017ce przeciwnicy marszu \u201eStop imigracji!\u201d usi\u0142owali zak\u0142\u00f3ci\u0107 jego przebieg. Incydenty mia\u0142y r\u00f3wnie\u017c miejsce w relacjach z mediami \u2013 reporterka Polsat News relacjonowa\u0142a, \u017ce by\u0142a zaczepiana i proszona, by nie dotyka\u0107 jej sprz\u0119tu oraz rzeczy.<\/p>\n<p><strong>Bilans weekendu: 110 zgromadze\u0144, 7 zatrzyma\u0144<\/strong><\/p>\n<p>Z danych policji wynika, \u017ce w sobot\u0119 w ca\u0142ym kraju odby\u0142o si\u0119 \u0142\u0105cznie 110 zgromadze\u0144 publicznych \u2013 m.in. w Krakowie, Wroc\u0142awiu, Poznaniu, Gda\u0144sku, \u0141odzi, Lublinie i Bia\u0142ymstoku. Porz\u0105dku publicznego pilnowa\u0142o ponad 4200 funkcjonariuszy.<\/p>\n<p>Zatrzymano siedem os\u00f3b, m.in. za przest\u0119pstwa narkotykowe, zak\u0142\u00f3canie porz\u0105dku publicznego oraz naruszenia przepis\u00f3w prawa lotniczego. Odnotowano r\u00f3wnie\u017c 117 wykrocze\u0144.<\/p>\n<p>Policja poinformowa\u0142a, \u017ce w trakcie demonstracji dosz\u0142o do 12 incydent\u00f3w, kt\u00f3re b\u0119d\u0105 analizowane pod k\u0105tem wyczerpania znamion przest\u0119pstwa. Trwa r\u00f3wnie\u017c analiza nagra\u0144 opublikowanych w mediach spo\u0142eczno\u015bciowych.<\/p>\n<p style=\"text-align: right\"><em>Na podst. Polsat News<\/em><\/p>\n","protected":false},"excerpt":{"rendered":"<p>Adam Sz\u0142apka Adam Sz\u0142apka ostro skomentowa\u0142 sobotnie marsze \u015brodowisk prawicowych, kt\u00f3re odby\u0142y si\u0119 w wielu miastach Polski, w tym w Warszawie. \u2013 To by\u0142a cyniczna&hellip;<\/p>\n","protected":false},"author":3,"featured_media":2740,"comment_status":"open","ping_status":"open","sticky":false,"template":"","format":"standard","meta":{"footnotes":""},"categories":[14,18],"tags":[],"class_list":["post-2739","post","type-post","status-publish","format-standard","has-post-thumbnail","hentry","category-polska","category-top-news"],"_links":{"self":[{"href":"https:\/\/radiopoloniawinnipeg.com\/index.php\/wp-json\/wp\/v2\/posts\/2739","targetHints":{"allow":["GET"]}}],"collection":[{"href":"https:\/\/radiopoloniawinnipeg.com\/index.php\/wp-json\/wp\/v2\/posts"}],"about":[{"href":"https:\/\/radiopoloniawinnipeg.com\/index.php\/wp-json\/wp\/v2\/types\/post"}],"author":[{"embeddable":true,"href":"https:\/\/radiopoloniawinnipeg.com\/index.php\/wp-json\/wp\/v2\/users\/3"}],"replies":[{"embeddable":true,"href":"https:\/\/radiopoloniawinnipeg.com\/index.php\/wp-json\/wp\/v2\/comments?post=2739"}],"version-history":[{"count":0,"href":"https:\/\/radiopoloniawinnipeg.com\/index.php\/wp-json\/wp\/v2\/posts\/2739\/revisions"}],"wp:featuredmedia":[{"embeddable":true,"href":"https:\/\/radiopoloniawinnipeg.com\/index.php\/wp-json\/wp\/v2\/media\/2740"}],"wp:attachment":[{"href":"https:\/\/radiopoloniawinnipeg.com\/index.php\/wp-json\/wp\/v2\/media?parent=2739"}],"wp:term":[{"taxonomy":"category","embeddable":true,"href":"https:\/\/radiopoloniawinnipeg.com\/index.php\/wp-json\/wp\/v2\/categories?post=2739"},{"taxonomy":"post_tag","embeddable":true,"href":"https:\/\/radiopoloniawinnipeg.com\/index.php\/wp-json\/wp\/v2\/tags?post=2739"}],"curies":[{"name":"wp","href":"https:\/\/api.w.org\/{rel}","templated":true}]}}