{"id":2757,"date":"2025-07-21T18:30:07","date_gmt":"2025-07-21T22:30:07","guid":{"rendered":"https:\/\/radiopoloniawinnipeg.com\/index.php\/2025\/07\/21\/izraelski-ostrzal-w-strefie-gazy-celem-cywile-czekajacy-na-pomoc-humanitarna\/"},"modified":"2025-07-21T18:30:07","modified_gmt":"2025-07-21T22:30:07","slug":"izraelski-ostrzal-w-strefie-gazy-celem-cywile-czekajacy-na-pomoc-humanitarna","status":"publish","type":"post","link":"https:\/\/radiopoloniawinnipeg.com\/index.php\/2025\/07\/21\/izraelski-ostrzal-w-strefie-gazy-celem-cywile-czekajacy-na-pomoc-humanitarna\/","title":{"rendered":"Izraelski ostrza\u0142 w Strefie Gazy. Celem cywile czekaj\u0105cy na pomoc humanitarn\u0105"},"content":{"rendered":"<p><img decoding=\"async\" loading=\"lazy\" class=\"aligncenter size-custom-full-size wp-image-218317\" src=\"https:\/\/bejsment.com\/wp-content\/uploads\/2025\/07\/aagaza-636x358.jpg\" alt=\"\" width=\"636\" height=\"358\" \/><\/p>\n<p><strong>Co najmniej 67 Palesty\u0144czyk\u00f3w zgin\u0119\u0142o, a dziesi\u0105tki zosta\u0142y ranne w wyniku izraelskiego ostrza\u0142u w p\u00f3\u0142nocnej cz\u0119\u015bci Strefy Gazy \u2013 poinformowa\u0142o palesty\u0144skie Ministerstwo Zdrowia. Ofiary mia\u0142y oczekiwa\u0107 na konw\u00f3j z pomoc\u0105 humanitarn\u0105 organizowan\u0105 przez ONZ.<\/strong><\/p>\n<p>To kolejny przypadek, kiedy \u2013 wed\u0142ug strony palesty\u0144skiej \u2013 izraelska armia mia\u0142a otworzy\u0107 ogie\u0144 do cywil\u00f3w gromadz\u0105cych si\u0119 wok\u00f3\u0142 punkt\u00f3w dystrybucji \u017cywno\u015bci. Dzie\u0144 wcze\u015bniej w podobnych okoliczno\u015bciach zgin\u0119\u0142o 36 os\u00f3b. Wed\u0142ug palesty\u0144skich \u017ar\u00f3de\u0142, \u0142\u0105czna liczba ofiar niedzielnych atak\u00f3w si\u0119ga oko\u0142o 90 os\u00f3b.<\/p>\n<h3><strong>Sprzeczne relacje stron<\/strong><\/h3>\n<p>\u015awiatowy Program \u017bywno\u015bciowy (WFP) potwierdzi\u0142, \u017ce konw\u00f3j 25 ci\u0119\u017car\u00f3wek z pomoc\u0105 zosta\u0142 otoczony przez t\u0142um g\u0142oduj\u0105cych ludzi. Wkr\u00f3tce potem dosz\u0142o do ostrza\u0142u.<\/p>\n<p>Izraelskie \u017ar\u00f3d\u0142a utrzymuj\u0105 jednak, \u017ce \u017co\u0142nierze oddali jedynie \u201estrza\u0142y ostrzegawcze\u201d, oceniaj\u0105c sytuacj\u0119 jako zagro\u017cenie bezpiecze\u0144stwa. Twierdz\u0105 tak\u017ce, \u017ce ci\u0119\u017car\u00f3wki z pomoc\u0105 nie by\u0142y celem ataku, a dane o liczbie ofiar mog\u0105 by\u0107 zawy\u017cone.<\/p>\n<h3><strong>Rozmowy o rozejmie bez prze\u0142omu<\/strong><\/h3>\n<p>W Katarze trwaj\u0105 negocjacje pomi\u0119dzy Hamasem a Izraelem w sprawie 60-dniowego rozejmu oraz uwolnienia zak\u0142adnik\u00f3w. Cho\u0107 strony deklaruj\u0105 gotowo\u015b\u0107 do dalszych rozm\u00f3w, jak dot\u0105d nie uda\u0142o si\u0119 osi\u0105gn\u0105\u0107 porozumienia.<\/p>\n<h3><strong>G\u0142\u00f3d zbiera \u015bmiertelne \u017cniwo<\/strong><\/h3>\n<p>Tymczasem pogarsza si\u0119 sytuacja humanitarna w Strefie Gazy. Wed\u0142ug palesty\u0144skiego Ministerstwa Zdrowia tylko w niedziel\u0119 zmar\u0142o z g\u0142odu 18 os\u00f3b. Od pocz\u0105tku konfliktu co najmniej 71 dzieci zmar\u0142o z powodu niedo\u017cywienia, a oko\u0142o 60 tysi\u0119cy cierpi na jego objawy.<\/p>\n<p>Lekarze ostrzegaj\u0105, \u017ce setki pacjent\u00f3w s\u0105 w stanie krytycznym i bez pilnych dostaw pomocy mog\u0105 wkr\u00f3tce umrze\u0107. ONZ alarmuje, \u017ce mieszka\u0144cy Strefy Gazy g\u0142oduj\u0105, a sytuacja \u201ez ka\u017cdym dniem staje si\u0119 coraz bardziej dramatyczna\u201d.<\/p>\n<h3><strong>UNRWA apeluje o zwi\u0119kszenie dostaw<\/strong><\/h3>\n<p>Agencja ONZ ds. uchod\u017ac\u00f3w palesty\u0144skich (UNRWA) domaga si\u0119 od Izraela zwi\u0119kszenia liczby przepuszczanych ci\u0119\u017car\u00f3wek z pomoc\u0105 humanitarn\u0105. Twierdzi, \u017ce dysponuje zapasami \u017cywno\u015bci wystarczaj\u0105cymi na wykarmienie ca\u0142ej populacji Gazy przez trzy miesi\u0105ce.<\/p>\n<p>Izrael deklaruje, \u017ce koordynuje dostawy z organizacjami mi\u0119dzynarodowymi i uznaje pomoc humanitarn\u0105 za priorytet. Mimo to przep\u0142yw \u017cywno\u015bci i lek\u00f3w pozostaje ograniczony i nieadekwatny do skali potrzeb.<\/p>\n<p><em>Na podst. AFP, Reuters<\/em><\/p>\n","protected":false},"excerpt":{"rendered":"<p>Co najmniej 67 Palesty\u0144czyk\u00f3w zgin\u0119\u0142o, a dziesi\u0105tki zosta\u0142y ranne w wyniku izraelskiego ostrza\u0142u w p\u00f3\u0142nocnej cz\u0119\u015bci Strefy Gazy \u2013 poinformowa\u0142o palesty\u0144skie Ministerstwo Zdrowia. Ofiary mia\u0142y&hellip;<\/p>\n","protected":false},"author":3,"featured_media":2758,"comment_status":"open","ping_status":"open","sticky":false,"template":"","format":"standard","meta":{"footnotes":""},"categories":[15,18],"tags":[],"class_list":["post-2757","post","type-post","status-publish","format-standard","has-post-thumbnail","hentry","category-swiat","category-top-news"],"_links":{"self":[{"href":"https:\/\/radiopoloniawinnipeg.com\/index.php\/wp-json\/wp\/v2\/posts\/2757","targetHints":{"allow":["GET"]}}],"collection":[{"href":"https:\/\/radiopoloniawinnipeg.com\/index.php\/wp-json\/wp\/v2\/posts"}],"about":[{"href":"https:\/\/radiopoloniawinnipeg.com\/index.php\/wp-json\/wp\/v2\/types\/post"}],"author":[{"embeddable":true,"href":"https:\/\/radiopoloniawinnipeg.com\/index.php\/wp-json\/wp\/v2\/users\/3"}],"replies":[{"embeddable":true,"href":"https:\/\/radiopoloniawinnipeg.com\/index.php\/wp-json\/wp\/v2\/comments?post=2757"}],"version-history":[{"count":0,"href":"https:\/\/radiopoloniawinnipeg.com\/index.php\/wp-json\/wp\/v2\/posts\/2757\/revisions"}],"wp:featuredmedia":[{"embeddable":true,"href":"https:\/\/radiopoloniawinnipeg.com\/index.php\/wp-json\/wp\/v2\/media\/2758"}],"wp:attachment":[{"href":"https:\/\/radiopoloniawinnipeg.com\/index.php\/wp-json\/wp\/v2\/media?parent=2757"}],"wp:term":[{"taxonomy":"category","embeddable":true,"href":"https:\/\/radiopoloniawinnipeg.com\/index.php\/wp-json\/wp\/v2\/categories?post=2757"},{"taxonomy":"post_tag","embeddable":true,"href":"https:\/\/radiopoloniawinnipeg.com\/index.php\/wp-json\/wp\/v2\/tags?post=2757"}],"curies":[{"name":"wp","href":"https:\/\/api.w.org\/{rel}","templated":true}]}}