{"id":2761,"date":"2025-07-22T06:00:10","date_gmt":"2025-07-22T10:00:10","guid":{"rendered":"https:\/\/radiopoloniawinnipeg.com\/index.php\/2025\/07\/22\/karol-nawrocki-oglasza-sklad-swojej-kancelarii\/"},"modified":"2025-07-22T06:00:10","modified_gmt":"2025-07-22T10:00:10","slug":"karol-nawrocki-oglasza-sklad-swojej-kancelarii","status":"publish","type":"post","link":"https:\/\/radiopoloniawinnipeg.com\/index.php\/2025\/07\/22\/karol-nawrocki-oglasza-sklad-swojej-kancelarii\/","title":{"rendered":"Karol Nawrocki og\u0142asza sk\u0142ad swojej Kancelarii"},"content":{"rendered":"<p><img decoding=\"async\" loading=\"lazy\" class=\"aligncenter size-custom-full-size wp-image-218396\" src=\"https:\/\/bejsment.com\/wp-content\/uploads\/2025\/07\/aaelekt2.jpg\" alt=\"\" width=\"620\" height=\"413\" \/><\/p>\n<p><strong>Prezydent elekt Karol Nawrocki ujawni\u0142 nazwiska swoich najbli\u017cszych wsp\u00f3\u0142pracownik\u00f3w. Szefem Kancelarii Prezydenta zostanie Zbigniew Bogucki, a jego zast\u0119pc\u0105 \u2013 Adam Andruszkiewicz. Obaj pos\u0142owie PiS aktywnie wspierali kampani\u0119 Nawrockiego.<\/strong><\/p>\n<p>\u2013 <strong>Zbigniew Bogucki<\/strong> b\u0119dzie szefem mojej kancelarii. Bardzo si\u0119 z tego ciesz\u0119, to cz\u0142owiek z mojego pokolenia \u2013 powiedzia\u0142 Nawrocki w rozmowie z Telewizj\u0105 Trwam.<\/p>\n<p>Z kolei <strong>Andruszkiewicz<\/strong>, by\u0142y sekretarz stanu w Ministerstwie Cyfryzacji, ma odpowiada\u0107 za sprawne funkcjonowanie kancelarii i kontakty cyfrowe. \u2013 To cz\u0142owiek, kt\u00f3rego energia, pomys\u0142owo\u015b\u0107 i Polska w sercu b\u0119d\u0105 determinowa\u0142y prac\u0119 ca\u0142ej kancelarii. Doskona\u0142y duet \u2013 podkre\u015bli\u0142 prezydent elekt.<\/p>\n<p>Bogucki, z wykszta\u0142cenia prawnik, w przesz\u0142o\u015bci by\u0142 przewodnicz\u0105cym rady nadzorczej Polskiej Wytw\u00f3rni Papier\u00f3w Warto\u015bciowych. W 2023 roku uzyska\u0142 mandat pos\u0142a. \u2013 To osoba g\u0142\u0119boko zaanga\u017cowana w moj\u0105 kampani\u0119 \u2013 zaznaczy\u0142 Nawrocki.<\/p>\n<p>W gronie wsp\u00f3\u0142pracownik\u00f3w w Kancelarii Prezydenta znajdzie si\u0119 r\u00f3wnie\u017c <strong>Agnieszka J\u0119drzak<\/strong>, kt\u00f3ra b\u0119dzie odpowiedzialna za kontakty z Poloni\u0105. Wcze\u015bniej pracowa\u0142a w Instytucie Pami\u0119ci Narodowej, kierowanym przez Nawrockiego przed obj\u0119ciem funkcji prezydenta.<\/p>\n<p>Do zespo\u0142u do\u0142\u0105czy tak\u017ce by\u0142y minister rolnictwa <strong>Jan Krzysztof Ardanowski<\/strong>. B\u0119dzie odpowiada\u0142 za kwestie zwi\u0105zane z rolnictwem. Cho\u0107 w 2020 roku popad\u0142 w konflikt z kierownictwem PiS i w 2024 opu\u015bci\u0142 parti\u0119, dzi\u015b reprezentuje ko\u0142o Wolnych Republikan\u00f3w.<\/p>\n<p>Karol Nawrocki zwyci\u0119\u017cy\u0142 w drugiej turze wybor\u00f3w prezydenckich, pokonuj\u0105c <strong>Rafa\u0142a Trzaskowskiego<\/strong> r\u00f3\u017cnic\u0105 blisko 370 tysi\u0119cy g\u0142os\u00f3w. Zaprzysi\u0119\u017cenie nowego prezydenta odb\u0119dzie si\u0119 6 sierpnia w Sejmie.<\/p>\n<p><em>Na podst. Polsat News<\/em><\/p>\n","protected":false},"excerpt":{"rendered":"<p>Prezydent elekt Karol Nawrocki ujawni\u0142 nazwiska swoich najbli\u017cszych wsp\u00f3\u0142pracownik\u00f3w. Szefem Kancelarii Prezydenta zostanie Zbigniew Bogucki, a jego zast\u0119pc\u0105 \u2013 Adam Andruszkiewicz. Obaj pos\u0142owie PiS aktywnie&hellip;<\/p>\n","protected":false},"author":3,"featured_media":2762,"comment_status":"open","ping_status":"open","sticky":false,"template":"","format":"standard","meta":{"footnotes":""},"categories":[14,18],"tags":[],"class_list":["post-2761","post","type-post","status-publish","format-standard","has-post-thumbnail","hentry","category-polska","category-top-news"],"_links":{"self":[{"href":"https:\/\/radiopoloniawinnipeg.com\/index.php\/wp-json\/wp\/v2\/posts\/2761","targetHints":{"allow":["GET"]}}],"collection":[{"href":"https:\/\/radiopoloniawinnipeg.com\/index.php\/wp-json\/wp\/v2\/posts"}],"about":[{"href":"https:\/\/radiopoloniawinnipeg.com\/index.php\/wp-json\/wp\/v2\/types\/post"}],"author":[{"embeddable":true,"href":"https:\/\/radiopoloniawinnipeg.com\/index.php\/wp-json\/wp\/v2\/users\/3"}],"replies":[{"embeddable":true,"href":"https:\/\/radiopoloniawinnipeg.com\/index.php\/wp-json\/wp\/v2\/comments?post=2761"}],"version-history":[{"count":0,"href":"https:\/\/radiopoloniawinnipeg.com\/index.php\/wp-json\/wp\/v2\/posts\/2761\/revisions"}],"wp:featuredmedia":[{"embeddable":true,"href":"https:\/\/radiopoloniawinnipeg.com\/index.php\/wp-json\/wp\/v2\/media\/2762"}],"wp:attachment":[{"href":"https:\/\/radiopoloniawinnipeg.com\/index.php\/wp-json\/wp\/v2\/media?parent=2761"}],"wp:term":[{"taxonomy":"category","embeddable":true,"href":"https:\/\/radiopoloniawinnipeg.com\/index.php\/wp-json\/wp\/v2\/categories?post=2761"},{"taxonomy":"post_tag","embeddable":true,"href":"https:\/\/radiopoloniawinnipeg.com\/index.php\/wp-json\/wp\/v2\/tags?post=2761"}],"curies":[{"name":"wp","href":"https:\/\/api.w.org\/{rel}","templated":true}]}}