{"id":2763,"date":"2025-07-22T07:30:06","date_gmt":"2025-07-22T11:30:06","guid":{"rendered":"https:\/\/radiopoloniawinnipeg.com\/index.php\/2025\/07\/22\/rewolucja-w-sejmie-holownia-zapowiada-badania-alkomatem\/"},"modified":"2025-07-22T07:30:06","modified_gmt":"2025-07-22T11:30:06","slug":"rewolucja-w-sejmie-holownia-zapowiada-badania-alkomatem","status":"publish","type":"post","link":"https:\/\/radiopoloniawinnipeg.com\/index.php\/2025\/07\/22\/rewolucja-w-sejmie-holownia-zapowiada-badania-alkomatem\/","title":{"rendered":"Rewolucja w Sejmie. Ho\u0142ownia zapowiada badania alkomatem"},"content":{"rendered":"<p><img decoding=\"async\" loading=\"lazy\" class=\"aligncenter size-custom-full-size wp-image-218391\" src=\"https:\/\/bejsment.com\/wp-content\/uploads\/2025\/07\/aasejm-1-636x424.jpg\" alt=\"\" width=\"636\" height=\"424\" \/><\/p>\n<p><strong>Marsza\u0142ek Sejmu Szymon Ho\u0142ownia zapowiedzia\u0142 rozpocz\u0119cie prac nad projektem, kt\u00f3ry umo\u017cliwi\u0142by badanie pos\u0142\u00f3w alkomatem w trakcie obrad plenarnych. Jak zaznaczy\u0142, w przypadku podejrzenia, \u017ce kt\u00f3ry\u015b z parlamentarzyst\u00f3w znajduje si\u0119 pod wp\u0142ywem alkoholu, marsza\u0142ek powinien mie\u0107 konkretne narz\u0119dzie interwencji.<\/strong><\/p>\n<p>\u2013 Przygotowa\u0142em projekt dotycz\u0105cy mo\u017cliwo\u015bci badania lub zlecenia badania alkomatem przez marsza\u0142ka prowadz\u0105cego obrady \u2013 og\u0142osi\u0142 Ho\u0142ownia podczas konferencji prasowej, kt\u00f3ra odby\u0142a si\u0119 tu\u017c po rozpocz\u0119ciu 39. posiedzenia Sejmu. \u2013 W mojej kadencji takie sytuacje zdarzy\u0142y si\u0119 tylko kilka razy, ale nie mo\u017cna by\u0107 w takich momentach bezradnym \u2013 podkre\u015bli\u0142.<\/p>\n<p>Projekt ma trafi\u0107 najpierw pod obrady prezydium Sejmu. Ho\u0142ownia zaznaczy\u0142 jednak, \u017ce nie wszyscy pos\u0142owie podchodz\u0105 do pomys\u0142u z entuzjazmem. Cz\u0119\u015b\u0107 polityk\u00f3w obawia si\u0119, \u017ce nowe uprawnienie mog\u0142oby zosta\u0107 wykorzystane w celach politycznych.<\/p>\n<p>Podczas tej samej konferencji marsza\u0142ek zapowiedzia\u0142 r\u00f3wnie\u017c z\u0142o\u017cenie dw\u00f3ch projekt\u00f3w uchwa\u0142 pot\u0119piaj\u0105cych wypowiedzi Grzegorza Brauna, kt\u00f3ry w ostatnich dniach publicznie negowa\u0142 istnienie kom\u00f3r gazowych w niemieckim obozie Auschwitz-Birkenau. Jeden z projekt\u00f3w przygotowa\u0142a pos\u0142anka KO Dorota Niedziela, druga uchwa\u0142a powstaje z inicjatywy klubu Lewicy. Obie trafi\u0105 pod obrady komisji kultury.<\/p>\n<p style=\"text-align: right\"><em>Na podst. Polsat News<\/em><\/p>\n","protected":false},"excerpt":{"rendered":"<p>Marsza\u0142ek Sejmu Szymon Ho\u0142ownia zapowiedzia\u0142 rozpocz\u0119cie prac nad projektem, kt\u00f3ry umo\u017cliwi\u0142by badanie pos\u0142\u00f3w alkomatem w trakcie obrad plenarnych. Jak zaznaczy\u0142, w przypadku podejrzenia, \u017ce kt\u00f3ry\u015b&hellip;<\/p>\n","protected":false},"author":3,"featured_media":2764,"comment_status":"open","ping_status":"open","sticky":false,"template":"","format":"standard","meta":{"footnotes":""},"categories":[14,18],"tags":[],"class_list":["post-2763","post","type-post","status-publish","format-standard","has-post-thumbnail","hentry","category-polska","category-top-news"],"_links":{"self":[{"href":"https:\/\/radiopoloniawinnipeg.com\/index.php\/wp-json\/wp\/v2\/posts\/2763","targetHints":{"allow":["GET"]}}],"collection":[{"href":"https:\/\/radiopoloniawinnipeg.com\/index.php\/wp-json\/wp\/v2\/posts"}],"about":[{"href":"https:\/\/radiopoloniawinnipeg.com\/index.php\/wp-json\/wp\/v2\/types\/post"}],"author":[{"embeddable":true,"href":"https:\/\/radiopoloniawinnipeg.com\/index.php\/wp-json\/wp\/v2\/users\/3"}],"replies":[{"embeddable":true,"href":"https:\/\/radiopoloniawinnipeg.com\/index.php\/wp-json\/wp\/v2\/comments?post=2763"}],"version-history":[{"count":0,"href":"https:\/\/radiopoloniawinnipeg.com\/index.php\/wp-json\/wp\/v2\/posts\/2763\/revisions"}],"wp:featuredmedia":[{"embeddable":true,"href":"https:\/\/radiopoloniawinnipeg.com\/index.php\/wp-json\/wp\/v2\/media\/2764"}],"wp:attachment":[{"href":"https:\/\/radiopoloniawinnipeg.com\/index.php\/wp-json\/wp\/v2\/media?parent=2763"}],"wp:term":[{"taxonomy":"category","embeddable":true,"href":"https:\/\/radiopoloniawinnipeg.com\/index.php\/wp-json\/wp\/v2\/categories?post=2763"},{"taxonomy":"post_tag","embeddable":true,"href":"https:\/\/radiopoloniawinnipeg.com\/index.php\/wp-json\/wp\/v2\/tags?post=2763"}],"curies":[{"name":"wp","href":"https:\/\/api.w.org\/{rel}","templated":true}]}}