{"id":2765,"date":"2025-07-22T08:15:06","date_gmt":"2025-07-22T12:15:06","guid":{"rendered":"https:\/\/radiopoloniawinnipeg.com\/index.php\/2025\/07\/22\/2765\/"},"modified":"2025-07-22T08:15:06","modified_gmt":"2025-07-22T12:15:06","slug":"2765","status":"publish","type":"post","link":"https:\/\/radiopoloniawinnipeg.com\/index.php\/2025\/07\/22\/2765\/","title":{"rendered":""},"content":{"rendered":"<p><img decoding=\"async\" loading=\"lazy\" class=\"aligncenter size-custom-full-size wp-image-218413\" src=\"https:\/\/bejsment.com\/wp-content\/uploads\/2025\/07\/aakatastrofa-636x358.jpg\" alt=\"\" width=\"636\" height=\"358\" \/><\/p>\n<p><strong>Co najmniej 27 os\u00f3b zgin\u0119\u0142o w katastrofie samolotu szkoleniowego si\u0142 zbrojnych Bangladeszu &#8211; poinformowa\u0142y w\u0142adze tego kraju. Rannych zosta\u0142o ponad 170 os\u00f3b. F7 uderzy\u0142 w kampus szko\u0142y Milestone School and College po\u0142o\u017conej na p\u00f3\u0142nocnych przedmie\u015bciach stolicy kraju, Dhaki. <\/strong><\/p>\n<p>Armia Bangladeszu poinformowa\u0142a, \u017ce samolot dozna\u0142 usterki mechanicznej tu\u017c po tym, jak wystartowa\u0142. Przekazano te\u017c, \u017ce w\u015br\u00f3d ofiar katastrofy jest pilot maszyny, porucznik Muhammad Taukir Islam.<\/p>\n<p>Ministerstwo zdrowia Bangladeszu poinformowa\u0142o, \u017ce wi\u0119kszo\u015b\u0107 rannych, w tym wiele dzieci wieku od 9 do 14 lat trafi\u0142o z poparzeniami do siedmiu sto\u0142ecznych szpitali.<\/p>\n<p>Wed\u0142ug relacji naocznych \u015bwiadk\u00f3w, kt\u00f3rych cytuje portal BBC, \u201ep\u0142on\u0105cy samolot uderzy\u0142 w budynek szko\u0142y&#8221;.<\/p>\n<p>&#8211; Na moich oczach&#8230; samolot przelecia\u0142 tu\u017c nad g\u0142ow\u0105. W \u015brodku dwupi\u0119trowego budynku by\u0142o wielu rodzic\u00f3w, bo m\u0142odsze dzieci wychodzi\u0142y ju\u017c po lekcjach &#8211; powiedzia\u0142 BBC jeden z uczni\u00f3w.<\/p>\n<p>Tymczasowy gabinet premiera Muhammada Yunusa poinformowa\u0142 o powo\u0142aniu komisji \u015bledczej, kt\u00f3ra ma zbada\u0107 okoliczno\u015bci tragedii oraz og\u0142osi\u0142 wtorek dniem \u017ca\u0142oby narodowej w ca\u0142ym kraju. Szef rz\u0105d zapewni\u0142 te\u017c, \u017ce wszyscy poszkodowani i ich rodziny otrzymaj\u0105 niezb\u0119dn\u0105 pomoc.<\/p>\n<p>\u201eCa\u0142y nar\u00f3d jest teraz pogr\u0105\u017cony w smutku. \u017bycz\u0119 rannym szybkiego powrotu do zdrowia i zalecam, by wszystkie instytucje, w tym plac\u00f3wki medyczne podesz\u0142y do zaistnia\u0142ej sytuacji z najwy\u017csz\u0105 powag\u0105&#8221; &#8211; napisa\u0142 Yunus na portalu spo\u0142eczno\u015bciowym X.<\/p>\n<p style=\"text-align: right\"><em>Na podst. Polsat News<\/em><\/p>\n","protected":false},"excerpt":{"rendered":"<p>Co najmniej 27 os\u00f3b zgin\u0119\u0142o w katastrofie samolotu szkoleniowego si\u0142 zbrojnych Bangladeszu &#8211; poinformowa\u0142y w\u0142adze tego kraju. Rannych zosta\u0142o ponad 170 os\u00f3b. F7 uderzy\u0142 w&hellip;<\/p>\n","protected":false},"author":3,"featured_media":2766,"comment_status":"open","ping_status":"open","sticky":false,"template":"","format":"standard","meta":{"footnotes":""},"categories":[15,18],"tags":[],"class_list":["post-2765","post","type-post","status-publish","format-standard","has-post-thumbnail","hentry","category-swiat","category-top-news"],"_links":{"self":[{"href":"https:\/\/radiopoloniawinnipeg.com\/index.php\/wp-json\/wp\/v2\/posts\/2765","targetHints":{"allow":["GET"]}}],"collection":[{"href":"https:\/\/radiopoloniawinnipeg.com\/index.php\/wp-json\/wp\/v2\/posts"}],"about":[{"href":"https:\/\/radiopoloniawinnipeg.com\/index.php\/wp-json\/wp\/v2\/types\/post"}],"author":[{"embeddable":true,"href":"https:\/\/radiopoloniawinnipeg.com\/index.php\/wp-json\/wp\/v2\/users\/3"}],"replies":[{"embeddable":true,"href":"https:\/\/radiopoloniawinnipeg.com\/index.php\/wp-json\/wp\/v2\/comments?post=2765"}],"version-history":[{"count":0,"href":"https:\/\/radiopoloniawinnipeg.com\/index.php\/wp-json\/wp\/v2\/posts\/2765\/revisions"}],"wp:featuredmedia":[{"embeddable":true,"href":"https:\/\/radiopoloniawinnipeg.com\/index.php\/wp-json\/wp\/v2\/media\/2766"}],"wp:attachment":[{"href":"https:\/\/radiopoloniawinnipeg.com\/index.php\/wp-json\/wp\/v2\/media?parent=2765"}],"wp:term":[{"taxonomy":"category","embeddable":true,"href":"https:\/\/radiopoloniawinnipeg.com\/index.php\/wp-json\/wp\/v2\/categories?post=2765"},{"taxonomy":"post_tag","embeddable":true,"href":"https:\/\/radiopoloniawinnipeg.com\/index.php\/wp-json\/wp\/v2\/tags?post=2765"}],"curies":[{"name":"wp","href":"https:\/\/api.w.org\/{rel}","templated":true}]}}