{"id":2779,"date":"2025-07-22T20:30:06","date_gmt":"2025-07-23T00:30:06","guid":{"rendered":"https:\/\/radiopoloniawinnipeg.com\/index.php\/2025\/07\/22\/rosja-moze-zaatakowac-nato-zielonymi-ludzikami\/"},"modified":"2025-07-22T20:30:06","modified_gmt":"2025-07-23T00:30:06","slug":"rosja-moze-zaatakowac-nato-zielonymi-ludzikami","status":"publish","type":"post","link":"https:\/\/radiopoloniawinnipeg.com\/index.php\/2025\/07\/22\/rosja-moze-zaatakowac-nato-zielonymi-ludzikami\/","title":{"rendered":"Rosja mo\u017ce zaatakowa\u0107 NATO \u201ezielonymi ludzikami&#8221;"},"content":{"rendered":"<div id=\"attachment_218418\" style=\"width: 646px\" class=\"wp-caption aligncenter\"><img decoding=\"async\" loading=\"lazy\" aria-describedby=\"caption-attachment-218418\" class=\"size-custom-full-size wp-image-218418\" src=\"https:\/\/bejsment.com\/wp-content\/uploads\/2025\/07\/aazieloneludziki-636x358.jpg\" alt=\"\" width=\"636\" height=\"358\" \/><\/p>\n<p id=\"caption-attachment-218418\" class=\"wp-caption-text\">\u201eZielone ludziki&#8221; w Donbasie. 2014 rok<\/p>\n<\/div>\n<p><strong>Rosja mo\u017ce w przysz\u0142o\u015bci zaatakowa\u0107 jeden lub wi\u0119cej kraj\u00f3w NATO &#8211; powiedzia\u0142 belgijski minister obrony Theo Francken. Polityk zasugerowa\u0142, \u017ce Kreml nie zdecyduje si\u0119 na pe\u0142noskalow\u0105 wojn\u0119 z Sojuszem, ale najprawdopodobniej si\u0119gnie po \u201ezielone ludziki&#8221;. <\/strong><\/p>\n<p>Theo Francken\u00a0podejrzewa, \u017ce Rosja w przysz\u0142o\u015bci mo\u017ce zdecydowa\u0107 si\u0119 na zaatakowanie jednego ze wschodnich kraj\u00f3w NATO. W gr\u0119 wchodzi agresja na pa\u0144stwa ba\u0142tyckie, w kt\u00f3rych zamieszkuje du\u017ca mniejszo\u015b\u0107 rosyjska.<\/p>\n<p>Powiedzia\u0142 jednak, \u017ce ewentualny atak b\u0119dzie przypomina\u0142 dobrze znany scenariusz z Krymu lub Donbasu.<\/p>\n<p>Franken zauwa\u017cy\u0142, \u017ce inwazja Rosji na pe\u0142n\u0105 skal\u0119 na jeden lub wi\u0119cej kraj\u00f3w cz\u0142onkowskich NATO jest ma\u0142o prawdopodobna. Wed\u0142ug niego mo\u017ce to by\u0107 bardziej z\u0142o\u017cona interwencja.<\/p>\n<p>\u201eMy\u015bl\u0119, \u017ce nie zaczn\u0105 od pe\u0142nej inwazji na terytorium NATO. Mo\u017ce to by\u0107 raczej co\u015b podobnego do tego, co mia\u0142o miejsce w Donbasie w 2014 roku: wszystko zaczyna si\u0119 od &#8216;powstania&#8217; rosyjskoj\u0119zycznej mniejszo\u015bci, kt\u00f3ra musi by\u0107 &#8216;broniona przez ojczyzn\u0119&#8217;. Nast\u0119pnie pojawiaj\u0105 si\u0119 tak zwane &#8216;ma\u0142e zielone ludziki&#8217;, rzekomo nie rosyjskie wojsko, ale po prostu ludzie, kt\u00f3rzy nagle przybyli, aby chroni\u0107 rosyjsk\u0105 mniejszo\u015b\u0107&#8221; &#8211; powiedzia\u0142 polityk w rozmowie z &#8220;The Telegraph&#8221;.<\/p>\n<p>Franken uwa\u017ca, \u017ce Moskwa nie odwa\u017cy si\u0119 na otwarty atak na jeden z kraj\u00f3w cz\u0142onkowskich NATO, w tym Finlandi\u0119, poniewa\u017c Rosjanie wiedz\u0105, \u017ce przegraj\u0105.<\/p>\n<p>\u201ePodej\u015bcie b\u0119dzie znacznie bardziej wyrafinowane. M\u00f3wi\u0105c obrazowo, mog\u0105 zaj\u0105\u0107 miasto, na przyk\u0142ad w Estonii, a nast\u0119pnie powiedzie\u0107: &#8211; Musimy chroni\u0107 Rosjan tutaj. To miasto jest nasze. To jest Rosja&#8221; &#8211; doda\u0142 szef belgijskiego Ministerstwa Obrony.<\/p>\n<p><strong>Atak Rosji na NATO. Ukrai\u0144cy ujawnili plany<\/strong><\/p>\n<p>Wcze\u015bniej szef G\u0142\u00f3wnego Zarz\u0105du Wywiadowczego Ministerstwa Obrony Ukrainy Kyry\u0142o Budanow podczas spotkania ze specjalnym przedstawicielem prezydenta USA Keithem Kelloggiem ujawni\u0142 dane wywiadowcze dotycz\u0105ce przygotowa\u0144 Rosji do ataku na NATO. Powiedzia\u0142 on, \u017ce \u201eimperialne plany Kremla nie ograniczaj\u0105 si\u0119 do Ukrainy&#8221;.<\/p>\n<p>Strona ameryka\u0144ska zosta\u0142a poinformowana o aktualnej sytuacji operacyjnej, ocenie plan\u00f3w Federacji Rosyjskiej do 2036 roku.<\/p>\n<p>Budanow zauwa\u017cy\u0142, \u017ce ambicje Kremla obejmuj\u0105 ca\u0142\u0105 Europ\u0119. Ukrai\u0144ski polityk zapewni\u0142, \u017ce przy wsparciu Stan\u00f3w Zjednoczonych zagro\u017cenie to mo\u017ce zosta\u0107 wyeliminowane.<\/p>\n<p style=\"text-align: right\"><em>Na podst. Polsat News<\/em><\/p>\n","protected":false},"excerpt":{"rendered":"<p>\u201eZielone ludziki&#8221; w Donbasie. 2014 rok Rosja mo\u017ce w przysz\u0142o\u015bci zaatakowa\u0107 jeden lub wi\u0119cej kraj\u00f3w NATO &#8211; powiedzia\u0142 belgijski minister obrony Theo Francken. Polityk zasugerowa\u0142,&hellip;<\/p>\n","protected":false},"author":3,"featured_media":2780,"comment_status":"open","ping_status":"open","sticky":false,"template":"","format":"standard","meta":{"footnotes":""},"categories":[15,18],"tags":[],"class_list":["post-2779","post","type-post","status-publish","format-standard","has-post-thumbnail","hentry","category-swiat","category-top-news"],"_links":{"self":[{"href":"https:\/\/radiopoloniawinnipeg.com\/index.php\/wp-json\/wp\/v2\/posts\/2779","targetHints":{"allow":["GET"]}}],"collection":[{"href":"https:\/\/radiopoloniawinnipeg.com\/index.php\/wp-json\/wp\/v2\/posts"}],"about":[{"href":"https:\/\/radiopoloniawinnipeg.com\/index.php\/wp-json\/wp\/v2\/types\/post"}],"author":[{"embeddable":true,"href":"https:\/\/radiopoloniawinnipeg.com\/index.php\/wp-json\/wp\/v2\/users\/3"}],"replies":[{"embeddable":true,"href":"https:\/\/radiopoloniawinnipeg.com\/index.php\/wp-json\/wp\/v2\/comments?post=2779"}],"version-history":[{"count":0,"href":"https:\/\/radiopoloniawinnipeg.com\/index.php\/wp-json\/wp\/v2\/posts\/2779\/revisions"}],"wp:featuredmedia":[{"embeddable":true,"href":"https:\/\/radiopoloniawinnipeg.com\/index.php\/wp-json\/wp\/v2\/media\/2780"}],"wp:attachment":[{"href":"https:\/\/radiopoloniawinnipeg.com\/index.php\/wp-json\/wp\/v2\/media?parent=2779"}],"wp:term":[{"taxonomy":"category","embeddable":true,"href":"https:\/\/radiopoloniawinnipeg.com\/index.php\/wp-json\/wp\/v2\/categories?post=2779"},{"taxonomy":"post_tag","embeddable":true,"href":"https:\/\/radiopoloniawinnipeg.com\/index.php\/wp-json\/wp\/v2\/tags?post=2779"}],"curies":[{"name":"wp","href":"https:\/\/api.w.org\/{rel}","templated":true}]}}