{"id":2802,"date":"2025-07-24T14:30:03","date_gmt":"2025-07-24T18:30:03","guid":{"rendered":"https:\/\/radiopoloniawinnipeg.com\/index.php\/2025\/07\/24\/sad-rozwaza-los-liderow-konwoju-wolnosci-z-2022-roku\/"},"modified":"2025-07-24T14:30:03","modified_gmt":"2025-07-24T18:30:03","slug":"sad-rozwaza-los-liderow-konwoju-wolnosci-z-2022-roku","status":"publish","type":"post","link":"https:\/\/radiopoloniawinnipeg.com\/index.php\/2025\/07\/24\/sad-rozwaza-los-liderow-konwoju-wolnosci-z-2022-roku\/","title":{"rendered":"S\u0105d rozwa\u017ca los lider\u00f3w \u201eKonwoju Wolno\u015bci\u201d z 2022 roku"},"content":{"rendered":"<div id=\"attachment_218565\" style=\"width: 646px\" class=\"wp-caption aligncenter\"><img decoding=\"async\" loading=\"lazy\" aria-describedby=\"caption-attachment-218565\" class=\"size-custom-full-size wp-image-218565\" src=\"https:\/\/bejsment.com\/wp-content\/uploads\/2025\/07\/aabarber-636x458.jpg\" alt=\"\" width=\"636\" height=\"458\" \/><\/p>\n<p id=\"caption-attachment-218565\" class=\"wp-caption-text\">Chris Barber<\/p>\n<\/div>\n<p><strong>W \u015brod\u0119 przed s\u0105dem w Ottawie obro\u0144czyni Chrisa Barbera \u2013 jednej z dw\u00f3ch kluczowych postaci tzw. \u201eKonwoju Wolno\u015bci\u201d \u2013 argumentowa\u0142a, \u017ce jej klient nie powinien mie\u0107 wpisu w rejestrze karnym. Prawniczka Diane Magas domaga si\u0119 pe\u0142nego umorzenia kary wi\u0119zienia lub \u2013 je\u015bli s\u0105d uzna to za konieczne \u2013 wyroku w zawieszeniu, kt\u00f3ry Barber m\u00f3g\u0142by odbywa\u0107 w swojej spo\u0142eczno\u015bci.<\/strong><\/p>\n<p>Barber od 3,5 roku przebywa na wolno\u015bci za kaucj\u0105 i \u2013 jak podkre\u015bli\u0142a Magas \u2013 nie dopu\u015bci\u0142 si\u0119 w tym czasie \u017cadnych incydent\u00f3w. Twierdzi, \u017ce jego udzia\u0142 w prote\u015bcie nie mia\u0142 na celu wyrz\u0105dzenia szk\u00f3d mieszka\u0144com Ottawy \u2013 te by\u0142y jedynie \u201eniefortunn\u0105 konsekwencj\u0105 wydarze\u0144\u201d.<\/p>\n<p>Prokuratura domaga si\u0119 jednak znacznie surowszego wymiaru kary: siedmiu lat wi\u0119zienia dla Tamary Lich i o\u015bmiu lat dla Barbera, kt\u00f3ry zosta\u0142 uznany r\u00f3wnie\u017c za winnego nak\u0142aniania innych do \u0142amania s\u0105dowego zakazu tr\u0105bienia. Lich nie by\u0142a oskar\u017cona o to przest\u0119pstwo.<\/p>\n<p>W kwietniu oboje zostali uznani za winnych wykrocze\u0144 zwi\u0105zanych z organizacj\u0105 protestu przeciwko obowi\u0105zkowi szczepie\u0144 i innym restrykcjom pandemicznym. Trwaj\u0105ca trzy tygodnie blokada centrum Ottawy zako\u0144czy\u0142a si\u0119 dopiero po og\u0142oszeniu stanu wyj\u0105tkowego przez rz\u0105d federalny \u2013 po raz pierwszy w historii Kanady \u2013 i przeprowadzeniu wielodniowej operacji policyjnej.<\/p>\n<div id=\"attachment_218564\" style=\"width: 646px\" class=\"wp-caption aligncenter\"><img decoding=\"async\" loading=\"lazy\" aria-describedby=\"caption-attachment-218564\" class=\"size-custom-full-size wp-image-218564\" src=\"https:\/\/bejsment.com\/wp-content\/uploads\/2025\/07\/aalichbarber2-636x450.jpg\" alt=\"\" width=\"636\" height=\"450\" \/><\/p>\n<p id=\"caption-attachment-218564\" class=\"wp-caption-text\">Chris Barber i Tamara Lich<\/p>\n<\/div>\n<p>S\u0119dzia Heather Perkins-McVey przyzna\u0142a, \u017ce kara nie jest \u0142atwa do wymierzenia, poniewa\u017c protest nie by\u0142 brutalny, ale nie mo\u017cna go te\u017c uzna\u0107 za w pe\u0142ni pokojowy.<\/p>\n<p>\u2013 Szkody wyrz\u0105dzone przez konw\u00f3j s\u0105 trudniejsze do oszacowania ni\u017c konkretna strata, jak wybite okno \u2013 zauwa\u017cy\u0142a.<\/p>\n<p>Wyst\u0119puj\u0105ca w imieniu Korony prokurator Siobhain Wetscher powiedzia\u0142a, \u017ce wniosek o surowe kary nie wynika z pogl\u0105d\u00f3w politycznych oskar\u017conych, lecz z ich dzia\u0142a\u0144 \u2013 uporczywego zach\u0119cania ludzi do udzia\u0142u w prote\u015bcie, mimo \u015bwiadomo\u015bci jego negatywnego wp\u0142ywu na mieszka\u0144c\u00f3w i przedsi\u0119biorc\u00f3w. Podkre\u015bli\u0142a, \u017ce cho\u0107 protest nie by\u0142 agresywny, nie by\u0142 te\u017c w pe\u0142ni pokojowy. Zacytowa\u0142a m.in. o\u015bwiadczenie jednego z pracownik\u00f3w ko\u015bcio\u0142a w centrum Ottawy, kt\u00f3ry przyzna\u0142, \u017ce do dzi\u015b reaguje niepokojem na widok ci\u0119\u017car\u00f3wek z kanadyjskimi flagami.<\/p>\n<p>Wetscher przypomnia\u0142a te\u017c, \u017ce koszt dzia\u0142a\u0144 policyjnych si\u0119gn\u0105\u0142 55 mln dolar\u00f3w, a miasto Ottawa oszacowa\u0142o w\u0142asne straty na ponad 7 mln. Cho\u0107 oskar\u017ceni nie odpowiadaj\u0105 za ca\u0142o\u015b\u0107 tych kwot, obrazuj\u0105 one skal\u0119 skutk\u00f3w protestu.<\/p>\n<p>Obrona por\u00f3wnywa\u0142a spraw\u0119 do protest\u00f3w podczas szczytu G20 w Toronto w 2010 roku, gdzie w jednym z przypadk\u00f3w osoba, kt\u00f3ra przyzna\u0142a si\u0119 do wybicia szyb w dw\u00f3ch radiowozach, otrzyma\u0142a sze\u015b\u0107 miesi\u0119cy wi\u0119zienia. S\u0119dzia Perkins-McVey zaznaczy\u0142a jednak, \u017ce protesty te mia\u0142y inny charakter \u2013 by\u0142y \u201ebardziej staro\u015bwieckimi wybrykami\u201d.<\/p>\n<p>Prokurator wskaza\u0142a tak\u017ce na wyrok Pata Kinga, innego organizatora \u201eKonwoju Wolno\u015bci\u201d, kt\u00f3ry w lutym zosta\u0142 skazany na trzy miesi\u0105ce aresztu domowego, 100 godzin prac spo\u0142ecznych oraz rok zawieszenia \u2013 mimo \u017ce prokuratura domaga\u0142a si\u0119 dla niego dziesi\u0119ciu lat wi\u0119zienia.<\/p>\n<p>Zar\u00f3wno Lich, jak i Barber zostali uniewinnieni z zarzut\u00f3w zastraszania, utrudniania pracy policji i nak\u0142aniania do takich dzia\u0142a\u0144. S\u0105d uzna\u0142, \u017ce nie nawo\u0142ywali do przemocy, a sami zostali aresztowani bez incydent\u00f3w.<\/p>\n<p>Stanowisko obro\u0144cy Tamary Lich zostanie przedstawione w czwartek.<\/p>\n<p style=\"text-align: right\"><em>Na podst. Canadian Press<\/em><\/p>\n","protected":false},"excerpt":{"rendered":"<p>Chris Barber W \u015brod\u0119 przed s\u0105dem w Ottawie obro\u0144czyni Chrisa Barbera \u2013 jednej z dw\u00f3ch kluczowych postaci tzw. \u201eKonwoju Wolno\u015bci\u201d \u2013 argumentowa\u0142a, \u017ce jej klient&hellip;<\/p>\n","protected":false},"author":3,"featured_media":2803,"comment_status":"open","ping_status":"open","sticky":false,"template":"","format":"standard","meta":{"footnotes":""},"categories":[12,18],"tags":[],"class_list":["post-2802","post","type-post","status-publish","format-standard","has-post-thumbnail","hentry","category-kanada","category-top-news"],"_links":{"self":[{"href":"https:\/\/radiopoloniawinnipeg.com\/index.php\/wp-json\/wp\/v2\/posts\/2802","targetHints":{"allow":["GET"]}}],"collection":[{"href":"https:\/\/radiopoloniawinnipeg.com\/index.php\/wp-json\/wp\/v2\/posts"}],"about":[{"href":"https:\/\/radiopoloniawinnipeg.com\/index.php\/wp-json\/wp\/v2\/types\/post"}],"author":[{"embeddable":true,"href":"https:\/\/radiopoloniawinnipeg.com\/index.php\/wp-json\/wp\/v2\/users\/3"}],"replies":[{"embeddable":true,"href":"https:\/\/radiopoloniawinnipeg.com\/index.php\/wp-json\/wp\/v2\/comments?post=2802"}],"version-history":[{"count":0,"href":"https:\/\/radiopoloniawinnipeg.com\/index.php\/wp-json\/wp\/v2\/posts\/2802\/revisions"}],"wp:featuredmedia":[{"embeddable":true,"href":"https:\/\/radiopoloniawinnipeg.com\/index.php\/wp-json\/wp\/v2\/media\/2803"}],"wp:attachment":[{"href":"https:\/\/radiopoloniawinnipeg.com\/index.php\/wp-json\/wp\/v2\/media?parent=2802"}],"wp:term":[{"taxonomy":"category","embeddable":true,"href":"https:\/\/radiopoloniawinnipeg.com\/index.php\/wp-json\/wp\/v2\/categories?post=2802"},{"taxonomy":"post_tag","embeddable":true,"href":"https:\/\/radiopoloniawinnipeg.com\/index.php\/wp-json\/wp\/v2\/tags?post=2802"}],"curies":[{"name":"wp","href":"https:\/\/api.w.org\/{rel}","templated":true}]}}