{"id":2808,"date":"2025-07-24T18:15:06","date_gmt":"2025-07-24T22:15:06","guid":{"rendered":"https:\/\/radiopoloniawinnipeg.com\/index.php\/2025\/07\/24\/zaprzysiezenie-rzadu-duda-polska-ma-stabilny-rzad\/"},"modified":"2025-07-24T18:15:06","modified_gmt":"2025-07-24T22:15:06","slug":"zaprzysiezenie-rzadu-duda-polska-ma-stabilny-rzad","status":"publish","type":"post","link":"https:\/\/radiopoloniawinnipeg.com\/index.php\/2025\/07\/24\/zaprzysiezenie-rzadu-duda-polska-ma-stabilny-rzad\/","title":{"rendered":"Zaprzysi\u0119\u017cenie rz\u0105du. Duda: Polska ma stabilny rz\u0105d"},"content":{"rendered":"<p><img decoding=\"async\" loading=\"lazy\" class=\"aligncenter size-custom-full-size wp-image-218648\" src=\"https:\/\/bejsment.com\/wp-content\/uploads\/2025\/07\/aazaprzysiezenie2-636x358.jpg\" alt=\"\" width=\"636\" height=\"358\" \/><\/p>\n<p><strong>W czwartek w Pa\u0142acu Prezydenckim prezydent Andrzej Duda \u2013 na wniosek premiera Donalda Tuska \u2013 dokona\u0142 zmian w sk\u0142adzie Rady Ministr\u00f3w.\u00a0<\/strong><\/p>\n<p>Nowymi cz\u0142onkami rz\u0105du zostali:<\/p>\n<ul>\n<li><strong>Marcin Kierwi\u0144ski<\/strong> \u2013 minister spraw wewn\u0119trznych i administracji<\/li>\n<li><strong>Marta Cienkowska<\/strong> \u2013 minister kultury i dziedzictwa narodowego<\/li>\n<li><strong>Waldemar \u017burek<\/strong> \u2013 minister sprawiedliwo\u015bci<\/li>\n<li><strong>Mi\u0142osz Motyka<\/strong> \u2013 minister energii<\/li>\n<li><strong>Jolanta Sobiera\u0144ska-Grenda<\/strong> \u2013 minister zdrowia<\/li>\n<li><strong>Jakub Rutnicki<\/strong> \u2013 minister sportu<\/li>\n<li><strong>Wojciech Balczun<\/strong> \u2013 minister aktyw\u00f3w pa\u0144stwowych<\/li>\n<li><strong>Stefan Krajewski<\/strong> \u2013 minister rolnictwa i rozwoju wsi<\/li>\n<\/ul>\n<p>Dodatkowo <strong>Rados\u0142aw Sikorski<\/strong>, dotychczasowy szef dyplomacji, obj\u0105\u0142 r\u00f3wnie\u017c funkcj\u0119 <strong>wicepremiera<\/strong>.<\/p>\n<p>\u2013 Dzi\u0119kuj\u0119 wszystkim tym, kt\u00f3rzy do tej pory realizowali swoje funkcje, kt\u00f3rzy odchodz\u0105 z rz\u0105du do innych zada\u0144. My\u015bl\u0119, \u017ce dzisiaj dla naszych rodak\u00f3w kwesti\u0105 absolutnie, fundamentalnie najwa\u017cniejsz\u0105 jest bezpiecze\u0144stwo. Bezpiecze\u0144stwo fizyczne. To, \u017ceby Polska by\u0142a stabilnie rz\u0105dzona, \u017ceby w Polsce by\u0142 porz\u0105dek. Nie mam \u017cadnych w\u0105tpliwo\u015bci, \u017ce wie to znakomicie pan premier. Mog\u0119 pa\u0144stwa zapewni\u0107, \u017ce wiem i rozumiem to tak\u017ce i ja. Dlatego dos\u0142ownie w ci\u0105gu trzech dni, gdy pan premier podj\u0105\u0142 decyzj\u0119 co do obsady poszczeg\u00f3lnych stanowisk rz\u0105dowych, jest ta uroczysto\u015b\u0107 i ciesz\u0119 si\u0119, \u017ce mo\u017cemy to dope\u0142ni\u0107, \u017ce mo\u017cemy te zmiany zrealizowa\u0107. W tym momencie ko\u0144cz\u0105 si\u0119 wszelkie spekulacje i Polska ma stabilny rz\u0105d, kt\u00f3ry dalej b\u0119dzie wykonywa\u0142 swoje zadania \u2013 powiedzia\u0142 prezydent Andrzej Duda na uroczysto\u015bci w Pa\u0142acu Prezydenckim.<\/p>\n<p>\u2013 Druga kwestia, o\u00a0kt\u00f3rej chcia\u0142em powiedzie\u0107, w\u0142a\u015bciwie bardziej ju\u017c osobi\u015bcie, ko\u0144cz\u0105c swoj\u0105 s\u0142u\u017cb\u0119 na\u00a0urz\u0119dzie prezydenta RP po\u00a0niemal 10 latach. Nie\u00a0wiem, czy\u00a0pa\u0144stwo sobie przypominacie moje wyst\u0105pienie po\u00a0wyborach, w\u00a0wyniku kt\u00f3rych stworzona zosta\u0142a obecna koalicja. Wtedy powiedzia\u0142em, \u017ce\u00a0rz\u0105dz\u0105cy zawsze musz\u0105 pami\u0119ta\u0107, \u017ce\u00a0s\u0105 poddawani ci\u0105g\u0142ej ocenie przez wsp\u00f3\u0142obywateli, i\u00a0\u017ce w\u00a0demokracji jest tak, \u017ce\u00a0w\u0142adza po\u00a0prostu mo\u017ce si\u0119 zmienia\u0107, bo\u00a0ludzie oceniaj\u0105 swoich przedstawicieli, sw\u00f3j rz\u0105d \u2013\u00a0kontynuowa\u0142.<\/p>\n<p>\u2013 Wi\u0119kszo\u015b\u0107 z\u00a0tych, kt\u00f3rzy wtedy na\u00a0sali mieli niezadowolone, oburzone miny, to\u00a0byli moi koledzy z\u00a0Prawa i\u00a0Sprawiedliwo\u015bci (&#8230;). Ale\u00a0tak naprawd\u0119 m\u00f3wi\u0142em to\u00a0do\u00a0wszystkich, m\u00f3wi\u0142em to\u00a0tak\u017ce z\u00a0w\u0142asnych do\u015bwiadcze\u0144 i\u00a0przekona\u0144 o\u00a0tym, jak powinna wygl\u0105da\u0107 demokracja. Chc\u0119, wr\u0119czaj\u0105c pa\u0144stwu te\u00a0nominacje, dzi\u0119kuj\u0105c za\u00a0dotychczasow\u0105 prac\u0119 i\u00a0\u017cycz\u0105c powodzenia w\u00a0realizacji misji, kt\u00f3rych pa\u0144stwo si\u0119 podj\u0119li\u015bcie, powiedzie\u0107 jedno (&#8230;). Niezwykle wa\u017cne jest bezpiecze\u0144stwo szerzej poj\u0119te, to\u00a0znaczy bezpiecze\u0144stwo \u017cyciowe. Tego ludzie, obok bezpiecze\u0144stwa fizycznego, oczekuj\u0105. \u017be\u00a0b\u0119d\u0105 mieli wygodne, w\u00a0miar\u0119 dobre i\u00a0spokojne \u017cycie, \u017ce\u00a0b\u0119d\u0105 mieli prac\u0119. (&#8230;) Prosz\u0119, sprawuj\u0105c swoje urz\u0119dy, mie\u0107 to\u00a0na wzgl\u0119dzie \u2013\u00a0zwr\u00f3ci\u0142 si\u0119 do\u00a0nowych ministr\u00f3w prezydent.<\/p>\n<p style=\"text-align: right\"><em>Na podst. i.Pl<\/em><\/p>\n","protected":false},"excerpt":{"rendered":"<p>W czwartek w Pa\u0142acu Prezydenckim prezydent Andrzej Duda \u2013 na wniosek premiera Donalda Tuska \u2013 dokona\u0142 zmian w sk\u0142adzie Rady Ministr\u00f3w.\u00a0 Nowymi cz\u0142onkami rz\u0105du zostali:&hellip;<\/p>\n","protected":false},"author":3,"featured_media":2809,"comment_status":"open","ping_status":"open","sticky":false,"template":"","format":"standard","meta":{"footnotes":""},"categories":[14,18],"tags":[],"class_list":["post-2808","post","type-post","status-publish","format-standard","has-post-thumbnail","hentry","category-polska","category-top-news"],"_links":{"self":[{"href":"https:\/\/radiopoloniawinnipeg.com\/index.php\/wp-json\/wp\/v2\/posts\/2808","targetHints":{"allow":["GET"]}}],"collection":[{"href":"https:\/\/radiopoloniawinnipeg.com\/index.php\/wp-json\/wp\/v2\/posts"}],"about":[{"href":"https:\/\/radiopoloniawinnipeg.com\/index.php\/wp-json\/wp\/v2\/types\/post"}],"author":[{"embeddable":true,"href":"https:\/\/radiopoloniawinnipeg.com\/index.php\/wp-json\/wp\/v2\/users\/3"}],"replies":[{"embeddable":true,"href":"https:\/\/radiopoloniawinnipeg.com\/index.php\/wp-json\/wp\/v2\/comments?post=2808"}],"version-history":[{"count":0,"href":"https:\/\/radiopoloniawinnipeg.com\/index.php\/wp-json\/wp\/v2\/posts\/2808\/revisions"}],"wp:featuredmedia":[{"embeddable":true,"href":"https:\/\/radiopoloniawinnipeg.com\/index.php\/wp-json\/wp\/v2\/media\/2809"}],"wp:attachment":[{"href":"https:\/\/radiopoloniawinnipeg.com\/index.php\/wp-json\/wp\/v2\/media?parent=2808"}],"wp:term":[{"taxonomy":"category","embeddable":true,"href":"https:\/\/radiopoloniawinnipeg.com\/index.php\/wp-json\/wp\/v2\/categories?post=2808"},{"taxonomy":"post_tag","embeddable":true,"href":"https:\/\/radiopoloniawinnipeg.com\/index.php\/wp-json\/wp\/v2\/tags?post=2808"}],"curies":[{"name":"wp","href":"https:\/\/api.w.org\/{rel}","templated":true}]}}